{"id":37734,"date":"2025-12-02T17:03:28","date_gmt":"2025-12-02T17:03:28","guid":{"rendered":"https:\/\/conakrynews.org\/?p=37734"},"modified":"2025-12-02T17:03:28","modified_gmt":"2025-12-02T17:03:28","slug":"incendie-a-lecole-elhadj-oumar-tall-de-madina-centre-le-gouvernement-au-chevet-des-victimes","status":"publish","type":"post","link":"https:\/\/conakrynews.org\/index.php\/incendie-a-lecole-elhadj-oumar-tall-de-madina-centre-le-gouvernement-au-chevet-des-victimes\/","title":{"rendered":"Incendie \u00e0 l\u2019\u00e9cole Elhadj Oumar Tall de Madina Centre: le gouvernement au chevet des victimes"},"content":{"rendered":"<div><\/div>\n<div class=\"clear\">Ce lundi 1er d\u00e9cembre 2025, aux environs de 16 heures, un incendie d\u2019origine encore inconnue s\u2019est d\u00e9clar\u00e9 \u00e0 l\u2019\u00e9cole Elhadj Oumar Tall, situ\u00e9e \u00e0 Madina Centre, dans la commune de Matam. Gr\u00e2ce \u00e0 la r\u00e9action rapide des voisins et \u00e0 l\u2019intervention des sapeurs-pompiers, le feu a \u00e9t\u00e9 ma\u00eetris\u00e9 et une vingtaine d\u2019enfants, qui \u00e9taient en pleine s\u00e9ance de r\u00e9vision, ont pu \u00eatre sauv\u00e9s.<\/div>\n<div class=\"entry\">\n<div class=\"html-div xdj266r x14z9mp xat24cr x1lziwak xexx8yu xyri2b x18d9i69 x1c1uobl\">\n<div class=\"html-div xdj266r x14z9mp xat24cr x1lziwak xexx8yu xyri2b x18d9i69 x1c1uobl\" dir=\"auto\">\n<div class=\"html-div xdj266r x14z9mp xat24cr x1lziwak xexx8yu xyri2b x18d9i69 x1c1uobl\" data-ad-rendering-role=\"story_message\">\n<div id=\"_r_7oc_\" class=\"x1l90r2v x1iorvi4 x1g0dm76 xpdmqnj\" data-ad-comet-preview=\"message\" data-ad-preview=\"message\">\n<div class=\"x78zum5 xdt5ytf xz62fqu x16ldp7u\">\n<div class=\"xu06os2 x1ok221b\">\n<div class=\"html-div xdj266r x14z9mp xat24cr x1lziwak xexx8yu xyri2b x18d9i69 x1c1uobl\">\n<div class=\"x14z9mp xat24cr x1lziwak x1vvkbs xtlvy1s x126k92a\">\n<div dir=\"auto\">Les enfants ont imm\u00e9diatement \u00e9t\u00e9 \u00e9vacu\u00e9s vers les structures sanitaires les plus proches \u2014 Donka, Ignace Deen, le dispensaire de Madina et le centre de sant\u00e9 de Matam \u2014 pour des soins intensifs. La prise en charge m\u00e9dicale est enti\u00e8rement assur\u00e9e par le gouvernement, sous la coordination du ministre de la Sant\u00e9, Dr Oumar Djiou\u00e9 Bah.<\/div>\n<\/div>\n<div class=\"x14z9mp xat24cr x1lziwak x1vvkbs xtlvy1s x126k92a\">\n<div dir=\"auto\">Inform\u00e9 de la situation, le ministre de l\u2019Enseignement Pr\u00e9-Universitaire et de l\u2019Alphab\u00e9tisation, Jean Paul CEDY, s\u2019est rendu sur les lieux en compagnie de son secr\u00e9taire g\u00e9n\u00e9ral, Dr Youssouf Boundou Sylla, de la directrice communale de l\u2019\u00e9ducation de Matam, Madame Mariama Cond\u00e9 et de plusieurs responsables du secteur. Il a \u00e9chang\u00e9 avec la direction de l\u2019\u00e9cole afin d\u2019\u00e9valuer les d\u00e9g\u00e2ts et d\u2019orienter les premi\u00e8res mesures \u00e0 prendre.<\/div>\n<\/div>\n<div class=\"x14z9mp xat24cr x1lziwak x1vvkbs xtlvy1s x126k92a\">\n<div dir=\"auto\">La d\u00e9l\u00e9gation s\u2019est ensuite rendue successivement \u00e0 l\u2019h\u00f4pital Ignace Deen puis \u00e0 l\u2019h\u00f4pital Donka pour s\u2019enqu\u00e9rir de l\u2019\u00e9tat de sant\u00e9 des enfants victimes. Selon les m\u00e9decins, leur \u00e9tat s\u2019am\u00e9liore progressivement, et certains ont d\u00e9j\u00e0 pu regagner leurs familles.<\/div>\n<\/div>\n<div class=\"x14z9mp xat24cr x1lziwak x1vvkbs xtlvy1s x126k92a\">\n<div dir=\"auto\">Aux parents d\u2019\u00e9l\u00e8ves rencontr\u00e9s sur place, le ministre a adress\u00e9 des messages de r\u00e9confort ainsi que des conseils relatifs \u00e0 la poursuite de la scolarit\u00e9 de leurs enfants. C\u2019est aux environs de 22 heures qu\u2019il a quitt\u00e9 les lieux apr\u00e8s s\u2019\u00eatre assur\u00e9 de la bonne prise en charge des jeunes victimes.<\/div>\n<\/div>\n<\/div>\n<\/div>\n<\/div>\n<\/div>\n<\/div>\n<\/div>\n<div id=\"_r_7od_\" class=\"html-div xdj266r x14z9mp xat24cr x1lziwak xexx8yu xyri2b x18d9i69 x1c1uobl x1n2onr6\">\n<div class=\"html-div xdj266r x14z9mp xat24cr x1lziwak xexx8yu xyri2b x18d9i69 x1c1uobl x1n2onr6\">\n<div class=\"html-div xdj266r x14z9mp xat24cr x1lziwak xexx8yu xyri2b x18d9i69 x1c1uobl\">\n<div class=\"x1n2onr6\">\n<div class=\"x1n2onr6\">\n<div class=\"x6ikm8r x10wlt62 x10l6tqk\"><\/div>\n<div class=\"x6ikm8r x10wlt62 x10l6tqk\"><\/div>\n<div class=\"x6ikm8r x10wlt62 x10l6tqk\"><strong>Avec CCG<\/strong><\/div>\n<\/div>\n<\/div>\n<\/div>\n<\/div>\n<\/div>\n<\/div>\n<\/div>\n<div class=\"share-post\">\n<p>&nbsp;<\/p>\n<\/div>\n","protected":false},"excerpt":{"rendered":"<p>Ce lundi 1er d\u00e9cembre 2025, aux environs de 16 heures, un incendie d\u2019origine encore inconnue s\u2019est d\u00e9clar\u00e9 \u00e0 l\u2019\u00e9cole Elhadj Oumar Tall, situ\u00e9e \u00e0 Madina Centre, dans la commune de Matam. Gr\u00e2ce \u00e0 la r\u00e9action rapide des voisins et \u00e0 l\u2019intervention des sapeurs-pompiers, le feu a \u00e9t\u00e9 ma\u00eetris\u00e9 et une vingtaine d\u2019enfants, qui \u00e9taient en [&hellip;]<\/p>\n","protected":false},"author":2,"featured_media":37735,"comment_status":"closed","ping_status":"closed","sticky":false,"template":"","format":"standard","meta":{"footnotes":""},"categories":[58],"tags":[],"class_list":{"0":"post-37734","1":"post","2":"type-post","3":"status-publish","4":"format-standard","5":"has-post-thumbnail","7":"category-societe"},"_links":{"self":[{"href":"https:\/\/conakrynews.org\/index.php\/wp-json\/wp\/v2\/posts\/37734","targetHints":{"allow":["GET"]}}],"collection":[{"href":"https:\/\/conakrynews.org\/index.php\/wp-json\/wp\/v2\/posts"}],"about":[{"href":"https:\/\/conakrynews.org\/index.php\/wp-json\/wp\/v2\/types\/post"}],"author":[{"embeddable":true,"href":"https:\/\/conakrynews.org\/index.php\/wp-json\/wp\/v2\/users\/2"}],"replies":[{"embeddable":true,"href":"https:\/\/conakrynews.org\/index.php\/wp-json\/wp\/v2\/comments?post=37734"}],"version-history":[{"count":0,"href":"https:\/\/conakrynews.org\/index.php\/wp-json\/wp\/v2\/posts\/37734\/revisions"}],"wp:featuredmedia":[{"embeddable":true,"href":"https:\/\/conakrynews.org\/index.php\/wp-json\/wp\/v2\/media\/37735"}],"wp:attachment":[{"href":"https:\/\/conakrynews.org\/index.php\/wp-json\/wp\/v2\/media?parent=37734"}],"wp:term":[{"taxonomy":"category","embeddable":true,"href":"https:\/\/conakrynews.org\/index.php\/wp-json\/wp\/v2\/categories?post=37734"},{"taxonomy":"post_tag","embeddable":true,"href":"https:\/\/conakrynews.org\/index.php\/wp-json\/wp\/v2\/tags?post=37734"}],"curies":[{"name":"wp","href":"https:\/\/api.w.org\/{rel}","templated":true}]}}