{"id":37738,"date":"2025-12-02T17:44:42","date_gmt":"2025-12-02T17:44:42","guid":{"rendered":"https:\/\/conakrynews.org\/?p=37738"},"modified":"2025-12-02T17:44:42","modified_gmt":"2025-12-02T17:44:42","slug":"le-premier-ministre-felicite-lequipe-scolaire-u15-qualifiee-pour-la-coupe-dafrique","status":"publish","type":"post","link":"https:\/\/conakrynews.org\/index.php\/le-premier-ministre-felicite-lequipe-scolaire-u15-qualifiee-pour-la-coupe-dafrique\/","title":{"rendered":"Le premier ministre f\u00e9licite l\u2019\u00e9quipe scolaire u15 qualifi\u00e9e pour la coupe d\u2019Afrique"},"content":{"rendered":"<div class=\"clear\">Le Premier ministre, Chef du Gouvernement, a re\u00e7u \u00e0 la Primature l\u2019\u00e9quipe nationale scolaire U15 de Guin\u00e9e, de retour de Gambie apr\u00e8s leur qualification pour la Coupe d\u2019Afrique scolaire.<\/div>\n<div class=\"entry\">\n<p>Accueillant les jeunes athl\u00e8tes accompagn\u00e9s par le ministre des Sports ainsi que leurs encadreurs, le Premier ministre a salu\u00e9 \u00ab une performance qui honore la Nation et refl\u00e8te le potentiel de notre jeunesse \u00bb<\/p>\n<p>Le Chef du Gouvernement a f\u00e9licit\u00e9 les \u00e9quipes masculine et f\u00e9minine, rappelant que la Guin\u00e9e a obtenu une m\u00e9daille d\u2019or chez les filles et une m\u00e9daille d\u2019argent chez les gar\u00e7ons. Il a \u00e9galement rendu hommage au Pr\u00e9sident de la R\u00e9publique pour son engagement en faveur du sport scolaire, et soulign\u00e9 la n\u00e9cessit\u00e9 d\u2019investir dans les infrastructures, la formation des encadreurs et l\u2019\u00e9ducation physique afin de garantir un environnement propice au d\u00e9veloppement sportif et intellectuel des \u00e9l\u00e8ves.<\/p>\n<p>Le Chef du Gouvernement a remis les distinctions aux meilleurs joueurs avant de recevoir, \u00e0 son tour, la m\u00e9daille d\u2019or remport\u00e9e par l\u2019\u00e9quipe f\u00e9minine. Il a encourag\u00e9 les jeunes athl\u00e8tes \u00e0 poursuivre leurs efforts, \u00e0 rester disciplin\u00e9s et \u00e0 viser toujours plus haut, affirmant que leurs performances contribuent au rayonnement sportif et \u00e0 l\u2019image de la Guin\u00e9e.<\/p>\n<p>&nbsp;<\/p>\n<p><strong>Avec CCG<\/strong><\/p>\n<\/div>\n","protected":false},"excerpt":{"rendered":"<p>Le Premier ministre, Chef du Gouvernement, a re\u00e7u \u00e0 la Primature l\u2019\u00e9quipe nationale scolaire U15 de Guin\u00e9e, de retour de Gambie apr\u00e8s leur qualification pour la Coupe d\u2019Afrique scolaire. Accueillant les jeunes athl\u00e8tes accompagn\u00e9s par le ministre des Sports ainsi que leurs encadreurs, le Premier ministre a salu\u00e9 \u00ab une performance qui honore la Nation [&hellip;]<\/p>\n","protected":false},"author":2,"featured_media":37739,"comment_status":"closed","ping_status":"closed","sticky":false,"template":"","format":"standard","meta":{"footnotes":""},"categories":[64],"tags":[],"class_list":{"0":"post-37738","1":"post","2":"type-post","3":"status-publish","4":"format-standard","5":"has-post-thumbnail","7":"category-sport"},"_links":{"self":[{"href":"https:\/\/conakrynews.org\/index.php\/wp-json\/wp\/v2\/posts\/37738","targetHints":{"allow":["GET"]}}],"collection":[{"href":"https:\/\/conakrynews.org\/index.php\/wp-json\/wp\/v2\/posts"}],"about":[{"href":"https:\/\/conakrynews.org\/index.php\/wp-json\/wp\/v2\/types\/post"}],"author":[{"embeddable":true,"href":"https:\/\/conakrynews.org\/index.php\/wp-json\/wp\/v2\/users\/2"}],"replies":[{"embeddable":true,"href":"https:\/\/conakrynews.org\/index.php\/wp-json\/wp\/v2\/comments?post=37738"}],"version-history":[{"count":0,"href":"https:\/\/conakrynews.org\/index.php\/wp-json\/wp\/v2\/posts\/37738\/revisions"}],"wp:featuredmedia":[{"embeddable":true,"href":"https:\/\/conakrynews.org\/index.php\/wp-json\/wp\/v2\/media\/37739"}],"wp:attachment":[{"href":"https:\/\/conakrynews.org\/index.php\/wp-json\/wp\/v2\/media?parent=37738"}],"wp:term":[{"taxonomy":"category","embeddable":true,"href":"https:\/\/conakrynews.org\/index.php\/wp-json\/wp\/v2\/categories?post=37738"},{"taxonomy":"post_tag","embeddable":true,"href":"https:\/\/conakrynews.org\/index.php\/wp-json\/wp\/v2\/tags?post=37738"}],"curies":[{"name":"wp","href":"https:\/\/api.w.org\/{rel}","templated":true}]}}