{"id":37835,"date":"2025-12-07T09:40:10","date_gmt":"2025-12-07T09:40:10","guid":{"rendered":"https:\/\/conakrynews.org\/?p=37835"},"modified":"2025-12-07T09:40:10","modified_gmt":"2025-12-07T09:40:10","slug":"tentative-de-coup-detat-au-benin-larmee-dit-avoir-repris-le-controle","status":"publish","type":"post","link":"https:\/\/conakrynews.org\/index.php\/tentative-de-coup-detat-au-benin-larmee-dit-avoir-repris-le-controle\/","title":{"rendered":"Tentative de coup d\u2019\u00c9tat au B\u00e9nin, l\u2019arm\u00e9e dit avoir repris le contr\u00f4le"},"content":{"rendered":"<div class=\"clear\">Une tentative de coup d\u2019\u00c9tat est en cours au B\u00e9nin, selon les informations de France 24. Des militaires ont annonc\u00e9 \u00e0 la t\u00e9l\u00e9vision publique \u00ab d\u00e9mettre de ses fonctions \u00bb le pr\u00e9sident Talon. L\u2019arm\u00e9e a annonc\u00e9 avoir repris le contr\u00f4le de la situation et avoir mis le pr\u00e9sident en s\u00e9curit\u00e9.<\/div>\n<div class=\"entry\">\n<p>Situation confuse au\u00a0<a class=\"gtm-add-suggested-tag\" href=\"https:\/\/www.france24.com\/fr\/tag\/b%C3%A9nin\/\" target=\"_self\" rel=\"noopener noreferrer\">B\u00e9nin<\/a>. Une tentative de coup d\u2019\u00c9tat y est en cours\u00a0depuis l\u2019aube, selon les informations de France\u00a024.\u00a0La maison du pr\u00e9sident\u00a0<a class=\"gtm-add-suggested-tag\" href=\"https:\/\/www.france24.com\/fr\/tag\/patrice-talon\/\" target=\"_self\" rel=\"noopener noreferrer\">Patrice Talon<\/a>, situ\u00e9e dans le quartier le Gu\u00e9zo, \u00e0 Cotonou, a \u00e9t\u00e9 attaqu\u00e9e dimanche 7\u00a0d\u00e9cembre.<\/p>\n<p>L\u2019arm\u00e9e a plus tard annonc\u00e9 avoir repris le contr\u00f4le et mis le pr\u00e9sident Patrice Talon en s\u00e9curit\u00e9.<\/p>\n<p>\u00ab\u00a0Il s\u2019agit d\u2019un groupuscule de personnes qui ont uniquement la t\u00e9l\u00e9vision. L\u2019arm\u00e9e r\u00e9guli\u00e8re reprend le contr\u00f4le. La ville (Cotonou, la capitale) et le pays sont totalement s\u00e9curis\u00e9s, le pr\u00e9sident et sa famille aussi\u00a0\u00bb, a dit \u00e0 l\u2019AFP une source militaire dans l\u2019entourage de Patrice Talon.<\/p>\n<p>Les faits se sont d\u00e9roul\u00e9s t\u00f4t, dimanche matin. Les militaires conduits par le lieutenant-colonel Pascal Tigri ont pris la t\u00e9l\u00e9vision publique et\u00a0annonc\u00e9 \u00e0 la t\u00e9l\u00e9vision \u00ab\u00a0d\u00e9mettre de ses fonctions\u00a0\u00bb le pr\u00e9sident Talon. Le lieutenant-colonel Pascal Tigri s\u2019est d\u00e9clar\u00e9 pr\u00e9sident du Comit\u00e9 militaire pour la refondation (CMR).<\/p>\n<div class=\"o-ad-container o-ad-container--inread o-ad-container--with-shimmer\" data-tms-ad-status=\"idle\" data-tms-ad-container=\"\">\n<div class=\"o-ad-container__content o-ad-container__content--report-enabled\">\n<div class=\"m-inread-ad\" data-tms-ad-type=\"inread\" data-tms-ad-status=\"resized\" data-tms-ad-owner=\"fmm\" data-tms-ad-pos=\"1\" data-tms-ad-provider=\"gam\" data-tms-ad-inread-provider=\"teads\">\n<div id=\"tms-block-7059453895712616\" class=\"m-inread-ad__content\">\n<div class=\"teads\"><\/div>\n<\/div>\n<\/div>\n<\/div>\n<\/div>\n<p>L\u2019ambassade de France au B\u00e9nin appelle les ressortissants \u00e0 la prudence.<\/p>\n<p><strong>Avec AFP<\/strong><\/p>\n<\/div>\n","protected":false},"excerpt":{"rendered":"<p>Une tentative de coup d\u2019\u00c9tat est en cours au B\u00e9nin, selon les informations de France 24. Des militaires ont annonc\u00e9 \u00e0 la t\u00e9l\u00e9vision publique \u00ab d\u00e9mettre de ses fonctions \u00bb le pr\u00e9sident Talon. L\u2019arm\u00e9e a annonc\u00e9 avoir repris le contr\u00f4le de la situation et avoir mis le pr\u00e9sident en s\u00e9curit\u00e9. Situation confuse au\u00a0B\u00e9nin. Une tentative [&hellip;]<\/p>\n","protected":false},"author":2,"featured_media":37836,"comment_status":"closed","ping_status":"closed","sticky":false,"template":"","format":"standard","meta":{"footnotes":""},"categories":[57],"tags":[],"class_list":{"0":"post-37835","1":"post","2":"type-post","3":"status-publish","4":"format-standard","5":"has-post-thumbnail","7":"category-politique"},"_links":{"self":[{"href":"https:\/\/conakrynews.org\/index.php\/wp-json\/wp\/v2\/posts\/37835","targetHints":{"allow":["GET"]}}],"collection":[{"href":"https:\/\/conakrynews.org\/index.php\/wp-json\/wp\/v2\/posts"}],"about":[{"href":"https:\/\/conakrynews.org\/index.php\/wp-json\/wp\/v2\/types\/post"}],"author":[{"embeddable":true,"href":"https:\/\/conakrynews.org\/index.php\/wp-json\/wp\/v2\/users\/2"}],"replies":[{"embeddable":true,"href":"https:\/\/conakrynews.org\/index.php\/wp-json\/wp\/v2\/comments?post=37835"}],"version-history":[{"count":0,"href":"https:\/\/conakrynews.org\/index.php\/wp-json\/wp\/v2\/posts\/37835\/revisions"}],"wp:featuredmedia":[{"embeddable":true,"href":"https:\/\/conakrynews.org\/index.php\/wp-json\/wp\/v2\/media\/37836"}],"wp:attachment":[{"href":"https:\/\/conakrynews.org\/index.php\/wp-json\/wp\/v2\/media?parent=37835"}],"wp:term":[{"taxonomy":"category","embeddable":true,"href":"https:\/\/conakrynews.org\/index.php\/wp-json\/wp\/v2\/categories?post=37835"},{"taxonomy":"post_tag","embeddable":true,"href":"https:\/\/conakrynews.org\/index.php\/wp-json\/wp\/v2\/tags?post=37835"}],"curies":[{"name":"wp","href":"https:\/\/api.w.org\/{rel}","templated":true}]}}