{"id":37839,"date":"2025-12-07T23:10:07","date_gmt":"2025-12-07T23:10:07","guid":{"rendered":"https:\/\/conakrynews.org\/?p=37839"},"modified":"2025-12-07T23:10:07","modified_gmt":"2025-12-07T23:10:07","slug":"benin-la-situation-est-sous-controle-assure-le-president-talon-apres-la-tentative-de-coup-detat","status":"publish","type":"post","link":"https:\/\/conakrynews.org\/index.php\/benin-la-situation-est-sous-controle-assure-le-president-talon-apres-la-tentative-de-coup-detat\/","title":{"rendered":"B\u00e9nin: \u00abla situation est sous contr\u00f4le\u00bb, assure le pr\u00e9sident Talon apr\u00e8s la tentative de coup d\u2019\u00c9tat"},"content":{"rendered":"<div><\/div>\n<div class=\"clear\">Au B\u00e9nin, apr\u00e8s l\u2019annonce de militaires l\u2019ayant \u00ab<em>\u00a0d\u00e9mis de ses fonctions<\/em>\u00a0\u00bb, le pr\u00e9sident Patrice Talon s\u2019est exprim\u00e9 dimanche 7\u00a0d\u00e9cembre 2025 \u00e0 la t\u00e9l\u00e9vision nationale.\u00a0Il a indiqu\u00e9 que \u00ab<em>cette forfaiture ne restera pas impunie\u00a0<\/em>\u00bb\u00a0et que la \u00ab\u00a0<em>situation est sous contr\u00f4le<\/em>\u00a0\u00bb. T\u00f4t ce matin, des mutins se sont dirig\u00e9s vers son domicile et le palais pr\u00e9sidentiel. Des tirs ont \u00e9t\u00e9 entendus, une douzaine de militaires ont \u00e9t\u00e9 arr\u00eat\u00e9s d\u2019apr\u00e8s des sources s\u00e9curitaires. La C\u00e9d\u00e9ao annonce d\u00e9ployer des soldats de la Force en attente apr\u00e8s cette tentative de coup d\u2019\u00c9tat.<\/div>\n<div class=\"entry\">\n<p>Le pr\u00e9sident b\u00e9ninois Patrice Talon est apparu dimanche soir \u00e0 la t\u00e9l\u00e9vision nationale pour prononcer l\u2019\u00e9chec d\u2019un coup d\u2019\u00c9tat. \u00ab\u00a0<em>Je voudrais vous rassurer que la situation est totalement sous contr\u00f4le et vous inviter par cons\u00e9quent \u00e0 vaquer sereinement \u00e0 vos occupations d\u00e8s ce soir m\u00eame\u00a0<\/em>\u00bb, a-t-il dit. \u00ab\u00a0<em>Cette forfaiture ne restera pas impunie<\/em>\u00a0\u00bb, a-t-il ajout\u00e9.<\/p>\n<h2>La C\u00e9d\u00e9ao d\u00e9ploie des militaires<\/h2>\n<p>La Communaut\u00e9 \u00e9conomique des \u00c9tats de l\u2019Afrique de l\u2019ouest (<a href=\"https:\/\/www.rfi.fr\/fr\/tag\/c%C3%A9d%C3%A9ao\/\" target=\"_self\" rel=\"noopener noreferrer\">Cedeao<\/a>) a annonc\u00e9 dimanche soir d\u00e9ployer des soldats au B\u00e9nin apr\u00e8s une tentative de putsch d\u00e9jou\u00e9e par les autorit\u00e9s plus t\u00f4t dans la journ\u00e9e. Dans un communiqu\u00e9, l\u2019organisme r\u00e9gional dit avoir \u00ab\u00a0<em>ordonn\u00e9 le d\u00e9ploiement imm\u00e9diat d\u2019\u00e9l\u00e9ments de la Force en attente<\/em>\u00a0\u00bb, des troupes venant du Nigeria, de Sierra Leone, de C\u00f4te d\u2019Ivoire et du Ghana, afin de soutenir \u00ab<em>\u00a0le gouvernement et l\u2019arm\u00e9e r\u00e9publicaine du B\u00e9nin<\/em>\u00bb et \u00ab\u00a0<em>pr\u00e9server l\u2019ordre constitutionnel\u00a0<\/em>\u00bb.<\/p>\n<div class=\"tms-ad m-inread-ad\" data-tms-ad-type=\"inread\" data-tms-ad-provider=\"gam\" data-tms-ad-owner=\"fmm\" data-tms-ad-pos=\"1\" data-tms-ad-status=\"resized\" data-tms-ad-inread-provider=\"invibes\">\n<div id=\"tms-block-861338456597388\" class=\"m-inread-ad__content\" data-google-query-id=\"CJW45-OxrJEDFZT6DQkdeQEHMQ\">\n<div class=\"invibes\">\n<div id=\"divIvbsInfeed\" class=\"divVideoStep\">\n<div><\/div>\n<\/div>\n<\/div>\n<div id=\"google_ads_iframe_\/33480810\/web\/rfi\/fr\/article\/inread_0__container__\"><\/div>\n<\/div>\n<div class=\"m-inread-ad__report m-inread-ad__report--report-enabled\"><\/div>\n<\/div>\n<p>Par ailleurs, la\u00a0<strong><a href=\"https:\/\/www.rfi.fr\/fr\/tag\/france\/\" target=\"_self\" rel=\"noopener noreferrer\">France<\/a><\/strong><strong>\u00a0<\/strong>d\u00e9ment les all\u00e9gations qui ont circul\u00e9 selon lesquelles des autorit\u00e9s b\u00e9ninoises auraient trouv\u00e9 refuge \u00e0 l\u2019ambassade de France \u00e0 Cotonou. \u00ab\u00a0<em>Rien de tout cela n\u2019est vrai<\/em>\u00a0\u00bb, explique le Quai d\u2019Orsay, qui affirme suivre \u00ab<em>\u00a0la situation au B\u00e9nin avec attention<\/em>\u00a0\u00bb.<\/p>\n<p>L\u2019<strong><a href=\"https:\/\/www.rfi.fr\/fr\/tag\/union-africaine\/\" target=\"_self\" rel=\"noopener noreferrer\">Union africaine<\/a><\/strong>\u00a0(UA) a quant \u00e0 elle affirm\u00e9 condamner \u00ab<em>\u00a0fermement et sans \u00e9quivoque\u00a0<\/em>\u00bb la tentative de coup d\u2019\u00c9tat contre le pr\u00e9sident Patrice Talon et a appel\u00e9 les militaires \u00e0 rentrer dans leurs casernes.\u00a0Le pr\u00e9sident de la Commission de l\u2019UA, Mahamoud Ali Youssouf, a \u00e9galement exhort\u00e9, dans un communiqu\u00e9 publi\u00e9 sur X, \u00ab\u00a0<em>tous les acteurs impliqu\u00e9s dans la tentative de coup d\u2019\u00c9tat \u00e0 cesser imm\u00e9diatement toutes actions ill\u00e9gales\u00a0<\/em>\u00bb et \u00e0 \u00ab\u00a0<em>retourner sans attendre \u00e0 leurs obligations professionnelles<\/em>\u00a0\u00bb.<\/p>\n<h2>De fortes d\u00e9tonations dans plusieurs quartiers<\/h2>\n<p>T\u00f4t ce matin, une douzaine de militaires ont \u00e9t\u00e9 arr\u00eat\u00e9s.\u00a0Les mutins proviennent principalement de la Garde nationale, du moins ceux identifi\u00e9s \u00e0 la t\u00e9l\u00e9vision, estime notre correspondant \u00e0 Cotonou,\u00a0<strong>Jean-Luc Aplogan<\/strong>. Ils se sont retranch\u00e9s dans un camp militaire \u00e0 Togbin, en p\u00e9riph\u00e9rie de Cotonou. Un officier sup\u00e9rieur a confi\u00e9 que le camp aurait \u00e9t\u00e9 repris apr\u00e8s plusieurs frappes cibl\u00e9es. Des informations qui restent, \u00e0 ce stade, en attente de confirmation officielle.<\/p>\n<p>Les mutins avaient formul\u00e9 des revendications \u00e0 la fois politiques, sociales et militaires. Ils d\u00e9non\u00e7aient notamment la d\u00e9gradation persistante de la situation s\u00e9curitaire dans le nord du pays et l\u2019abandon, selon eux, de leurs fr\u00e8res d\u2019armes tomb\u00e9s au front.<\/p>\n<p>Ce matin, des tirs ont \u00e9t\u00e9 entendus pr\u00e8s dans la zone du port et de la pr\u00e9sidence. Une habitante raconte sa surprise : \u00ab\u00a0<em>Ma petite fille disait :\u00a0<\/em>\u201cOh maman, on dirait que la foudre tombe.\u201d\u00a0<em>Je lui ai r\u00e9pondu :\u00a0<\/em>\u201cNon, ce n\u2019est pas la foudre, on dirait des tirs.\u201d\u00a0<em>Alors on s\u2019est couch\u00e9es. Et puis bon, \u00e7a n\u2019a pas dur\u00e9 longtemps, cinq ou dix minutes<\/em>\u00a0\u00bb.<\/p>\n<p>Dans la journ\u00e9e, le signal de la cha\u00eene publique B\u00e9nin TV a bri\u00e8vement cess\u00e9 de fonctionner avant de reprendre. Le ministre de l\u2019Int\u00e9rieur b\u00e9ninois, Alassane Seidou, avait ensuite invit\u00e9 \u00ab\u00a0<em>les populations \u00e0 vaquer normalement \u00e0 leurs occupations\u00a0<\/em>\u00bb.<\/p>\n<p>En fin d\u2019apr\u00e8s-midi, de tr\u00e8s fortes d\u00e9tonations ont \u00e9t\u00e9 entendues pendant de longues minutes dans les quartiers de Fidjross\u00e8 et de Togbin.<\/p>\n<h2>De nombreuses questions encore sans r\u00e9ponse<\/h2>\n<p>Cette tentative de putsch, d\u00e9jou\u00e9e selon les autorit\u00e9s, intervient \u00e0 quatre mois de l\u2019\u00e9lection pr\u00e9sidentielle, \u00e0 laquelle Patrice Talon ne se repr\u00e9sente pas. \u00c0 Cotonou, l\u2019\u00e9v\u00e9nement semble avoir pris tout le monde de court. Ce soir, de nombreuses interrogations demeurent. Pourquoi maintenant, \u00e0 quelques mois d\u2019une pr\u00e9sidentielle ouverte ?<\/p>\n<p>Selon des sources proches du dossier, les mutins nourrissaient des griefs politiques contre le pouvoir en place, critiquant notamment une gouvernance qu\u2019ils jugent excluante et qui pousse \u00e0 l\u2019exil. Reste aussi la question des \u00e9ventuels commanditaires de cette tentative de coup d\u2019\u00c9tat.<\/p>\n<p>&nbsp;<\/p>\n<p><strong>Avec AFP<\/strong><\/p>\n<p>&nbsp;<\/p>\n<\/div>\n","protected":false},"excerpt":{"rendered":"<p>Au B\u00e9nin, apr\u00e8s l\u2019annonce de militaires l\u2019ayant \u00ab\u00a0d\u00e9mis de ses fonctions\u00a0\u00bb, le pr\u00e9sident Patrice Talon s\u2019est exprim\u00e9 dimanche 7\u00a0d\u00e9cembre 2025 \u00e0 la t\u00e9l\u00e9vision nationale.\u00a0Il a indiqu\u00e9 que \u00abcette forfaiture ne restera pas impunie\u00a0\u00bb\u00a0et que la \u00ab\u00a0situation est sous contr\u00f4le\u00a0\u00bb. T\u00f4t ce matin, des mutins se sont dirig\u00e9s vers son domicile et le palais pr\u00e9sidentiel. Des [&hellip;]<\/p>\n","protected":false},"author":2,"featured_media":37840,"comment_status":"closed","ping_status":"closed","sticky":false,"template":"","format":"standard","meta":{"footnotes":""},"categories":[57],"tags":[],"class_list":{"0":"post-37839","1":"post","2":"type-post","3":"status-publish","4":"format-standard","5":"has-post-thumbnail","7":"category-politique"},"_links":{"self":[{"href":"https:\/\/conakrynews.org\/index.php\/wp-json\/wp\/v2\/posts\/37839","targetHints":{"allow":["GET"]}}],"collection":[{"href":"https:\/\/conakrynews.org\/index.php\/wp-json\/wp\/v2\/posts"}],"about":[{"href":"https:\/\/conakrynews.org\/index.php\/wp-json\/wp\/v2\/types\/post"}],"author":[{"embeddable":true,"href":"https:\/\/conakrynews.org\/index.php\/wp-json\/wp\/v2\/users\/2"}],"replies":[{"embeddable":true,"href":"https:\/\/conakrynews.org\/index.php\/wp-json\/wp\/v2\/comments?post=37839"}],"version-history":[{"count":0,"href":"https:\/\/conakrynews.org\/index.php\/wp-json\/wp\/v2\/posts\/37839\/revisions"}],"wp:featuredmedia":[{"embeddable":true,"href":"https:\/\/conakrynews.org\/index.php\/wp-json\/wp\/v2\/media\/37840"}],"wp:attachment":[{"href":"https:\/\/conakrynews.org\/index.php\/wp-json\/wp\/v2\/media?parent=37839"}],"wp:term":[{"taxonomy":"category","embeddable":true,"href":"https:\/\/conakrynews.org\/index.php\/wp-json\/wp\/v2\/categories?post=37839"},{"taxonomy":"post_tag","embeddable":true,"href":"https:\/\/conakrynews.org\/index.php\/wp-json\/wp\/v2\/tags?post=37839"}],"curies":[{"name":"wp","href":"https:\/\/api.w.org\/{rel}","templated":true}]}}