{"id":37849,"date":"2025-12-10T15:04:20","date_gmt":"2025-12-10T15:04:20","guid":{"rendered":"https:\/\/conakrynews.org\/?p=37849"},"modified":"2025-12-10T15:04:20","modified_gmt":"2025-12-10T15:04:20","slug":"le-ministre-des-affaires-religieuses-karamo-diawara-echange-avec-les-imams-des-13-ligues-communales-de-conakry","status":"publish","type":"post","link":"https:\/\/conakrynews.org\/index.php\/le-ministre-des-affaires-religieuses-karamo-diawara-echange-avec-les-imams-des-13-ligues-communales-de-conakry\/","title":{"rendered":"Le ministre des Affaires religieuses, Karamo Diawara \u00e9change avec les imams des 13 ligues communales de Conakry"},"content":{"rendered":"<div class=\"td-pb-row\">\n<div class=\"td-pb-span12\">\n<div class=\"td-post-header\">\n<header class=\"td-post-title\">\n<h1 class=\"entry-title\"><\/h1>\n<p>Conakry, 9 d\u00e9cembre 2025 \u2014 Le ministre en charge des Affaires religieuses, Elhadj Karamo Diawara, a rencontr\u00e9 ce mardi les imams des 13 ligues communales de la capitale au Centre islamique de Donka. Cette rencontre, organis\u00e9e dans un contexte national jug\u00e9 \u00ab tr\u00e8s sensible \u00bb, avait un objectif central : renforcer la sensibilisation pour la paix, la coh\u00e9sion sociale et la stabilit\u00e9 \u00e0 l\u2019approche de l\u2019\u00e9lection pr\u00e9sidentielle pr\u00e9vue le 28 d\u00e9cembre 2025.<\/p>\n<\/header>\n<\/div>\n<\/div>\n<\/div>\n<div class=\"td-pb-row\">\n<div class=\"td-pb-span8 td-main-content\" role=\"main\">\n<div class=\"td-ss-main-content\">\n<div class=\"td-post-content\">\n<p><a href=\"https:\/\/i0.wp.com\/liberationinfo.com\/wp-content\/uploads\/2025\/12\/IMG-20251209-WA0011.jpg\"><img loading=\"lazy\" decoding=\"async\" class=\"alignnone size-medium wp-image-28938 td-animation-stack-type0-1\" src=\"https:\/\/i0.wp.com\/liberationinfo.com\/wp-content\/uploads\/2025\/12\/IMG-20251209-WA0011.jpg?resize=300%2C135\" alt=\"\" width=\"300\" height=\"135\" data-recalc-dims=\"1\" \/><\/a><br \/>\nDurant les \u00e9changes, le ministre a rappel\u00e9 le r\u00f4le essentiel des guides religieux dans la pr\u00e9servation de l\u2019harmonie nationale, particuli\u00e8rement dans les p\u00e9riodes \u00e9lectorales. Il a insist\u00e9 sur la responsabilit\u00e9 morale des imams dans la lutte contre la d\u00e9sinformation, les discours de haine et toute forme de division.<\/p>\n<p>\u00ab L\u2019\u00e9lection est un moment important pour notre d\u00e9mocratie, mais elle ne doit jamais \u00eatre un facteur de conflit. Nous comptons sur vous, imams et leaders spirituels, pour transmettre des messages de paix avant, pendant et apr\u00e8s les \u00e9lections \u00bb, a d\u00e9clar\u00e9 Elhadj Karamo Diawara.<\/p>\n<p>Les imams pr\u00e9sents ont salu\u00e9 cette initiative qu\u2019ils jugent n\u00e9cessaire pour \u00e9viter les tensions sociales. Ils se sont engag\u00e9s \u00e0 intensifier la sensibilisation dans les mosqu\u00e9es, dans les pr\u00eaches du vendredi ainsi que dans les communaut\u00e9s de proximit\u00e9.<br \/>\nCette rencontre t\u00e9moigne de la volont\u00e9 des autorit\u00e9s de renforcer la pr\u00e9vention des crises et d\u2019impliquer les acteurs religieux dans la promotion de la coexistence pacifique. \u00c0 moins de trois semaines du scrutin, les appels au calme et au vivre-ensemble se multiplient pour garantir un climat serein et \u00e9viter tout d\u00e9bordement.<\/p>\n<p><strong>Ibrahima Sory\u00a0 Camara<\/strong><\/p>\n<\/div>\n<\/div>\n<\/div>\n<\/div>\n","protected":false},"excerpt":{"rendered":"<p>Conakry, 9 d\u00e9cembre 2025 \u2014 Le ministre en charge des Affaires religieuses, Elhadj Karamo Diawara, a rencontr\u00e9 ce mardi les imams des 13 ligues communales de la capitale au Centre islamique de Donka. Cette rencontre, organis\u00e9e dans un contexte national jug\u00e9 \u00ab tr\u00e8s sensible \u00bb, avait un objectif central : renforcer la sensibilisation pour la [&hellip;]<\/p>\n","protected":false},"author":2,"featured_media":37850,"comment_status":"closed","ping_status":"closed","sticky":false,"template":"","format":"standard","meta":{"footnotes":""},"categories":[58],"tags":[],"class_list":{"0":"post-37849","1":"post","2":"type-post","3":"status-publish","4":"format-standard","5":"has-post-thumbnail","7":"category-societe"},"_links":{"self":[{"href":"https:\/\/conakrynews.org\/index.php\/wp-json\/wp\/v2\/posts\/37849","targetHints":{"allow":["GET"]}}],"collection":[{"href":"https:\/\/conakrynews.org\/index.php\/wp-json\/wp\/v2\/posts"}],"about":[{"href":"https:\/\/conakrynews.org\/index.php\/wp-json\/wp\/v2\/types\/post"}],"author":[{"embeddable":true,"href":"https:\/\/conakrynews.org\/index.php\/wp-json\/wp\/v2\/users\/2"}],"replies":[{"embeddable":true,"href":"https:\/\/conakrynews.org\/index.php\/wp-json\/wp\/v2\/comments?post=37849"}],"version-history":[{"count":0,"href":"https:\/\/conakrynews.org\/index.php\/wp-json\/wp\/v2\/posts\/37849\/revisions"}],"wp:featuredmedia":[{"embeddable":true,"href":"https:\/\/conakrynews.org\/index.php\/wp-json\/wp\/v2\/media\/37850"}],"wp:attachment":[{"href":"https:\/\/conakrynews.org\/index.php\/wp-json\/wp\/v2\/media?parent=37849"}],"wp:term":[{"taxonomy":"category","embeddable":true,"href":"https:\/\/conakrynews.org\/index.php\/wp-json\/wp\/v2\/categories?post=37849"},{"taxonomy":"post_tag","embeddable":true,"href":"https:\/\/conakrynews.org\/index.php\/wp-json\/wp\/v2\/tags?post=37849"}],"curies":[{"name":"wp","href":"https:\/\/api.w.org\/{rel}","templated":true}]}}