{"id":37853,"date":"2025-12-10T16:06:45","date_gmt":"2025-12-10T16:06:45","guid":{"rendered":"https:\/\/conakrynews.org\/?p=37853"},"modified":"2025-12-10T16:06:45","modified_gmt":"2025-12-10T16:06:45","slug":"ousmane-sonko-vise-la-presidentielle-de-2029-au-senegal-rien-ne-peut-mempecher-detre","status":"publish","type":"post","link":"https:\/\/conakrynews.org\/index.php\/ousmane-sonko-vise-la-presidentielle-de-2029-au-senegal-rien-ne-peut-mempecher-detre\/","title":{"rendered":"Ousmane Sonko vise la pr\u00e9sidentielle de 2029 au S\u00e9n\u00e9gal : \u2018\u2019Rien ne peut m\u2019emp\u00eacher d\u2019\u00eatre"},"content":{"rendered":"<div class=\"td-pb-row\">\n<div class=\"td-pb-span12\">\n<div class=\"td-post-header\">\n<header class=\"td-post-title\">\n<h1 class=\"entry-title\">\u00a0<strong style=\"color: #222222;font-family: Verdana, Geneva, sans-serif;font-size: 15px\">Pour la deuxi\u00e8me fois depuis l\u2019arriv\u00e9e au pouvoir du Pastef en mars 2024, le chef du gouvernement s\u00e9n\u00e9galais a fait part de son int\u00e9r\u00eat pour la prochaine pr\u00e9sidentielle. \u00ab Rien ne peut m\u2019emp\u00eacher d\u2019\u00eatre candidat ! \u00bb, a-t-il lanc\u00e9 dimanche 7 d\u00e9cembre. Une d\u00e9claration qui intervient alors que la question de son \u00e9ligibilit\u00e9 ressurgit dans le d\u00e9bat public et que le tandem au sommet de l\u2019\u00c9tat bat de l\u2019aile.<\/strong><\/h1>\n<\/header>\n<\/div>\n<\/div>\n<\/div>\n<div class=\"td-pb-row\">\n<div class=\"td-pb-span8 td-main-content\" role=\"main\">\n<div class=\"td-ss-main-content\">\n<div class=\"td-post-content\">\n<div class=\"entry-content clearfix single-post-content\">\n<div id=\"ezoic-pub-ad-placeholder-104\" data-inserter-version=\"2\"><\/div>\n<p>Au\u00a0<strong><a href=\"https:\/\/www.rfi.fr\/fr\/tag\/s%C3%A9n%C3%A9gal\/\">S\u00e9n\u00e9gal<\/a><\/strong>, le Premier ministre Ousmane Sonko d\u00e9clare qu\u2019il compte bien \u00eatre candidat \u00e0 la pr\u00e9sidentielle de\u2026 2029. Dimanche 7 d\u00e9cembre, le chef du gouvernement s\u00e9n\u00e9galais a profit\u00e9 d\u2019une\u00a0<strong><a href=\"https:\/\/www.rfi.fr\/fr\/afrique\/20251208-s%C3%A9n%C3%A9gal-le-pastef-organise-une-journ%C3%A9e-d-hommage-aux-victimes-des-violences-politiques-de-2021-2024\">journ\u00e9e en m\u00e9moire des victimes des manifestations survenues entre 2021 et 2024<\/a><\/strong>\u00a0pour apporter des pr\u00e9cisions sur ses intentions pour les prochaines \u00e9ch\u00e9ances \u00e9lectorales.<\/p>\n<p>\u00ab\u00a0<em>Rien ne peut m\u2019emp\u00eacher d\u2019\u00eatre candidat !<\/em>\u00a0\u00bb, a-t-il lanc\u00e9 dans le cadre de l\u2019\u00e9v\u00e9nement organis\u00e9 par sa formation, se voulant on ne peut plus clair : que ce soit pour la pr\u00e9sidentielle, les l\u00e9gislatives ou les locales, la d\u00e9cision d\u2019y participer ou non lui revient \u00e0 lui seul.<\/p>\n<p>Depuis l\u2019arriv\u00e9e au pouvoir du Pastef en mars 2024, c\u2019est la deuxi\u00e8me fois que le chef du gouvernement s\u2019exprime ainsi publiquement sur ses ambitions pour la prochaine pr\u00e9sidentielle. \u00ab\u00a0<em>Rien ne peut m\u2019emp\u00eacher d\u2019\u00eatre candidat<\/em>\u00a0\u00bb, avait il d\u00e9j\u00e0 d\u00e9clar\u00e9 une premi\u00e8re fois au mois de juillet dernier dans une vid\u00e9o publi\u00e9e sur les r\u00e9seaux sociaux.<\/p>\n<p><strong><em>\u00ab<\/em><\/strong><strong>\u00a0<em>Rassurer les militants du Pastef<\/em>\u00a0\u00bb<\/strong><\/p>\n<p>Pour le journaliste Assane Samb, cette d\u00e9claration d\u2019<strong><a href=\"https:\/\/www.rfi.fr\/fr\/tag\/ousmane-sonko\/\">Ousmane Sonko<\/a><\/strong>\u00a0vise surtout \u00ab\u00a0<em>\u00e0 rassurer les militants du Pastef<\/em>\u00a0\u00bb alors que\u00a0la question de son \u00e9ligibilit\u00e9 a ressurgi dans le d\u00e9bat public ces derni\u00e8res semaines. En cause ? La d\u00e9cision prise par la Cour supr\u00eame de le condamner de fa\u00e7on\u00a0d\u00e9finitive \u00e0 6 mois de prison avec sursis et 200 millions de francs CFA de dommages et int\u00e9r\u00eat pour diffamation, en juillet dernier. Une condamnation qui,\u00a0en premi\u00e8re instance, lui avait valu d\u2019\u00eatre \u00e9vinc\u00e9 de la course \u00e0 la pr\u00e9sidentielle en 2024\u2026<\/p>\n<p>Si le Pastef se veut rassurant et affirme que la diffamation tombe sous le coup d\u2019une loi d\u2019amnistie adopt\u00e9e l\u2019an dernier, certains juristes estiment toutefois que ce n\u2019est pas le cas,\u00a0la Cour supr\u00eame ayant statu\u00e9 de fa\u00e7on d\u00e9finitive apr\u00e8s l\u2019adoption de cette loi. Quoi qu\u2019il en soit, \u00ab\u00a0<em>personne ne peut dire qui sera candidat en 2029<\/em>\u00a0\u00bb, temp\u00e8re un analyste politique, la d\u00e9signation des participants au scrutin revenant au Conseil constitutionnel qui aura la charge de valider leurs candidatures en toute ind\u00e9pendance.<\/p>\n<p>Mais si Ousmane Sonko a tenu une nouvelle fois \u00e0 rappeler ses ambitions pr\u00e9sidentielles, c\u2019est peut-\u00eatre aussi du fait des \u00ab\u00a0<em>tensions<\/em>\u00a0[actuelles]\u00a0<em>entre le pr\u00e9sident\u00a0<\/em>[Bassirou]\u00a0<em>Diomaye\u00a0<\/em>[Faye]\u00a0<em>et son Premier ministre<\/em>\u00a0\u00bb, analyse de son c\u00f4t\u00e9 le\u00a0chroniqueur judiciaire Daouda Mine, ainsi qu\u2019\u00e0 l\u2019existence d\u2019un \u00ab\u00a0<em>diff\u00e9rend<\/em>\u00a0\u00bb entre les deux t\u00eates de l\u2019ex\u00e9cutif. R\u00e9cemment en effet, le chef de l\u2019\u00c9tat a raviv\u00e9 la coalition qui avait soutenu sa candidature en 2024, sans rien dire de ses propres intentions\u2026<\/p>\n<p>Par\u00a0<strong><a href=\"https:\/\/www.rfi.fr\/fr\/afrique\/20251209-s%C3%A9n%C3%A9gal-le-premier-ministre-ousmane-sonko-lorgne-d%C3%A9j%C3%A0-la-pr%C3%A9sidentielle-de-2029\">RFI<\/a><\/strong><\/p>\n<\/div>\n<\/div>\n<\/div>\n<\/div>\n<\/div>\n","protected":false},"excerpt":{"rendered":"<p>\u00a0Pour la deuxi\u00e8me fois depuis l\u2019arriv\u00e9e au pouvoir du Pastef en mars 2024, le chef du gouvernement s\u00e9n\u00e9galais a fait part de son int\u00e9r\u00eat pour la prochaine pr\u00e9sidentielle. \u00ab Rien ne peut m\u2019emp\u00eacher d\u2019\u00eatre candidat ! \u00bb, a-t-il lanc\u00e9 dimanche 7 d\u00e9cembre. Une d\u00e9claration qui intervient alors que la question de son \u00e9ligibilit\u00e9 ressurgit dans [&hellip;]<\/p>\n","protected":false},"author":2,"featured_media":37854,"comment_status":"closed","ping_status":"closed","sticky":false,"template":"","format":"standard","meta":{"footnotes":""},"categories":[57],"tags":[],"class_list":{"0":"post-37853","1":"post","2":"type-post","3":"status-publish","4":"format-standard","5":"has-post-thumbnail","7":"category-politique"},"_links":{"self":[{"href":"https:\/\/conakrynews.org\/index.php\/wp-json\/wp\/v2\/posts\/37853","targetHints":{"allow":["GET"]}}],"collection":[{"href":"https:\/\/conakrynews.org\/index.php\/wp-json\/wp\/v2\/posts"}],"about":[{"href":"https:\/\/conakrynews.org\/index.php\/wp-json\/wp\/v2\/types\/post"}],"author":[{"embeddable":true,"href":"https:\/\/conakrynews.org\/index.php\/wp-json\/wp\/v2\/users\/2"}],"replies":[{"embeddable":true,"href":"https:\/\/conakrynews.org\/index.php\/wp-json\/wp\/v2\/comments?post=37853"}],"version-history":[{"count":0,"href":"https:\/\/conakrynews.org\/index.php\/wp-json\/wp\/v2\/posts\/37853\/revisions"}],"wp:featuredmedia":[{"embeddable":true,"href":"https:\/\/conakrynews.org\/index.php\/wp-json\/wp\/v2\/media\/37854"}],"wp:attachment":[{"href":"https:\/\/conakrynews.org\/index.php\/wp-json\/wp\/v2\/media?parent=37853"}],"wp:term":[{"taxonomy":"category","embeddable":true,"href":"https:\/\/conakrynews.org\/index.php\/wp-json\/wp\/v2\/categories?post=37853"},{"taxonomy":"post_tag","embeddable":true,"href":"https:\/\/conakrynews.org\/index.php\/wp-json\/wp\/v2\/tags?post=37853"}],"curies":[{"name":"wp","href":"https:\/\/api.w.org\/{rel}","templated":true}]}}