{"id":37875,"date":"2025-12-12T00:04:46","date_gmt":"2025-12-12T00:04:46","guid":{"rendered":"https:\/\/conakrynews.org\/?p=37875"},"modified":"2025-12-12T00:04:46","modified_gmt":"2025-12-12T00:04:46","slug":"cooperation-la-guinee-et-le-mali-renforcent-leur-lien","status":"publish","type":"post","link":"https:\/\/conakrynews.org\/index.php\/cooperation-la-guinee-et-le-mali-renforcent-leur-lien\/","title":{"rendered":"Coop\u00e9ration : la Guin\u00e9e et le Mali renforcent leur lien"},"content":{"rendered":"<div><\/div>\n<div class=\"clear\">Apr\u00e8s la s\u00e9ance de travail, les deux Chefs de Gouvernement ont anim\u00e9 un point de presse conjoint au cours duquel plusieurs sujets majeurs ont \u00e9t\u00e9 abord\u00e9s.<\/div>\n<div class=\"entry\">\n<p>Au cours duquel , le Premier ministre Abdoulaye MAIGA a rappel\u00e9 que sa visite s\u2019inscrit dans la vision commune des deux Chefs d\u2019\u00c9tat, h\u00e9rit\u00e9e des P\u00e8res fondateurs Ahmed S\u00e9kou Tour\u00e9 et Modibo Ke\u00efta. Il a salu\u00e9 la qualit\u00e9 des \u00e9changes bilat\u00e9raux, marqu\u00e9s par des r\u00e9ponses jug\u00e9es \u00ab pertinentes \u00bb, et a insist\u00e9 sur la volont\u00e9 partag\u00e9e de redynamiser les sous-commissions de la Grande Commission mixte Mali\u2013Guin\u00e9e. Le Premier ministre malien a remerci\u00e9 la Guin\u00e9e pour son soutien \u00ab constant \u00bb durant les p\u00e9riodes difficiles, notamment pendant les sanctions de la CEDEAO, tout en formulant des pri\u00e8res pour que l\u2019\u00e9lection pr\u00e9sidentielle du 28 d\u00e9cembre en Guin\u00e9e se d\u00e9roule dans l\u2019unit\u00e9 et la coh\u00e9sion nationale. Il a \u00e9galement f\u00e9licit\u00e9 les autorit\u00e9s guin\u00e9ennes pour le lancement du premier train du mega projet minier Simandou, qu\u2019il a qualifi\u00e9 d\u2019exemple de leadership pour toute l\u2019Afrique.<\/p>\n<p>Revenant sur les enjeux s\u00e9curitaires et la situation militaire au Mali, Abdoulaye Ma\u00efga a rappel\u00e9 l\u2019interd\u00e9pendance strat\u00e9gique entre la s\u00e9curit\u00e9 des deux pays, affirmant que la lutte contre le terrorisme et les d\u00e9fis logistiques actuels s\u2019inscrivent dans une dynamique de coop\u00e9ration r\u00e9gionale renforc\u00e9e. Il a soulign\u00e9 l\u2019am\u00e9lioration \u00ab substantielle \u00bb de la situation s\u00e9curitaire malienne, \u00e9voquant l\u2019inversion de la tendance depuis trois ans gr\u00e2ce \u00e0 l\u2019engagement des forces arm\u00e9es. Tout en d\u00e9non\u00e7ant la d\u00e9sinformation et certaines manipulations m\u00e9diatiques, il a assur\u00e9 que Bamako n\u2019a jamais \u00e9t\u00e9 menac\u00e9e par les groupes terroristes. Le Premier ministre a enfin r\u00e9affirm\u00e9 la d\u00e9termination du Mali \u00e0 poursuivre, avec la Guin\u00e9e, l\u2019int\u00e9gration, le d\u00e9veloppement et la construction d\u2019une s\u00e9curit\u00e9 partag\u00e9e au b\u00e9n\u00e9fice des deux peuples.<\/p>\n<p>Le Premier ministre Amadou Oury BAH a indiqu\u00e9 que la venue de son homologue malien r\u00e9pond \u00e0 une instruction du Chef de l\u2019\u00c9tat du Mali. Il a insist\u00e9 sur le lien direct qui unit les destins du Mali et de la Guin\u00e9e : \u00ab tout ce qui affecte le Mali affecte n\u00e9cessairement la Guin\u00e9e \u00bb. Dans cet esprit, il a r\u00e9affirm\u00e9 la n\u00e9cessit\u00e9 de maintenir des consultations r\u00e9guli\u00e8res pour renforcer une coop\u00e9ration inscrite dans l\u2019h\u00e9ritage des P\u00e8res fondateurs et dans la vision panafricaniste partag\u00e9e par les Pr\u00e9sidents Mamadi Doumbouya et Assimi Go\u00efta. Amadou Oury BAH a \u00e9galement r\u00e9it\u00e9r\u00e9 l\u2019engagement constant de la Guin\u00e9e \u00e0 accompagner le Mali, notamment sur les questions d\u2019acc\u00e8s \u00e0 la mer et sur les projets structurants appel\u00e9s \u00e0 \u00eatre r\u00e9actualis\u00e9s.<\/p>\n<p>Abordant les enjeux s\u00e9curitaires r\u00e9gionaux, Amadou Oury Bah a salu\u00e9 la d\u00e9termination du Mali dans sa lutte contre le terrorisme, rappelant que ce combat est men\u00e9 non seulement pour le peuple malien mais aussi pour la protection de toute la sous-r\u00e9gion. Il a assur\u00e9 que la Guin\u00e9e partage pleinement cette vision et demeure engag\u00e9e \u00e0 soutenir les efforts visant \u00e0 emp\u00eacher toute extension de la menace terroriste vers les pays voisins.<\/p>\n<p><strong>Avec CCG\u00a0<\/strong><\/p>\n<p>&nbsp;<\/p>\n<\/div>\n","protected":false},"excerpt":{"rendered":"<p>Apr\u00e8s la s\u00e9ance de travail, les deux Chefs de Gouvernement ont anim\u00e9 un point de presse conjoint au cours duquel plusieurs sujets majeurs ont \u00e9t\u00e9 abord\u00e9s. Au cours duquel , le Premier ministre Abdoulaye MAIGA a rappel\u00e9 que sa visite s\u2019inscrit dans la vision commune des deux Chefs d\u2019\u00c9tat, h\u00e9rit\u00e9e des P\u00e8res fondateurs Ahmed S\u00e9kou [&hellip;]<\/p>\n","protected":false},"author":2,"featured_media":37876,"comment_status":"closed","ping_status":"closed","sticky":false,"template":"","format":"standard","meta":{"footnotes":""},"categories":[57],"tags":[],"class_list":{"0":"post-37875","1":"post","2":"type-post","3":"status-publish","4":"format-standard","5":"has-post-thumbnail","7":"category-politique"},"_links":{"self":[{"href":"https:\/\/conakrynews.org\/index.php\/wp-json\/wp\/v2\/posts\/37875","targetHints":{"allow":["GET"]}}],"collection":[{"href":"https:\/\/conakrynews.org\/index.php\/wp-json\/wp\/v2\/posts"}],"about":[{"href":"https:\/\/conakrynews.org\/index.php\/wp-json\/wp\/v2\/types\/post"}],"author":[{"embeddable":true,"href":"https:\/\/conakrynews.org\/index.php\/wp-json\/wp\/v2\/users\/2"}],"replies":[{"embeddable":true,"href":"https:\/\/conakrynews.org\/index.php\/wp-json\/wp\/v2\/comments?post=37875"}],"version-history":[{"count":0,"href":"https:\/\/conakrynews.org\/index.php\/wp-json\/wp\/v2\/posts\/37875\/revisions"}],"wp:featuredmedia":[{"embeddable":true,"href":"https:\/\/conakrynews.org\/index.php\/wp-json\/wp\/v2\/media\/37876"}],"wp:attachment":[{"href":"https:\/\/conakrynews.org\/index.php\/wp-json\/wp\/v2\/media?parent=37875"}],"wp:term":[{"taxonomy":"category","embeddable":true,"href":"https:\/\/conakrynews.org\/index.php\/wp-json\/wp\/v2\/categories?post=37875"},{"taxonomy":"post_tag","embeddable":true,"href":"https:\/\/conakrynews.org\/index.php\/wp-json\/wp\/v2\/tags?post=37875"}],"curies":[{"name":"wp","href":"https:\/\/api.w.org\/{rel}","templated":true}]}}