{"id":37888,"date":"2025-12-12T14:24:59","date_gmt":"2025-12-12T14:24:59","guid":{"rendered":"https:\/\/conakrynews.org\/?p=37888"},"modified":"2025-12-12T14:24:59","modified_gmt":"2025-12-12T14:24:59","slug":"guinee-education-les-eleves-et-les-etudiants-sont-mis-en-conge-du-15-decembre-2025-au-4-janvier-2026","status":"publish","type":"post","link":"https:\/\/conakrynews.org\/index.php\/guinee-education-les-eleves-et-les-etudiants-sont-mis-en-conge-du-15-decembre-2025-au-4-janvier-2026\/","title":{"rendered":"Guin\u00e9e\/\u00c9ducation : Les \u00e9l\u00e8ves et les \u00e9tudiants sont mis en cong\u00e9 du 15 d\u00e9cembre 2025 au 4 janvier 2026"},"content":{"rendered":"<div class=\"clear\">\u00c0 travers un communiqu\u00e9 rendu public dans la soir\u00e9e du jeudi 11 d\u00e9cembre 2025, les autorit\u00e9s en charge de l\u2019enseignement ont mis en cong\u00e9 les \u00e9l\u00e8ves et les \u00e9tudiants \u00e0 partir du 15 d\u00e9cembre 2025 au 4 janvier 2026.<\/div>\n<div class=\"entry\">\n<p>Selon le communiqu\u00e9, cette d\u00e9cision s\u2019inscrit dans le cadre de l\u2019organisation de l\u2019\u00e9lection pr\u00e9sidentielle pr\u00e9vue le 28 d\u00e9cembre 2025 sur toute l\u2019\u00e9tendue du territoire national.<\/p>\n<p><strong>Ci-joint le communiqu\u00e9<\/strong><\/p>\n<p>&nbsp;<\/p>\n<p><img loading=\"lazy\" decoding=\"async\" class=\"alignnone wp-image-37702 size-large tie-appear\" src=\"https:\/\/www.guineequotidien.com\/wp-content\/uploads\/2025\/12\/IMG_1475-733x1024.jpeg\" alt=\"\" width=\"618\" height=\"863\" \/><\/p>\n<p><strong>Source:Guineequotidien\u00a0<\/strong><\/p>\n<p>&nbsp;<\/p>\n<\/div>\n","protected":false},"excerpt":{"rendered":"<p>\u00c0 travers un communiqu\u00e9 rendu public dans la soir\u00e9e du jeudi 11 d\u00e9cembre 2025, les autorit\u00e9s en charge de l\u2019enseignement ont mis en cong\u00e9 les \u00e9l\u00e8ves et les \u00e9tudiants \u00e0 partir du 15 d\u00e9cembre 2025 au 4 janvier 2026. Selon le communiqu\u00e9, cette d\u00e9cision s\u2019inscrit dans le cadre de l\u2019organisation de l\u2019\u00e9lection pr\u00e9sidentielle pr\u00e9vue le [&hellip;]<\/p>\n","protected":false},"author":2,"featured_media":37889,"comment_status":"closed","ping_status":"closed","sticky":false,"template":"","format":"standard","meta":{"footnotes":""},"categories":[58],"tags":[],"class_list":{"0":"post-37888","1":"post","2":"type-post","3":"status-publish","4":"format-standard","5":"has-post-thumbnail","7":"category-societe"},"_links":{"self":[{"href":"https:\/\/conakrynews.org\/index.php\/wp-json\/wp\/v2\/posts\/37888","targetHints":{"allow":["GET"]}}],"collection":[{"href":"https:\/\/conakrynews.org\/index.php\/wp-json\/wp\/v2\/posts"}],"about":[{"href":"https:\/\/conakrynews.org\/index.php\/wp-json\/wp\/v2\/types\/post"}],"author":[{"embeddable":true,"href":"https:\/\/conakrynews.org\/index.php\/wp-json\/wp\/v2\/users\/2"}],"replies":[{"embeddable":true,"href":"https:\/\/conakrynews.org\/index.php\/wp-json\/wp\/v2\/comments?post=37888"}],"version-history":[{"count":0,"href":"https:\/\/conakrynews.org\/index.php\/wp-json\/wp\/v2\/posts\/37888\/revisions"}],"wp:featuredmedia":[{"embeddable":true,"href":"https:\/\/conakrynews.org\/index.php\/wp-json\/wp\/v2\/media\/37889"}],"wp:attachment":[{"href":"https:\/\/conakrynews.org\/index.php\/wp-json\/wp\/v2\/media?parent=37888"}],"wp:term":[{"taxonomy":"category","embeddable":true,"href":"https:\/\/conakrynews.org\/index.php\/wp-json\/wp\/v2\/categories?post=37888"},{"taxonomy":"post_tag","embeddable":true,"href":"https:\/\/conakrynews.org\/index.php\/wp-json\/wp\/v2\/tags?post=37888"}],"curies":[{"name":"wp","href":"https:\/\/api.w.org\/{rel}","templated":true}]}}