{"id":37932,"date":"2025-12-19T16:22:50","date_gmt":"2025-12-19T16:22:50","guid":{"rendered":"https:\/\/conakrynews.org\/?p=37932"},"modified":"2025-12-19T16:22:50","modified_gmt":"2025-12-19T16:22:50","slug":"guinee-decrets-nomination-de-plusieurs-cadres-au-sein-de-lappareil-judiciaire-du-pays","status":"publish","type":"post","link":"https:\/\/conakrynews.org\/index.php\/guinee-decrets-nomination-de-plusieurs-cadres-au-sein-de-lappareil-judiciaire-du-pays\/","title":{"rendered":"Guin\u00e9e\/ D\u00e9crets: Nomination de plusieurs cadres au sein de l\u2019appareil judiciaire du pays"},"content":{"rendered":"<div class=\"clear\">Dans une s\u00e9rie de d\u00e9crets lue dans la soir\u00e9e de ce jeudi 18 d\u00e9cembre 2025, le Chef de l\u2019\u00c9tat, le G\u00e9n\u00e9ral Mamadi Doumbouya, a proc\u00e9d\u00e9 \u00e0 la nomination de plusieurs magistrats \u00e0 des postes au sein de l\u2019appareil judiciaire du pays.<\/div>\n<div class=\"entry\">\n<p>Ces nominations concernent la Cour supr\u00eame, la cour d\u2019appel ainsi que des tribunaux de premi\u00e8re instance.<\/p>\n<p><strong>Ci-joint la liste des cadres promus<\/strong><\/p>\n<p>&nbsp;<\/p>\n<p><strong>Cour Supr\u00eame (Parquet G\u00e9n\u00e9ral) :<\/strong><\/p>\n<p>\u200bAvocat G\u00e9n\u00e9ral : Monsieur Ibrahima S. Camara, pr\u00e9c\u00e9demment Procureur de la R\u00e9publique pr\u00e8s le Tribunal de Premi\u00e8re Instance de Nz\u00e9r\u00e9kor\u00e9.<\/p>\n<p><strong>\u200bCour d\u2019Appel de Kankan (Parquet G\u00e9n\u00e9ral) :<\/strong><\/p>\n<p>\u200bProcureur G\u00e9n\u00e9ral : Monsieur Marouane Bald\u00e9, pr\u00e9c\u00e9demment Procureur de la R\u00e9publique pr\u00e8s le Tribunal de Premi\u00e8re Instance de Macenta.<\/p>\n<p><strong>Tribunal de Premi\u00e8re Instance de Macenta :<\/strong><\/p>\n<p>\u200bProcureur de la R\u00e9publique : Monsieur Salimou Diaby, pr\u00e9c\u00e9demment juge d\u2019instruction au Tribunal de Premi\u00e8re Instance de Lab\u00e9.<\/p>\n<p><strong>\u200bTribunal de Premi\u00e8re Instance de Nz\u00e9r\u00e9kor\u00e9 :<\/strong><\/p>\n<p>\u200bProcureur de la R\u00e9publique : Monsieur Algassimou Diallo<strong>,\u00a0<\/strong>pr\u00e9c\u00e9demment Procureur G\u00e9n\u00e9ral pr\u00e8s la Cour d\u2019Appel de Kankan.<\/p>\n<p><strong>Source:Guineequotidien<\/strong><\/p>\n<p>&nbsp;<\/p>\n<\/div>\n","protected":false},"excerpt":{"rendered":"<p>Dans une s\u00e9rie de d\u00e9crets lue dans la soir\u00e9e de ce jeudi 18 d\u00e9cembre 2025, le Chef de l\u2019\u00c9tat, le G\u00e9n\u00e9ral Mamadi Doumbouya, a proc\u00e9d\u00e9 \u00e0 la nomination de plusieurs magistrats \u00e0 des postes au sein de l\u2019appareil judiciaire du pays. Ces nominations concernent la Cour supr\u00eame, la cour d\u2019appel ainsi que des tribunaux de [&hellip;]<\/p>\n","protected":false},"author":2,"featured_media":37933,"comment_status":"closed","ping_status":"closed","sticky":false,"template":"","format":"standard","meta":{"footnotes":""},"categories":[57],"tags":[],"class_list":{"0":"post-37932","1":"post","2":"type-post","3":"status-publish","4":"format-standard","5":"has-post-thumbnail","7":"category-politique"},"_links":{"self":[{"href":"https:\/\/conakrynews.org\/index.php\/wp-json\/wp\/v2\/posts\/37932","targetHints":{"allow":["GET"]}}],"collection":[{"href":"https:\/\/conakrynews.org\/index.php\/wp-json\/wp\/v2\/posts"}],"about":[{"href":"https:\/\/conakrynews.org\/index.php\/wp-json\/wp\/v2\/types\/post"}],"author":[{"embeddable":true,"href":"https:\/\/conakrynews.org\/index.php\/wp-json\/wp\/v2\/users\/2"}],"replies":[{"embeddable":true,"href":"https:\/\/conakrynews.org\/index.php\/wp-json\/wp\/v2\/comments?post=37932"}],"version-history":[{"count":0,"href":"https:\/\/conakrynews.org\/index.php\/wp-json\/wp\/v2\/posts\/37932\/revisions"}],"wp:featuredmedia":[{"embeddable":true,"href":"https:\/\/conakrynews.org\/index.php\/wp-json\/wp\/v2\/media\/37933"}],"wp:attachment":[{"href":"https:\/\/conakrynews.org\/index.php\/wp-json\/wp\/v2\/media?parent=37932"}],"wp:term":[{"taxonomy":"category","embeddable":true,"href":"https:\/\/conakrynews.org\/index.php\/wp-json\/wp\/v2\/categories?post=37932"},{"taxonomy":"post_tag","embeddable":true,"href":"https:\/\/conakrynews.org\/index.php\/wp-json\/wp\/v2\/tags?post=37932"}],"curies":[{"name":"wp","href":"https:\/\/api.w.org\/{rel}","templated":true}]}}