{"id":37997,"date":"2025-12-25T23:52:01","date_gmt":"2025-12-25T23:52:01","guid":{"rendered":"https:\/\/conakrynews.org\/?p=37997"},"modified":"2025-12-25T23:52:01","modified_gmt":"2025-12-25T23:52:01","slug":"kaloum-mobilise-pour-soutenir-le-president-mamadi-doumbouya","status":"publish","type":"post","link":"https:\/\/conakrynews.org\/index.php\/kaloum-mobilise-pour-soutenir-le-president-mamadi-doumbouya\/","title":{"rendered":"Kaloum mobilis\u00e9 pour soutenir le Pr\u00e9sident Mamadi Doumbouya   \u00a0"},"content":{"rendered":"<div class=\"td-pb-row\">\n<div class=\"td-pb-span12\">\n<div class=\"td-post-header\">\n<header class=\"td-post-title\">\n<h1 class=\"entry-title\"><\/h1>\n<div class=\"td-module-meta-info\">\n<div class=\"td-post-author-name\">\n<div class=\"td-author-by\"><\/div>\n<p>Kaloum, Conakry \u2013 25 d\u00e9cembre 2025 \u2014 Les rues de la commune de Kaloum ont connu, ce jeudi 25 d\u00e9cembre 2025, une mobilisation populaire d\u2019envergure \u00e0 l\u2019occasion d\u2019une grande marche de soutien au Pr\u00e9sident de la R\u00e9publique, le G\u00e9n\u00e9ral Mamadi Doumbouya. \u00c0 l\u2019initiative des habitants de la presqu\u2019\u00eele, cette d\u00e9monstration pacifique a rassembl\u00e9 des milliers de citoyens venus exprimer leur adh\u00e9sion aux id\u00e9aux port\u00e9s par le Chef de l\u2019\u00c9tat.<\/p><\/div>\n<\/div>\n<\/header>\n<\/div>\n<\/div>\n<\/div>\n<div class=\"td-pb-row\">\n<div class=\"td-pb-span8 td-main-content\" role=\"main\">\n<div class=\"td-ss-main-content\">\n<div class=\"td-post-content\">\n<p><a href=\"https:\/\/i0.wp.com\/liberationinfo.com\/wp-content\/uploads\/2025\/12\/IMG-20251225-WA0455.png\"><img loading=\"lazy\" decoding=\"async\" class=\"alignnone size-medium wp-image-29119 td-animation-stack-type0-1\" src=\"https:\/\/i0.wp.com\/liberationinfo.com\/wp-content\/uploads\/2025\/12\/IMG-20251225-WA0455.png?resize=300%2C139\" alt=\"\" width=\"300\" height=\"139\" data-recalc-dims=\"1\" \/><\/a><br \/>\nBrandissant des pancartes, des banderoles et des portraits du Pr\u00e9sident, les marcheurs ont scand\u00e9 des slogans appelant \u00e0 l\u2019unit\u00e9 nationale, \u00e0 la refondation de l\u2019\u00c9tat et \u00e0 la poursuite des r\u00e9formes engag\u00e9es depuis le 5 septembre. Dans une ambiance festive, responsable et disciplin\u00e9e, hommes, femmes et jeunes ont parcouru les principales art\u00e8res de Kaloum, t\u00e9moignant de leur attachement au leadership du Pr\u00e9sident Mamadi Doumbouya et \u00e0 sa vision d\u2019une Guin\u00e9e stable, juste et prosp\u00e8re.<\/p>\n<p><a href=\"https:\/\/i0.wp.com\/liberationinfo.com\/wp-content\/uploads\/2025\/12\/IMG-20251225-WA0458.png\"><img loading=\"lazy\" decoding=\"async\" class=\"alignnone size-medium wp-image-29118 td-animation-stack-type0-1\" src=\"https:\/\/i0.wp.com\/liberationinfo.com\/wp-content\/uploads\/2025\/12\/IMG-20251225-WA0458.png?resize=300%2C139\" alt=\"\" width=\"300\" height=\"139\" data-recalc-dims=\"1\" \/><\/a><br \/>\nSelon les organisateurs, cette marche avait pour objectif de r\u00e9affirmer le soutien ind\u00e9fectible des populations de Kaloum aux actions entreprises par les autorit\u00e9s de la Transition, notamment en mati\u00e8re de bonne gouvernance, de lutte contre la corruption et de restauration de l\u2019autorit\u00e9 de l\u2019\u00c9tat. \u00ab Il s\u2019agit d\u2019une marche citoyenne, pacifique et r\u00e9publicaine pour encourager le Pr\u00e9sident dans sa mission de refondation nationale \u00bb, a confi\u00e9 un participant.<\/p>\n<p><a href=\"https:\/\/i0.wp.com\/liberationinfo.com\/wp-content\/uploads\/2025\/12\/IMG-20251225-WA0463.png\"><img loading=\"lazy\" decoding=\"async\" class=\"alignnone size-medium wp-image-29117 td-animation-stack-type0-1\" src=\"https:\/\/i0.wp.com\/liberationinfo.com\/wp-content\/uploads\/2025\/12\/IMG-20251225-WA0463.png?resize=300%2C139\" alt=\"\" width=\"300\" height=\"139\" data-recalc-dims=\"1\" \/><\/a><br \/>\nIl convient de souligner que cette initiative a \u00e9t\u00e9 financ\u00e9e par Monsieur Sonny Doumbouya, Pr\u00e9sident-Directeur G\u00e9n\u00e9ral de KBM. Son engagement a \u00e9t\u00e9 salu\u00e9 par les participants, qui ont reconnu son apport dans l\u2019organisation r\u00e9ussie de cette mobilisation, plac\u00e9e sous le signe de la paix, de la coh\u00e9sion sociale et du patriotisme.<\/p>\n<p><a href=\"https:\/\/i0.wp.com\/liberationinfo.com\/wp-content\/uploads\/2025\/12\/IMG-20251225-WA0472.png\"><img loading=\"lazy\" decoding=\"async\" class=\"alignnone size-medium wp-image-29116 td-animation-stack-type0-1\" src=\"https:\/\/i0.wp.com\/liberationinfo.com\/wp-content\/uploads\/2025\/12\/IMG-20251225-WA0472.png?resize=300%2C139\" alt=\"\" width=\"300\" height=\"139\" data-recalc-dims=\"1\" \/><\/a><br \/>\n\u00c0 travers cette marche du 25 d\u00e9cembre 2025, les habitants de Kaloum ont voulu adresser un message clair : accompagner le Pr\u00e9sident Mamadi Doumbouya dans son action et contribuer activement \u00e0 la construction d\u2019un avenir meilleur pour la Guin\u00e9e.<\/p>\n<p><a href=\"https:\/\/i0.wp.com\/liberationinfo.com\/wp-content\/uploads\/2025\/12\/IMG-20251225-WA0470.png\"><img loading=\"lazy\" decoding=\"async\" class=\"alignnone size-medium wp-image-29115 td-animation-stack-type0-1\" src=\"https:\/\/i0.wp.com\/liberationinfo.com\/wp-content\/uploads\/2025\/12\/IMG-20251225-WA0470.png?resize=300%2C139\" alt=\"\" width=\"300\" height=\"139\" data-recalc-dims=\"1\" \/><\/a><\/p>\n<\/div>\n<\/div>\n<\/div>\n<\/div>\n","protected":false},"excerpt":{"rendered":"<p>Kaloum, Conakry \u2013 25 d\u00e9cembre 2025 \u2014 Les rues de la commune de Kaloum ont connu, ce jeudi 25 d\u00e9cembre 2025, une mobilisation populaire d\u2019envergure \u00e0 l\u2019occasion d\u2019une grande marche de soutien au Pr\u00e9sident de la R\u00e9publique, le G\u00e9n\u00e9ral Mamadi Doumbouya. \u00c0 l\u2019initiative des habitants de la presqu\u2019\u00eele, cette d\u00e9monstration pacifique a rassembl\u00e9 des milliers [&hellip;]<\/p>\n","protected":false},"author":2,"featured_media":37998,"comment_status":"closed","ping_status":"closed","sticky":false,"template":"","format":"standard","meta":{"footnotes":""},"categories":[57],"tags":[],"class_list":{"0":"post-37997","1":"post","2":"type-post","3":"status-publish","4":"format-standard","5":"has-post-thumbnail","7":"category-politique"},"_links":{"self":[{"href":"https:\/\/conakrynews.org\/index.php\/wp-json\/wp\/v2\/posts\/37997","targetHints":{"allow":["GET"]}}],"collection":[{"href":"https:\/\/conakrynews.org\/index.php\/wp-json\/wp\/v2\/posts"}],"about":[{"href":"https:\/\/conakrynews.org\/index.php\/wp-json\/wp\/v2\/types\/post"}],"author":[{"embeddable":true,"href":"https:\/\/conakrynews.org\/index.php\/wp-json\/wp\/v2\/users\/2"}],"replies":[{"embeddable":true,"href":"https:\/\/conakrynews.org\/index.php\/wp-json\/wp\/v2\/comments?post=37997"}],"version-history":[{"count":0,"href":"https:\/\/conakrynews.org\/index.php\/wp-json\/wp\/v2\/posts\/37997\/revisions"}],"wp:featuredmedia":[{"embeddable":true,"href":"https:\/\/conakrynews.org\/index.php\/wp-json\/wp\/v2\/media\/37998"}],"wp:attachment":[{"href":"https:\/\/conakrynews.org\/index.php\/wp-json\/wp\/v2\/media?parent=37997"}],"wp:term":[{"taxonomy":"category","embeddable":true,"href":"https:\/\/conakrynews.org\/index.php\/wp-json\/wp\/v2\/categories?post=37997"},{"taxonomy":"post_tag","embeddable":true,"href":"https:\/\/conakrynews.org\/index.php\/wp-json\/wp\/v2\/tags?post=37997"}],"curies":[{"name":"wp","href":"https:\/\/api.w.org\/{rel}","templated":true}]}}