{"id":38012,"date":"2025-12-26T08:23:34","date_gmt":"2025-12-26T08:23:34","guid":{"rendered":"https:\/\/conakrynews.org\/?p=38012"},"modified":"2025-12-26T08:23:34","modified_gmt":"2025-12-26T08:23:34","slug":"guinee-infrastructure-pose-de-la-premiere-pierre-de-la-cite-administrative-de-kindia","status":"publish","type":"post","link":"https:\/\/conakrynews.org\/index.php\/guinee-infrastructure-pose-de-la-premiere-pierre-de-la-cite-administrative-de-kindia\/","title":{"rendered":"Guin\u00e9e\/ Infrastructure : pose de la premi\u00e8re pierre de la cit\u00e9 administrative de Kindia"},"content":{"rendered":"<div class=\"clear\">Le Premier ministre Amadou Oury Bah a proc\u00e9d\u00e9 \u00e0 la pose de la premi\u00e8re pierre de la cit\u00e9 administrative de Kindia, un projet structurant qui illustre la volont\u00e9 du Gouvernement de renforcer l\u2019efficacit\u00e9 et la cr\u00e9dibilit\u00e9 de l\u2019appareil d\u2019\u00c9tat. Dans son allocution, le Chef du Gouvernement a mis en avant une particularit\u00e9 majeure du contexte national, soulignant qu\u2019il s\u2019agit de la premi\u00e8re fois que la Guin\u00e9e traverse une p\u00e9riode \u00e9lectorale avec une administration pleinement op\u00e9rationnelle, sans perturbation du service public. Une performance qu\u2019il a attribu\u00e9e \u00e0 la stabilit\u00e9 institutionnelle retrouv\u00e9e sous l\u2019impulsion du Pr\u00e9sident Mamadi Doumbouya.<\/div>\n<div class=\"entry\">\n<p>Cette cit\u00e9 administrative s\u2019inscrit dans une dynamique nationale de modernisation de la fonction publique. Des projets similaires sont d\u00e9j\u00e0 en cours \u00e0 Faranah, Kankan et Lab\u00e9, tandis que Bok\u00e9 figure parmi les prochaines \u00e9tapes. \u00c0 travers ces infrastructures, l\u2019\u00c9tat poursuit un triple objectif : offrir des conditions de travail dignes aux agents publics, renforcer l\u2019attractivit\u00e9 de l\u2019administration pour les jeunes cadres gr\u00e2ce \u00e0 la digitalisation et am\u00e9liorer la qualit\u00e9 ainsi que la transparence des services rendus aux citoyens. Le Premier ministre a rappel\u00e9 que le fonctionnaire est avant tout au service des populations, insistant sur la n\u00e9cessit\u00e9 d\u2019un service public performant, responsable et accessible.<\/p>\n<p>Enfin, le Chef du Gouvernement a \u00e9tabli un lien direct entre ces r\u00e9alisations et le m\u00e9ga-projet Simandou, pr\u00e9sent\u00e9 comme un levier majeur du d\u00e9veloppement socio-\u00e9conomique durable. Ce programme strat\u00e9gique constitue le socle financier et structurel permettant de soutenir la construction des cit\u00e9s administratives \u00e0 travers le pays, traduisant ainsi la vision d\u2019un \u00c9tat fort, moderne et r\u00e9solument tourn\u00e9 vers le bien-\u00eatre des Guin\u00e9ennes et des Guin\u00e9ens.<\/p>\n<p>&nbsp;<\/p>\n<p><strong>Avec CCG<\/strong><\/p>\n<\/div>\n","protected":false},"excerpt":{"rendered":"<p>Le Premier ministre Amadou Oury Bah a proc\u00e9d\u00e9 \u00e0 la pose de la premi\u00e8re pierre de la cit\u00e9 administrative de Kindia, un projet structurant qui illustre la volont\u00e9 du Gouvernement de renforcer l\u2019efficacit\u00e9 et la cr\u00e9dibilit\u00e9 de l\u2019appareil d\u2019\u00c9tat. Dans son allocution, le Chef du Gouvernement a mis en avant une particularit\u00e9 majeure du contexte [&hellip;]<\/p>\n","protected":false},"author":2,"featured_media":38013,"comment_status":"closed","ping_status":"closed","sticky":false,"template":"","format":"standard","meta":{"footnotes":""},"categories":[58],"tags":[],"class_list":{"0":"post-38012","1":"post","2":"type-post","3":"status-publish","4":"format-standard","5":"has-post-thumbnail","7":"category-societe"},"_links":{"self":[{"href":"https:\/\/conakrynews.org\/index.php\/wp-json\/wp\/v2\/posts\/38012","targetHints":{"allow":["GET"]}}],"collection":[{"href":"https:\/\/conakrynews.org\/index.php\/wp-json\/wp\/v2\/posts"}],"about":[{"href":"https:\/\/conakrynews.org\/index.php\/wp-json\/wp\/v2\/types\/post"}],"author":[{"embeddable":true,"href":"https:\/\/conakrynews.org\/index.php\/wp-json\/wp\/v2\/users\/2"}],"replies":[{"embeddable":true,"href":"https:\/\/conakrynews.org\/index.php\/wp-json\/wp\/v2\/comments?post=38012"}],"version-history":[{"count":0,"href":"https:\/\/conakrynews.org\/index.php\/wp-json\/wp\/v2\/posts\/38012\/revisions"}],"wp:featuredmedia":[{"embeddable":true,"href":"https:\/\/conakrynews.org\/index.php\/wp-json\/wp\/v2\/media\/38013"}],"wp:attachment":[{"href":"https:\/\/conakrynews.org\/index.php\/wp-json\/wp\/v2\/media?parent=38012"}],"wp:term":[{"taxonomy":"category","embeddable":true,"href":"https:\/\/conakrynews.org\/index.php\/wp-json\/wp\/v2\/categories?post=38012"},{"taxonomy":"post_tag","embeddable":true,"href":"https:\/\/conakrynews.org\/index.php\/wp-json\/wp\/v2\/tags?post=38012"}],"curies":[{"name":"wp","href":"https:\/\/api.w.org\/{rel}","templated":true}]}}