{"id":38036,"date":"2025-12-27T21:10:01","date_gmt":"2025-12-27T21:10:01","guid":{"rendered":"https:\/\/conakrynews.org\/?p=38036"},"modified":"2025-12-27T21:10:01","modified_gmt":"2025-12-27T21:10:01","slug":"guinee-scrutin-du-28-decembre-prochain-les-autorites-annoncent-la-fermeture-temporaire-des-frontieres","status":"publish","type":"post","link":"https:\/\/conakrynews.org\/index.php\/guinee-scrutin-du-28-decembre-prochain-les-autorites-annoncent-la-fermeture-temporaire-des-frontieres\/","title":{"rendered":"Guin\u00e9e\/Scrutin du 28 d\u00e9cembre prochain : les autorit\u00e9s annoncent la fermeture temporaire des fronti\u00e8res"},"content":{"rendered":"<p class=\"post-meta\">\n<div class=\"clear\">\u00c0 la veille du scrutin pr\u00e9sidentiel du 28 d\u00e9cembre 2025, le Minist\u00e8re de l\u2019Administration du Territoire et de la D\u00e9centralisation a annonc\u00e9 ce samedi 27 d\u00e9cembre 2025, la fermeture temporaire des fronti\u00e8res, interdiction temporaire et restriction de la circulation demain dimanche sur toute l\u2019\u00e9tendue du territoire national.<\/div>\n<div class=\"entry\">\n<p>Selon le communiqu\u00e9 du gouvernement, cette d\u00e9cision s\u2019inscrit dans le cadre de d\u00e9finir les mesures de s\u00e9curit\u00e9 applicables pendant le d\u00e9roulement du scrutin pr\u00e9sidentiel du 28 d\u00e9cembre prochain.<\/p>\n<p><strong>Ci-joint le communiqu\u00e9 du MATD<\/strong><\/p>\n<p>&nbsp;<\/p>\n<p><img loading=\"lazy\" decoding=\"async\" class=\"alignnone wp-image-37855 size-large tie-appear\" src=\"https:\/\/www.guineequotidien.com\/wp-content\/uploads\/2025\/12\/Screenshot_20251227_191450_All-PDF-Reader-759x1024.jpg\" alt=\"\" width=\"618\" height=\"834\" \/>\u00a0<img loading=\"lazy\" decoding=\"async\" class=\"alignnone wp-image-37856 size-large tie-appear\" src=\"https:\/\/www.guineequotidien.com\/wp-content\/uploads\/2025\/12\/Screenshot_20251227_191529_All-PDF-Reader-750x1024.jpg\" alt=\"\" width=\"618\" height=\"844\" \/><\/p>\n<p>&nbsp;<\/p>\n<p><strong>Source:Guineequotidien\u00a0<\/strong><\/p>\n<\/div>\n","protected":false},"excerpt":{"rendered":"<p>\u00c0 la veille du scrutin pr\u00e9sidentiel du 28 d\u00e9cembre 2025, le Minist\u00e8re de l\u2019Administration du Territoire et de la D\u00e9centralisation a annonc\u00e9 ce samedi 27 d\u00e9cembre 2025, la fermeture temporaire des fronti\u00e8res, interdiction temporaire et restriction de la circulation demain dimanche sur toute l\u2019\u00e9tendue du territoire national. Selon le communiqu\u00e9 du gouvernement, cette d\u00e9cision s\u2019inscrit [&hellip;]<\/p>\n","protected":false},"author":2,"featured_media":38037,"comment_status":"closed","ping_status":"closed","sticky":false,"template":"","format":"standard","meta":{"footnotes":""},"categories":[57],"tags":[],"class_list":{"0":"post-38036","1":"post","2":"type-post","3":"status-publish","4":"format-standard","5":"has-post-thumbnail","7":"category-politique"},"_links":{"self":[{"href":"https:\/\/conakrynews.org\/index.php\/wp-json\/wp\/v2\/posts\/38036","targetHints":{"allow":["GET"]}}],"collection":[{"href":"https:\/\/conakrynews.org\/index.php\/wp-json\/wp\/v2\/posts"}],"about":[{"href":"https:\/\/conakrynews.org\/index.php\/wp-json\/wp\/v2\/types\/post"}],"author":[{"embeddable":true,"href":"https:\/\/conakrynews.org\/index.php\/wp-json\/wp\/v2\/users\/2"}],"replies":[{"embeddable":true,"href":"https:\/\/conakrynews.org\/index.php\/wp-json\/wp\/v2\/comments?post=38036"}],"version-history":[{"count":0,"href":"https:\/\/conakrynews.org\/index.php\/wp-json\/wp\/v2\/posts\/38036\/revisions"}],"wp:featuredmedia":[{"embeddable":true,"href":"https:\/\/conakrynews.org\/index.php\/wp-json\/wp\/v2\/media\/38037"}],"wp:attachment":[{"href":"https:\/\/conakrynews.org\/index.php\/wp-json\/wp\/v2\/media?parent=38036"}],"wp:term":[{"taxonomy":"category","embeddable":true,"href":"https:\/\/conakrynews.org\/index.php\/wp-json\/wp\/v2\/categories?post=38036"},{"taxonomy":"post_tag","embeddable":true,"href":"https:\/\/conakrynews.org\/index.php\/wp-json\/wp\/v2\/tags?post=38036"}],"curies":[{"name":"wp","href":"https:\/\/api.w.org\/{rel}","templated":true}]}}