{"id":38045,"date":"2025-12-28T05:44:24","date_gmt":"2025-12-28T05:44:24","guid":{"rendered":"https:\/\/conakrynews.org\/?p=38045"},"modified":"2025-12-28T05:44:24","modified_gmt":"2025-12-28T05:44:24","slug":"guinee-couverture-mediatique-electorale-lurtelgui-partage-son-experience-aux-invites-de-la-hac","status":"publish","type":"post","link":"https:\/\/conakrynews.org\/index.php\/guinee-couverture-mediatique-electorale-lurtelgui-partage-son-experience-aux-invites-de-la-hac\/","title":{"rendered":"Guin\u00e9e\/Couverture m\u00e9diatique \u00e9lectorale : l\u2019URTELGUI partage son exp\u00e9rience aux invit\u00e9s de la HAC"},"content":{"rendered":"<div class=\"clear\">La pr\u00e9sence \u00e0 Conakry de hautes personnalit\u00e9s Africaines de la r\u00e9gulation de la communication, venues du Mali, du Tchad et du Gabon est une opportunit\u00e9 choisie par la HAC pour partager les exp\u00e9riences sur la couverture m\u00e9diatique de la campagne \u00e9lectorale.<\/div>\n<div class=\"entry\">\n<p>&nbsp;<\/p>\n<p>Le pr\u00e9sident de la HAC a facilit\u00e9 ce mercredi une rencontre d\u2019\u00e9changes entre les responsables de l\u2019union des radios et t\u00e9l\u00e9visions libres de Guin\u00e9e (URTELGUI) et les h\u00f4tes de la HAC.<\/p>\n<p>Au cours de cette rencontre, il a \u00e9t\u00e9 question de la synergie des radios et t\u00e9l\u00e9visions du pays avant, pendant et apr\u00e8s l\u2019\u00e9lection.<\/p>\n<p>&nbsp;<\/p>\n<p>Depuis 2010, ce mod\u00e8le de la synergie repose sur la mutualisation des ressources humaines, techniques et mat\u00e9rielles des m\u00e9dias audiovisuels afin d\u2019assurer une couverture responsable, professionnelle et apais\u00e9e des \u00e9lections.<\/p>\n<p>&nbsp;<\/p>\n<p>La diffusion en temps r\u00e9el des r\u00e9sultats affich\u00e9s devant les bureaux de vote, avant toute proclamation officielle, constitue l\u2019un de ses piliers essentiels.<\/p>\n<p>&nbsp;<\/p>\n<p>Ce mod\u00e8le a \u00e9t\u00e9 largement expliqu\u00e9 par le pr\u00e9sident de l\u2019URTELGUI, Aboubacar CAMARA accompagn\u00e9 d\u2019autres membres de son bureau ex\u00e9cutif.<\/p>\n<p>Pour le pr\u00e9sident du l\u2019URTELGUI \u00ab C\u2019est un sentiment de fiert\u00e9. Cette rencontre permet une mutualisation des connaissances. Aujourd\u2019hui, l\u2019URTELGUI est devenue une v\u00e9ritable courroie de transmission de Conakry \u00e0 Yomou. \u00bb<\/p>\n<p>&nbsp;<\/p>\n<p>Aboubacar Camara, le patron de l\u2019organisation fa\u00eeti\u00e8re des m\u00e9dias priv\u00e9s a \u00e9galement insist\u00e9 sur la capacit\u00e9 de r\u00e9silience du dispositif, malgr\u00e9 la fin de certains appuis financiers internationaux.<\/p>\n<p>Pour cette pr\u00e9sidentielle, la Radiodiffusion T\u00e9l\u00e9vision Guin\u00e9enne (RTG) et les 39 stations de radio rurale se joindront aux radios priv\u00e9es pour une couverture continue de quatre jours, renfor\u00e7ant ainsi la port\u00e9e nationale de la Synergie.<\/p>\n<p>&nbsp;<\/p>\n<p>Pour ce qui concerne les pr\u00e9paratifs, \u00e0 quelques jours de l\u2019\u00e9lection, Aboubacar Camara a rassur\u00e9.<\/p>\n<p>\u00ab Nous sommes \u00e0 80-90 % de pr\u00e9paration. Nous voulons innover pour montrer que la Guin\u00e9e a la capacit\u00e9 de porter ce projet de fa\u00e7on autonome. Tous les m\u00e9dias sont mobilis\u00e9s pour que les neuf candidats soient trait\u00e9s avec \u00e9quit\u00e9. \u00bb<\/p>\n<p>Les pr\u00e9sidents des instances de r\u00e9gulation de la Communication pr\u00e9sents \u00e0 Conakry, prendront part au lancement de cette synergie \u00e0 dimension r\u00e9gionale.<\/p>\n<p>Le pr\u00e9sident de la HAC Guin\u00e9e, Boubacar Yacine Diallo, initiateur du concept a salu\u00e9 l\u2019\u00e9volution du projet.<\/p>\n<p>&nbsp;<\/p>\n<p>\u00ab La Synergie a surv\u00e9cu gr\u00e2ce au leadership de l\u2019URTELGUI. C\u2019est d\u00e9sormais un financement 100 % guin\u00e9en. Ce dispositif r\u00e9duit les risques de d\u00e9rapage : les journalistes excit\u00e9s ne sont pas \u00e0 l\u2019antenne et l\u2019\u00e9lection se passe de fa\u00e7on apais\u00e9e. \u00bb<\/p>\n<p>&nbsp;<\/p>\n<p>Mr Gaoussou Coulibaly, Pr\u00e9sident de la HAC-Mali et porte-parole de la mission a tout d\u2019abord remerci\u00e9 le pr\u00e9sident de la HAC et son coll\u00e8ge avant de mettre un accent particulier sur l\u2019int\u00e9r\u00eat que suscite cette exp\u00e9rience au-del\u00e0 des fronti\u00e8res guin\u00e9ennes.<\/p>\n<p>&nbsp;<\/p>\n<p>\u00ab En Guin\u00e9e, les hommes de m\u00e9dias parviennent \u00e0 parler d\u2019une seule voix lors des moments essentiels. Cela r\u00e9duit \u00e9norm\u00e9ment les risques de friction. \u00c0 notre retour, nous partagerons cette exp\u00e9rience avec vos homologues journalistes maliens pour qu\u2019ils s\u2019en inspirent. \u00bb<\/p>\n<p>&nbsp;<\/p>\n<p>Il faut signaler que le Pr\u00e9sident de l\u2019instance de r\u00e9gulation des m\u00e9dias du Congo est attendu \u00e0 Conakry dans les 24 heures qui suivent.<\/p>\n<p>&nbsp;<\/p>\n<p>Pendant ce temps, le d\u00e9marrage de la synergie est pr\u00e9vu ce samedi.<\/p>\n<p>&nbsp;<\/p>\n<p><strong>Avec Cellule de communication HAC<\/strong><\/p>\n<\/div>\n","protected":false},"excerpt":{"rendered":"<p>La pr\u00e9sence \u00e0 Conakry de hautes personnalit\u00e9s Africaines de la r\u00e9gulation de la communication, venues du Mali, du Tchad et du Gabon est une opportunit\u00e9 choisie par la HAC pour partager les exp\u00e9riences sur la couverture m\u00e9diatique de la campagne \u00e9lectorale. &nbsp; Le pr\u00e9sident de la HAC a facilit\u00e9 ce mercredi une rencontre d\u2019\u00e9changes entre [&hellip;]<\/p>\n","protected":false},"author":2,"featured_media":38046,"comment_status":"closed","ping_status":"closed","sticky":false,"template":"","format":"standard","meta":{"footnotes":""},"categories":[58],"tags":[],"class_list":{"0":"post-38045","1":"post","2":"type-post","3":"status-publish","4":"format-standard","5":"has-post-thumbnail","7":"category-societe"},"_links":{"self":[{"href":"https:\/\/conakrynews.org\/index.php\/wp-json\/wp\/v2\/posts\/38045","targetHints":{"allow":["GET"]}}],"collection":[{"href":"https:\/\/conakrynews.org\/index.php\/wp-json\/wp\/v2\/posts"}],"about":[{"href":"https:\/\/conakrynews.org\/index.php\/wp-json\/wp\/v2\/types\/post"}],"author":[{"embeddable":true,"href":"https:\/\/conakrynews.org\/index.php\/wp-json\/wp\/v2\/users\/2"}],"replies":[{"embeddable":true,"href":"https:\/\/conakrynews.org\/index.php\/wp-json\/wp\/v2\/comments?post=38045"}],"version-history":[{"count":0,"href":"https:\/\/conakrynews.org\/index.php\/wp-json\/wp\/v2\/posts\/38045\/revisions"}],"wp:featuredmedia":[{"embeddable":true,"href":"https:\/\/conakrynews.org\/index.php\/wp-json\/wp\/v2\/media\/38046"}],"wp:attachment":[{"href":"https:\/\/conakrynews.org\/index.php\/wp-json\/wp\/v2\/media?parent=38045"}],"wp:term":[{"taxonomy":"category","embeddable":true,"href":"https:\/\/conakrynews.org\/index.php\/wp-json\/wp\/v2\/categories?post=38045"},{"taxonomy":"post_tag","embeddable":true,"href":"https:\/\/conakrynews.org\/index.php\/wp-json\/wp\/v2\/tags?post=38045"}],"curies":[{"name":"wp","href":"https:\/\/api.w.org\/{rel}","templated":true}]}}