{"id":38049,"date":"2025-12-28T05:49:10","date_gmt":"2025-12-28T05:49:10","guid":{"rendered":"https:\/\/conakrynews.org\/?p=38049"},"modified":"2025-12-28T05:49:10","modified_gmt":"2025-12-28T05:49:10","slug":"kaloum-une-grande-priere-pour-la-paix-et-la-retenue","status":"publish","type":"post","link":"https:\/\/conakrynews.org\/index.php\/kaloum-une-grande-priere-pour-la-paix-et-la-retenue\/","title":{"rendered":"Kaloum: Une Grande pri\u00e8re pour la paix et la retenue"},"content":{"rendered":"<div class=\"td-pb-row\">\n<div class=\"td-pb-span12\">\n<div class=\"td-post-header\">\n<header class=\"td-post-title\">\n<h1 class=\"entry-title\"><\/h1>\n<div class=\"td-module-meta-info\">\n<div class=\"td-post-author-name\">\n<div class=\"td-author-by\">Conakry \u2013 Vendredi 26 d\u00e9cembre 2025<\/div>\n<\/div>\n<\/div>\n<\/header>\n<\/div>\n<\/div>\n<\/div>\n<div class=\"td-pb-row\">\n<div class=\"td-pb-span8 td-main-content\" role=\"main\">\n<div class=\"td-ss-main-content\">\n<div class=\"td-post-content\">\n<p>Une grande pri\u00e8re collective pour la paix, la coh\u00e9sion sociale et la retenue a \u00e9t\u00e9 organis\u00e9e ce vendredi 26 d\u00e9cembre 2025 \u00e0 14 heures \u00e0 la Mosqu\u00e9e centrale de Kaloum Sendervalia, dans la commune de Kaloum. Cette initiative religieuse majeure s\u2019inscrit dans le contexte de l\u2019\u00e9lection pr\u00e9sidentielle pr\u00e9vue pour le 28 d\u00e9cembre 2025.<\/p>\n<p><a href=\"https:\/\/i0.wp.com\/liberationinfo.com\/wp-content\/uploads\/2025\/12\/IMG-20251226-WA0102.jpg\"><img loading=\"lazy\" decoding=\"async\" class=\"alignnone size-medium wp-image-29137 td-animation-stack-type0-1\" src=\"https:\/\/i0.wp.com\/liberationinfo.com\/wp-content\/uploads\/2025\/12\/IMG-20251226-WA0102.jpg?resize=300%2C135\" alt=\"\" width=\"300\" height=\"135\" data-recalc-dims=\"1\" \/><\/a><br \/>\nLa c\u00e9r\u00e9monie de pri\u00e8re, fond\u00e9e sur les enseignements du Saint Coran, a \u00e9t\u00e9 organis\u00e9e par quatre (4) Kountigui de la Basse-C\u00f4te. \u00c0 travers cette rencontre spirituelle, les leaders traditionnels et religieux ont lanc\u00e9 un appel solennel \u00e0 l\u2019ensemble des populations guin\u00e9ennes \u00e0 faire preuve de retenue, de sagesse et de responsabilit\u00e9 avant, pendant et apr\u00e8s le scrutin pr\u00e9sidentiel.<br \/>\nL\u2019\u00e9v\u00e9nement a \u00e9t\u00e9 pr\u00e9sid\u00e9 par les fils et cadres ressortissants de la Basse-C\u00f4te, venus t\u00e9moigner de leur engagement en faveur de la paix et de la stabilit\u00e9 nationale. La rencontre a \u00e9galement enregistr\u00e9 la pr\u00e9sence remarquable des imams des treize (13) ligues communales de la ville de Conakry, illustrant l\u2019unit\u00e9 et la solidarit\u00e9 du corps religieux face aux enjeux \u00e9lectoraux.<\/p>\n<p><a href=\"https:\/\/i0.wp.com\/liberationinfo.com\/wp-content\/uploads\/2025\/12\/IMG-20251226-WA0098.jpg\"><img loading=\"lazy\" decoding=\"async\" class=\"alignnone size-medium wp-image-29138 td-animation-stack-type0-1\" src=\"https:\/\/i0.wp.com\/liberationinfo.com\/wp-content\/uploads\/2025\/12\/IMG-20251226-WA0098.jpg?resize=300%2C135\" alt=\"\" width=\"300\" height=\"135\" data-recalc-dims=\"1\" \/><\/a><br \/>\nPlac\u00e9e sous la coordination de la Ligue r\u00e9gionale des affaires religieuses de Conakry repr\u00e9sent\u00e9 par L\u2019adjoint Elhadj Alseny Bangoura , cette grande pri\u00e8re s\u2019est tenue sous le haut patronage du ministre secr\u00e9taire g\u00e9n\u00e9ral aux Affaires religieuses, Elhadj Karamo Diawara. Dans son message, relay\u00e9 par les responsables religieux et les reresponsables de la jeunesse de la basse cote tous, l\u2019accent a \u00e9t\u00e9 mis sur l\u2019importance du dialogue et les , du respect mutuel et du rejet de toute forme de violence ou de provocation.<\/p>\n<p><a href=\"https:\/\/i0.wp.com\/liberationinfo.com\/wp-content\/uploads\/2025\/12\/IMG-20251226-WA0105.jpg\"><img loading=\"lazy\" decoding=\"async\" class=\"alignnone size-medium wp-image-29139 td-animation-stack-type0-1\" src=\"https:\/\/i0.wp.com\/liberationinfo.com\/wp-content\/uploads\/2025\/12\/IMG-20251226-WA0105.jpg?resize=300%2C135\" alt=\"\" width=\"300\" height=\"135\" data-recalc-dims=\"1\" \/><\/a><br \/>\n\u00c0 travers des invocations et des lectures coraniques, les fid\u00e8les ont pri\u00e9 pour des \u00e9lections apais\u00e9es, transparentes et porteuses de paix pour la Guin\u00e9e. Cette initiative religieuse t\u00e9moigne une fois de plus du r\u00f4le central des autorit\u00e9s religieuses et traditionnelles dans la pr\u00e9servation de la coh\u00e9sion sociale et de la stabilit\u00e9 du pays en p\u00e9riode \u00e9lectorale.<\/p>\n<p><strong>Ibrahima Sory Camara<\/strong><\/p>\n<\/div>\n<\/div>\n<\/div>\n<\/div>\n","protected":false},"excerpt":{"rendered":"<p>Conakry \u2013 Vendredi 26 d\u00e9cembre 2025 Une grande pri\u00e8re collective pour la paix, la coh\u00e9sion sociale et la retenue a \u00e9t\u00e9 organis\u00e9e ce vendredi 26 d\u00e9cembre 2025 \u00e0 14 heures \u00e0 la Mosqu\u00e9e centrale de Kaloum Sendervalia, dans la commune de Kaloum. Cette initiative religieuse majeure s\u2019inscrit dans le contexte de l\u2019\u00e9lection pr\u00e9sidentielle pr\u00e9vue pour [&hellip;]<\/p>\n","protected":false},"author":2,"featured_media":38050,"comment_status":"closed","ping_status":"closed","sticky":false,"template":"","format":"standard","meta":{"footnotes":""},"categories":[58],"tags":[],"class_list":{"0":"post-38049","1":"post","2":"type-post","3":"status-publish","4":"format-standard","5":"has-post-thumbnail","7":"category-societe"},"_links":{"self":[{"href":"https:\/\/conakrynews.org\/index.php\/wp-json\/wp\/v2\/posts\/38049","targetHints":{"allow":["GET"]}}],"collection":[{"href":"https:\/\/conakrynews.org\/index.php\/wp-json\/wp\/v2\/posts"}],"about":[{"href":"https:\/\/conakrynews.org\/index.php\/wp-json\/wp\/v2\/types\/post"}],"author":[{"embeddable":true,"href":"https:\/\/conakrynews.org\/index.php\/wp-json\/wp\/v2\/users\/2"}],"replies":[{"embeddable":true,"href":"https:\/\/conakrynews.org\/index.php\/wp-json\/wp\/v2\/comments?post=38049"}],"version-history":[{"count":0,"href":"https:\/\/conakrynews.org\/index.php\/wp-json\/wp\/v2\/posts\/38049\/revisions"}],"wp:featuredmedia":[{"embeddable":true,"href":"https:\/\/conakrynews.org\/index.php\/wp-json\/wp\/v2\/media\/38050"}],"wp:attachment":[{"href":"https:\/\/conakrynews.org\/index.php\/wp-json\/wp\/v2\/media?parent=38049"}],"wp:term":[{"taxonomy":"category","embeddable":true,"href":"https:\/\/conakrynews.org\/index.php\/wp-json\/wp\/v2\/categories?post=38049"},{"taxonomy":"post_tag","embeddable":true,"href":"https:\/\/conakrynews.org\/index.php\/wp-json\/wp\/v2\/tags?post=38049"}],"curies":[{"name":"wp","href":"https:\/\/api.w.org\/{rel}","templated":true}]}}