{"id":38066,"date":"2025-12-29T14:47:35","date_gmt":"2025-12-29T14:47:35","guid":{"rendered":"https:\/\/conakrynews.org\/?p=38066"},"modified":"2025-12-29T14:47:35","modified_gmt":"2025-12-29T14:47:35","slug":"guinee-nomination-des-nouveaux-drh-au-sein-des-ministeres-et-directions-generales","status":"publish","type":"post","link":"https:\/\/conakrynews.org\/index.php\/guinee-nomination-des-nouveaux-drh-au-sein-des-ministeres-et-directions-generales\/","title":{"rendered":"Guin\u00e9e : Nomination des nouveaux DRH au sein des Minist\u00e8res et Directions g\u00e9n\u00e9rales"},"content":{"rendered":"<div class=\"clear\">Le Minist\u00e8re du Travail et de la Fonction Publique a proc\u00e9d\u00e9 ce lundi 29 d\u00e9cembre 2025, \u00e0 la nomination de Chefs de Division des Ressources Humaines des Institutions et des Directions G\u00e9n\u00e9rales.<\/div>\n<div class=\"entry\">\n<p>C\u2019est \u00e0 travers un arr\u00eat\u00e9 du Ministre du Travail et de la Fonction Publique Faya Fran\u00e7ois Bourouno que ces cadres ont \u00e9t\u00e9 nomm\u00e9s au sein des diff\u00e9rentes institutions.<\/p>\n<p><strong>Ci-dessous la liste des cadres promus<\/strong><\/p>\n<p>&nbsp;<\/p>\n<figure id=\"attachment_37900\" class=\"wp-caption alignnone\" aria-describedby=\"caption-attachment-37900\"><img loading=\"lazy\" decoding=\"async\" class=\"wp-image-37900 size-large tie-appear\" src=\"https:\/\/www.guineequotidien.com\/wp-content\/uploads\/2025\/12\/drh1-712x1024.jpg\" alt=\"\" width=\"618\" height=\"889\" \/><figcaption id=\"caption-attachment-37900\" class=\"wp-caption-text\">\u00a0<\/figcaption><\/figure>\n<figure id=\"attachment_37899\" class=\"wp-caption alignnone\" aria-describedby=\"caption-attachment-37899\"><img loading=\"lazy\" decoding=\"async\" class=\"wp-image-37899 size-large tie-appear\" src=\"https:\/\/www.guineequotidien.com\/wp-content\/uploads\/2025\/12\/drh2-712x1024.jpg\" alt=\"\" width=\"618\" height=\"889\" \/><figcaption id=\"caption-attachment-37899\" class=\"wp-caption-text\">\u00a0<\/figcaption><\/figure>\n<p><img loading=\"lazy\" decoding=\"async\" class=\"wp-image-37898 size-large tie-appear\" src=\"https:\/\/www.guineequotidien.com\/wp-content\/uploads\/2025\/12\/drh3-733x1024.jpg\" alt=\"\" width=\"618\" height=\"863\" \/><\/p>\n<p><img loading=\"lazy\" decoding=\"async\" class=\"wp-image-37897 size-large tie-appear\" src=\"https:\/\/www.guineequotidien.com\/wp-content\/uploads\/2025\/12\/drh4-746x1024.jpg\" alt=\"\" width=\"618\" height=\"848\" \/><\/p>\n<p>&nbsp;<\/p>\n<p><strong>Guineequotidien\u00a0<\/strong><\/p>\n<\/div>\n","protected":false},"excerpt":{"rendered":"<p>Le Minist\u00e8re du Travail et de la Fonction Publique a proc\u00e9d\u00e9 ce lundi 29 d\u00e9cembre 2025, \u00e0 la nomination de Chefs de Division des Ressources Humaines des Institutions et des Directions G\u00e9n\u00e9rales. C\u2019est \u00e0 travers un arr\u00eat\u00e9 du Ministre du Travail et de la Fonction Publique Faya Fran\u00e7ois Bourouno que ces cadres ont \u00e9t\u00e9 nomm\u00e9s [&hellip;]<\/p>\n","protected":false},"author":2,"featured_media":38067,"comment_status":"closed","ping_status":"closed","sticky":false,"template":"","format":"standard","meta":{"footnotes":""},"categories":[58],"tags":[],"class_list":{"0":"post-38066","1":"post","2":"type-post","3":"status-publish","4":"format-standard","5":"has-post-thumbnail","7":"category-societe"},"_links":{"self":[{"href":"https:\/\/conakrynews.org\/index.php\/wp-json\/wp\/v2\/posts\/38066","targetHints":{"allow":["GET"]}}],"collection":[{"href":"https:\/\/conakrynews.org\/index.php\/wp-json\/wp\/v2\/posts"}],"about":[{"href":"https:\/\/conakrynews.org\/index.php\/wp-json\/wp\/v2\/types\/post"}],"author":[{"embeddable":true,"href":"https:\/\/conakrynews.org\/index.php\/wp-json\/wp\/v2\/users\/2"}],"replies":[{"embeddable":true,"href":"https:\/\/conakrynews.org\/index.php\/wp-json\/wp\/v2\/comments?post=38066"}],"version-history":[{"count":0,"href":"https:\/\/conakrynews.org\/index.php\/wp-json\/wp\/v2\/posts\/38066\/revisions"}],"wp:featuredmedia":[{"embeddable":true,"href":"https:\/\/conakrynews.org\/index.php\/wp-json\/wp\/v2\/media\/38067"}],"wp:attachment":[{"href":"https:\/\/conakrynews.org\/index.php\/wp-json\/wp\/v2\/media?parent=38066"}],"wp:term":[{"taxonomy":"category","embeddable":true,"href":"https:\/\/conakrynews.org\/index.php\/wp-json\/wp\/v2\/categories?post=38066"},{"taxonomy":"post_tag","embeddable":true,"href":"https:\/\/conakrynews.org\/index.php\/wp-json\/wp\/v2\/tags?post=38066"}],"curies":[{"name":"wp","href":"https:\/\/api.w.org\/{rel}","templated":true}]}}