{"id":38245,"date":"2026-01-13T11:22:52","date_gmt":"2026-01-13T11:22:52","guid":{"rendered":"https:\/\/conakrynews.org\/?p=38245"},"modified":"2026-01-13T11:22:52","modified_gmt":"2026-01-13T11:22:52","slug":"guinee-education-pose-de-la-1ere-pierre-du-projet-de-construction-dun-complexe-academique-oustoya-premier-lycee-de-la-c-r-de-pita","status":"publish","type":"post","link":"https:\/\/conakrynews.org\/index.php\/guinee-education-pose-de-la-1ere-pierre-du-projet-de-construction-dun-complexe-academique-oustoya-premier-lycee-de-la-c-r-de-pita\/","title":{"rendered":"Guin\u00e9e\/\u00c9ducation: pose de la 1\u00e8re pi\u00e8rre du projet de construction d\u2019un complexe acad\u00e9mique Oustoya, premier lyc\u00e9e de la C-R de Pita"},"content":{"rendered":"<div class=\"clear\">Apr\u00e8s l\u2019\u00e9tape de Gu\u00e8m\u00e8banki, le Premier ministre, Chef du Gouvernement, a proc\u00e9d\u00e9 \u00e0 la pose de la premi\u00e8re pierre du projet de r\u00e9habilitation et d\u2019extension du complexe acad\u00e9mique Oustoya, premier lyc\u00e9e de la commune urbaine de Pita. Cette initiative s\u2019inscrit dans la volont\u00e9 du Gouvernement de renforcer durablement les infrastructures \u00e9ducatives et d\u2019am\u00e9liorer les conditions d\u2019apprentissage des \u00e9l\u00e8ves.<\/div>\n<div class=\"entry\">\n<p>Financ\u00e9 par le Budget National de D\u00e9veloppement (BND) et la Banque allemande de promotion et de d\u00e9veloppement (KFW), le projet pr\u00e9voit la construction de 3 blocs de salles de classe en R+2, d\u2019une biblioth\u00e8que, de 2 blocs administratifs, de 2 r\u00e9fectoires, de 4 blocs de latrines, d\u2019aires de jeux, de logements ainsi que d\u2019un forage \u00e9quip\u00e9, afin d\u2019offrir un cadre scolaire moderne et fonctionnel.<\/p>\n<p>Pour sa part, le Directeur Pr\u00e9fectoral de l\u2019\u00c9ducation de Pita, Hady Diaby a pris l\u2019engagement d\u2019assurer un suivi rigoureux de l\u2019ex\u00e9cution des travaux. Il a \u00e9galement promis de veiller, \u00e0 l\u2019ach\u00e8vement du projet, \u00e0 une gestion responsable et \u00e0 une utilisation optimale des infrastructures, dans l\u2019int\u00e9r\u00eat exclusif des apprenants et du syst\u00e8me \u00e9ducatif local.<\/p>\n<p>Le Premier ministre a lanc\u00e9 un appel fort aux \u00e9l\u00e8ves, les exhortant \u00e0 faire de l\u2019\u00e9cole leur priorit\u00e9 absolue. Il a insist\u00e9 sur l\u2019importance du travail, de la discipline et de la pers\u00e9v\u00e9rance, rappelant que l\u2019\u00e9ducation demeure le socle de toute r\u00e9ussite individuelle et collective. Selon lui, chaque enfant doit saisir pleinement les opportunit\u00e9s offertes par l\u2019\u00c9tat \u00e0 travers la construction et la modernisation des infrastructures scolaires.<\/p>\n<p>En encourageant les enfants \u00e0 \u00e9tudier avec s\u00e9rieux, il a r\u00e9affirm\u00e9 la d\u00e9termination du Gouvernement \u00e0 investir dans le capital humain, convaincu que la connaissance est la voie la plus s\u00fbre pour former des citoyens capables de b\u00e2tir une nation prosp\u00e8re, solidaire et tourn\u00e9e vers le progr\u00e8s.<\/p>\n<p>Enfin, deux satisf\u00e9cits ont \u00e9t\u00e9 remis, respectivement, au Pr\u00e9sident de la R\u00e9publique et au Chef du Gouvernement, en reconnaissance de leur engagement constant en faveur de la paix et de leur contribution significative aux actions de d\u00e9veloppement socio-\u00e9conomique du pays.<\/p>\n<p>&nbsp;<\/p>\n<p><strong>Avec CCG<\/strong><\/p>\n<\/div>\n<div class=\"share-post\">\n<p>&nbsp;<\/p>\n<\/div>\n","protected":false},"excerpt":{"rendered":"<p>Apr\u00e8s l\u2019\u00e9tape de Gu\u00e8m\u00e8banki, le Premier ministre, Chef du Gouvernement, a proc\u00e9d\u00e9 \u00e0 la pose de la premi\u00e8re pierre du projet de r\u00e9habilitation et d\u2019extension du complexe acad\u00e9mique Oustoya, premier lyc\u00e9e de la commune urbaine de Pita. Cette initiative s\u2019inscrit dans la volont\u00e9 du Gouvernement de renforcer durablement les infrastructures \u00e9ducatives et d\u2019am\u00e9liorer les conditions [&hellip;]<\/p>\n","protected":false},"author":2,"featured_media":38246,"comment_status":"closed","ping_status":"closed","sticky":false,"template":"","format":"standard","meta":{"footnotes":""},"categories":[58],"tags":[],"class_list":{"0":"post-38245","1":"post","2":"type-post","3":"status-publish","4":"format-standard","5":"has-post-thumbnail","7":"category-societe"},"_links":{"self":[{"href":"https:\/\/conakrynews.org\/index.php\/wp-json\/wp\/v2\/posts\/38245","targetHints":{"allow":["GET"]}}],"collection":[{"href":"https:\/\/conakrynews.org\/index.php\/wp-json\/wp\/v2\/posts"}],"about":[{"href":"https:\/\/conakrynews.org\/index.php\/wp-json\/wp\/v2\/types\/post"}],"author":[{"embeddable":true,"href":"https:\/\/conakrynews.org\/index.php\/wp-json\/wp\/v2\/users\/2"}],"replies":[{"embeddable":true,"href":"https:\/\/conakrynews.org\/index.php\/wp-json\/wp\/v2\/comments?post=38245"}],"version-history":[{"count":0,"href":"https:\/\/conakrynews.org\/index.php\/wp-json\/wp\/v2\/posts\/38245\/revisions"}],"wp:featuredmedia":[{"embeddable":true,"href":"https:\/\/conakrynews.org\/index.php\/wp-json\/wp\/v2\/media\/38246"}],"wp:attachment":[{"href":"https:\/\/conakrynews.org\/index.php\/wp-json\/wp\/v2\/media?parent=38245"}],"wp:term":[{"taxonomy":"category","embeddable":true,"href":"https:\/\/conakrynews.org\/index.php\/wp-json\/wp\/v2\/categories?post=38245"},{"taxonomy":"post_tag","embeddable":true,"href":"https:\/\/conakrynews.org\/index.php\/wp-json\/wp\/v2\/tags?post=38245"}],"curies":[{"name":"wp","href":"https:\/\/api.w.org\/{rel}","templated":true}]}}