{"id":38257,"date":"2026-01-14T09:19:33","date_gmt":"2026-01-14T09:19:33","guid":{"rendered":"https:\/\/conakrynews.org\/?p=38257"},"modified":"2026-01-14T09:19:33","modified_gmt":"2026-01-14T09:19:33","slug":"guinee-economie-inauguration-de-lhotel-des-finances-publiques-de-la-region-administrative-de-labe","status":"publish","type":"post","link":"https:\/\/conakrynews.org\/index.php\/guinee-economie-inauguration-de-lhotel-des-finances-publiques-de-la-region-administrative-de-labe\/","title":{"rendered":"Guin\u00e9e\/\u00c9conomie : inauguration de l\u2019H\u00f4tel des finances publiques de la r\u00e9gion administrative de Lab\u00e9"},"content":{"rendered":"<div class=\"clear\">Le Premier ministre, Chef du Gouvernement, a pr\u00e9sid\u00e9 la c\u00e9r\u00e9monie d\u2019inauguration de l\u2019H\u00f4tel des finances publiques de la r\u00e9gion administrative de Lab\u00e9.<\/div>\n<div class=\"entry\">\n<p>La r\u00e9alisation de cet H\u00f4tel des finances illustre la volont\u00e9 constante des autorit\u00e9s de rapprocher davantage l\u2019administration des collectivit\u00e9s et des populations, tout en renfor\u00e7ant, avec rigueur, la s\u00e9curisation des recettes publiques, le contr\u00f4le des finances publiques et la lutte contre la fraude.<\/p>\n<p>Dans son allocution, le Gouverneur de la r\u00e9gion de Lab\u00e9 a soulign\u00e9 que ces nouvelles installations permettront d\u2019optimiser la qualit\u00e9 des services, de renforcer la collaboration entre les diff\u00e9rents acteurs des finances publiques et d\u2019accro\u00eetre la r\u00e9activit\u00e9 face aux d\u00e9fis \u00e9conomiques.<\/p>\n<p>Pour sa part, le ministre de l\u2019\u00c9conomie et des Finances a rappel\u00e9 que la pr\u00e9sence effective de l\u2019\u00c9tat au niveau d\u00e9concentr\u00e9 constitue une garantie d\u2019appartenance et de coh\u00e9sion des collectivit\u00e9s au sein de la Nation. Il a insist\u00e9 sur le fait qu\u2019il s\u2019agit d\u2019un symbole fort de l\u2019\u00c9tat qu\u2019il convient de consolider \u00e0 travers l\u2019ensemble des administrations. Il a pr\u00e9cis\u00e9 que \u00ab la mission premi\u00e8re des services du Tr\u00e9sor, du Contr\u00f4le financier, du Contr\u00f4le des march\u00e9s publics et de la Gestion du patrimoine de l\u2019\u00c9tat est de garantir une mobilisation optimale des ressources publiques, ainsi que la ma\u00eetrise et la qualit\u00e9 des d\u00e9penses publiques \u00bb.<\/p>\n<p>Le Premier ministre a, quant \u00e0 lui, soulign\u00e9 qu\u2019il est fondamental de disposer d\u2019infrastructures capables d\u2019accueillir, dans un m\u00eame espace, l\u2019ensemble des acteurs du minist\u00e8re de l\u2019\u00c9conomie et des Finances. Cette exigence vaut \u00e9galement pour le minist\u00e8re du Budget, afin que les services des imp\u00f4ts, des douanes et les autres structures concern\u00e9es disposent de cadres appropri\u00e9s, facilitant le travail administratif avec davantage de c\u00e9l\u00e9rit\u00e9, de coordination et d\u2019efficacit\u00e9.<\/p>\n<p>Pour le Chef du Gouvernement, l\u2019objectif principal est clair : mettre les administrateurs territoriaux dans les meilleures conditions possibles afin de permettre \u00e0 l\u2019administration d\u00e9concentr\u00e9e d\u2019accomplir pleinement et efficacement ses missions.<\/p>\n<p>L\u2019\u00e9difice inaugur\u00e9 comprend un poste d\u2019entr\u00e9e, un hall d\u2019accueil, trente-six (36) bureaux, dont trois (3) bureaux paysagers, am\u00e9nag\u00e9s pour offrir aux \u00e9quipes un espace de travail collaboratif, moderne et fonctionnel.<\/p>\n<p>&nbsp;<\/p>\n<p><strong>Avec CCG<\/strong><\/p>\n<\/div>\n","protected":false},"excerpt":{"rendered":"<p>Le Premier ministre, Chef du Gouvernement, a pr\u00e9sid\u00e9 la c\u00e9r\u00e9monie d\u2019inauguration de l\u2019H\u00f4tel des finances publiques de la r\u00e9gion administrative de Lab\u00e9. La r\u00e9alisation de cet H\u00f4tel des finances illustre la volont\u00e9 constante des autorit\u00e9s de rapprocher davantage l\u2019administration des collectivit\u00e9s et des populations, tout en renfor\u00e7ant, avec rigueur, la s\u00e9curisation des recettes publiques, le [&hellip;]<\/p>\n","protected":false},"author":2,"featured_media":38258,"comment_status":"closed","ping_status":"closed","sticky":false,"template":"","format":"standard","meta":{"footnotes":""},"categories":[57],"tags":[],"class_list":{"0":"post-38257","1":"post","2":"type-post","3":"status-publish","4":"format-standard","5":"has-post-thumbnail","7":"category-politique"},"_links":{"self":[{"href":"https:\/\/conakrynews.org\/index.php\/wp-json\/wp\/v2\/posts\/38257","targetHints":{"allow":["GET"]}}],"collection":[{"href":"https:\/\/conakrynews.org\/index.php\/wp-json\/wp\/v2\/posts"}],"about":[{"href":"https:\/\/conakrynews.org\/index.php\/wp-json\/wp\/v2\/types\/post"}],"author":[{"embeddable":true,"href":"https:\/\/conakrynews.org\/index.php\/wp-json\/wp\/v2\/users\/2"}],"replies":[{"embeddable":true,"href":"https:\/\/conakrynews.org\/index.php\/wp-json\/wp\/v2\/comments?post=38257"}],"version-history":[{"count":0,"href":"https:\/\/conakrynews.org\/index.php\/wp-json\/wp\/v2\/posts\/38257\/revisions"}],"wp:featuredmedia":[{"embeddable":true,"href":"https:\/\/conakrynews.org\/index.php\/wp-json\/wp\/v2\/media\/38258"}],"wp:attachment":[{"href":"https:\/\/conakrynews.org\/index.php\/wp-json\/wp\/v2\/media?parent=38257"}],"wp:term":[{"taxonomy":"category","embeddable":true,"href":"https:\/\/conakrynews.org\/index.php\/wp-json\/wp\/v2\/categories?post=38257"},{"taxonomy":"post_tag","embeddable":true,"href":"https:\/\/conakrynews.org\/index.php\/wp-json\/wp\/v2\/tags?post=38257"}],"curies":[{"name":"wp","href":"https:\/\/api.w.org\/{rel}","templated":true}]}}