{"id":38270,"date":"2026-01-15T14:41:52","date_gmt":"2026-01-15T14:41:52","guid":{"rendered":"https:\/\/conakrynews.org\/?p=38270"},"modified":"2026-01-15T14:41:52","modified_gmt":"2026-01-15T14:41:52","slug":"immigration-les-passages-irreguliers-aux-frontieres-de-lue-en-baisse-de-26-en-2025-selon-frontex","status":"publish","type":"post","link":"https:\/\/conakrynews.org\/index.php\/immigration-les-passages-irreguliers-aux-frontieres-de-lue-en-baisse-de-26-en-2025-selon-frontex\/","title":{"rendered":"Immigration: les passages irr\u00e9guliers aux fronti\u00e8res de l\u2019UE en baisse de 26% en 2025, selon Frontex"},"content":{"rendered":"<div class=\"clear\">C\u2019est une baisse marquante : les entr\u00e9es ill\u00e9gales aux fronti\u00e8res de l\u2019Union europ\u00e9enne ont chut\u00e9 de plus d\u2019un quart l\u2019an dernier. Selon les chiffres de Frontex, l\u2019agence europ\u00e9enne charg\u00e9e des fronti\u00e8res, c\u2019est le niveau le plus bas depuis plusieurs ann\u00e9es.<\/div>\n<div class=\"entry\">\n<p>Quelque 178\u00a0000 personnes ont tent\u00e9 de franchir ill\u00e9galement les fronti\u00e8res de l\u2019<strong><a class=\"gtm-add-suggested-tag\" href=\"https:\/\/www.rfi.fr\/fr\/tag\/union-europ%C3%A9enne\/\" target=\"_self\" rel=\"noopener noreferrer\">Union europ\u00e9enne<\/a><\/strong>\u00a0(UE) en 2025.\u00a0<a href=\"https:\/\/www.rfi.fr\/fr\/europe\/20250114-les-entr%C3%A9es-irr%C3%A9guli%C3%A8res-dans-l-union-europ%C3%A9enne-ont-consid%C3%A9rablement-diminu%C3%A9-en-2024\" target=\"_self\" rel=\"noopener noreferrer\"><strong>Elles \u00e9taient 240\u00a0000 en 2024<\/strong><\/a>. Il s\u2019agit d\u2019une baisse importante.<\/p>\n<p>Comment expliquer ce ph\u00e9nom\u00e8ne\u00a0? \u00ab\u00a0<em>Cela d\u00e9montre que la coop\u00e9ration entre \u00c9tats membres, la coop\u00e9ration entre Frontex et les pays de l\u2019UE, ainsi qu\u2019avec des pays hors UE, comme ceux des Balkans occidentaux, est v\u00e9ritablement efficace<\/em>, explique Krzysztof Borowski, porte-parole de Frontex, au micro de\u00a0<strong>Julien Chavanne<\/strong>, du service international de RFI.\u00a0<em>Nous constatons que la lutte contre les r\u00e9seaux de passeurs, contre les criminels qui embarquent des personnes sur des bateaux de fortune et mettent leur vie en danger, porte ses fruits. Si nous et nos partenaires hors de l\u2019UE unissons nos efforts pour d\u00e9manteler ces r\u00e9seaux, nous obtenons de r\u00e9els r\u00e9sultats.<\/em>\u00a0\u00bb<\/p>\n<p>Pour le commissaire aux Affaires int\u00e9rieures et \u00e0 la migration, c\u2019est la preuve que les contr\u00f4les sont plus efficaces. Et selon ses mots, \u00ab\u00a0<em>cela signifie que moins de personnes sont victimes de trafic, moins sont victimes d\u2019abus et moins de vies sont mises en danger<\/em>\u00a0\u00bb.<\/p>\n<h2>Les passeurs s\u2019adaptent<\/h2>\n<p>Frontex et l\u2019ex\u00e9cutif europ\u00e9en se f\u00e9licitent de cette baisse des entr\u00e9es ill\u00e9gales. Mais du c\u00f4t\u00e9 des associations d\u2019aide aux\u00a0<a href=\"https:\/\/www.rfi.fr\/fr\/tag\/migrations-internationales\/\" target=\"_self\" rel=\"noopener noreferrer\"><strong>migrants<\/strong><\/a>, le fait que\u00a0l\u2019Union europ\u00e9enne sous-traite le contr\u00f4le des migrants aggrave encore les risques.<\/p>\n<p>\u00ab<em>\u00a0Si l\u2019on observe les conditions des migrants qui sont retenus dans ces pays, au nom de cette collaboration, elles sont dramatiques,\u00a0<\/em>constate Sara Prestianni, directrice de plaidoyer d\u2019EuroMed-Droits<em>. Des milliers de personnes qui sont enferm\u00e9es dans des prisons libyennes,\u00a0des traitements inhumains et d\u00e9gradants, des violations syst\u00e9matiques des (droits des) migrants, notamment leur refoulement de la\u00a0<strong><a class=\"gtm-add-suggested-tag\" href=\"https:\/\/www.rfi.fr\/fr\/tag\/tunisie\/\" target=\"_self\" rel=\"noopener noreferrer\">Tunisie<\/a><\/strong>\u00a0vers la\u00a0<strong><a class=\"gtm-add-suggested-tag\" href=\"https:\/\/www.rfi.fr\/fr\/tag\/libye\/\" target=\"_self\" rel=\"noopener noreferrer\">Libye<\/a><\/strong>\u00a0ou encore l\u2019<strong><a class=\"gtm-add-suggested-tag\" href=\"https:\/\/www.rfi.fr\/fr\/tag\/alg%C3%A9rie\/\" target=\"_self\" rel=\"noopener noreferrer\">Alg\u00e9rie<\/a><\/strong>. Derri\u00e8re ces chiffres se cache un renforcement de la politique d\u2019externalisation qui, de facto, ne fait qu\u2019augmenter les violations des droits des migrants et r\u00e9fugi\u00e9s.\u00a0<\/em>\u00bb<\/p>\n<p>Dans le d\u00e9tail, les voies maritimes dans la Manche entre la\u00a0<strong><a class=\"gtm-add-suggested-tag\" href=\"https:\/\/www.rfi.fr\/fr\/tag\/france\/\" target=\"_self\" rel=\"noopener noreferrer\">France<\/a><\/strong>\u00a0et le\u00a0<strong><a class=\"gtm-add-suggested-tag\" href=\"https:\/\/www.rfi.fr\/fr\/tag\/royaume-uni\/\" target=\"_self\" rel=\"noopener noreferrer\">Royaume-Uni<\/a><\/strong>\u00a0et celle en M\u00e9diterran\u00e9e restent les plus importantes.\u00a0La route ouest-africaine et celle dans\u00a0<a href=\"https:\/\/www.rfi.fr\/fr\/podcasts\/reportage-international\/20260104-balkans-les-cons%C3%A9quences-dramatiques-de-la-fermeture-des-fronti%C3%A8res-sur-la-vie-des-r%C3%A9fugi%C3%A9s\" target=\"_self\" rel=\"noopener noreferrer\"><strong>les Balkans<\/strong><\/a>\u00a0occidentaux sont moins emprunt\u00e9es.\u00a0Mais il faut garder en t\u00eate que les passeurs s\u2019adaptent et changent d\u2019itin\u00e9raires quand ils le peuvent.<\/p>\n<h2>Une politique migratoire pouss\u00e9e par la droite et l\u2019extr\u00eame droite<\/h2>\n<p>Ces chiffres vont dans le sens de la politique migratoire engag\u00e9e par l\u2019Union europ\u00e9enne, \u00e0 savoir fermer davantage les fronti\u00e8res et acc\u00e9l\u00e9rer les expulsions. Voil\u00e0 comment on peut r\u00e9sumer cette politique, pouss\u00e9e par la droite et l\u2019extr\u00eame droite.<\/p>\n<p>Ces chiffres sont donc une bonne nouvelle pour l\u2019ex\u00e9cutif europ\u00e9en.\u00a0<a href=\"https:\/\/www.frontex.europa.eu\/media-centre\/news\/news-release\/frontex-irregular-border-crossings-down-26-in-2025-europe-must-stay-prepared-lyKpVb\" target=\"_blank\" rel=\"noopener noreferrer\"><strong>Le rapport de Frontex<\/strong><\/a>\u00a0est consid\u00e9r\u00e9 comme un indicateur cl\u00e9 pour mesurer l\u2019impact de sa politique migratoire. Les cons\u00e9quences pour les migrants passent apr\u00e8s.\u00a0Sans compter les nouvelles mesures qui doivent entrer en vigueur en juin\u00a0: c\u2019est le fameux\u00a0<a href=\"https:\/\/www.rfi.fr\/fr\/europe\/20251208-l-ue-durcit-son-pacte-asile-et-migration-sous-pression-de-la-droite-et-de-l-extr%C3%AAme-droite\" target=\"_self\" rel=\"noopener noreferrer\"><strong>Pacte europ\u00e9en sur la migration et l\u2019asile<\/strong><\/a>\u00a0qui pr\u00e9voit notamment l\u2019ouverture de centres en dehors des fronti\u00e8res de l\u2019UE.<\/p>\n<p>Moins d\u2019entr\u00e9es ill\u00e9gales l\u2019an dernier mais toujours des victimes. Pour rappel, les migrants risquent leurs vies pour atteindre l\u2019Europe.\u00a0L\u2019an dernier, au moins 1\u00a0878 personnes sont mortes en M\u00e9diterran\u00e9e, un bilan l\u00e0 encore en baisse, mais toujours aussi dramatique.<\/p>\n<p>Les ONG rappellent que les raisons de ces d\u00e9parts n\u2019ont pas chang\u00e9\u00a0: la majorit\u00e9 des migrants fuient les guerres, les conflits et les r\u00e9gimes autoritaires.<\/p>\n<p>&nbsp;<\/p>\n<p><strong>Avec RFI<\/strong><\/p>\n<\/div>\n","protected":false},"excerpt":{"rendered":"<p>C\u2019est une baisse marquante : les entr\u00e9es ill\u00e9gales aux fronti\u00e8res de l\u2019Union europ\u00e9enne ont chut\u00e9 de plus d\u2019un quart l\u2019an dernier. Selon les chiffres de Frontex, l\u2019agence europ\u00e9enne charg\u00e9e des fronti\u00e8res, c\u2019est le niveau le plus bas depuis plusieurs ann\u00e9es. Quelque 178\u00a0000 personnes ont tent\u00e9 de franchir ill\u00e9galement les fronti\u00e8res de l\u2019Union europ\u00e9enne\u00a0(UE) en 2025.\u00a0Elles [&hellip;]<\/p>\n","protected":false},"author":2,"featured_media":38271,"comment_status":"closed","ping_status":"closed","sticky":false,"template":"","format":"standard","meta":{"footnotes":""},"categories":[58],"tags":[],"class_list":{"0":"post-38270","1":"post","2":"type-post","3":"status-publish","4":"format-standard","5":"has-post-thumbnail","7":"category-societe"},"_links":{"self":[{"href":"https:\/\/conakrynews.org\/index.php\/wp-json\/wp\/v2\/posts\/38270","targetHints":{"allow":["GET"]}}],"collection":[{"href":"https:\/\/conakrynews.org\/index.php\/wp-json\/wp\/v2\/posts"}],"about":[{"href":"https:\/\/conakrynews.org\/index.php\/wp-json\/wp\/v2\/types\/post"}],"author":[{"embeddable":true,"href":"https:\/\/conakrynews.org\/index.php\/wp-json\/wp\/v2\/users\/2"}],"replies":[{"embeddable":true,"href":"https:\/\/conakrynews.org\/index.php\/wp-json\/wp\/v2\/comments?post=38270"}],"version-history":[{"count":0,"href":"https:\/\/conakrynews.org\/index.php\/wp-json\/wp\/v2\/posts\/38270\/revisions"}],"wp:featuredmedia":[{"embeddable":true,"href":"https:\/\/conakrynews.org\/index.php\/wp-json\/wp\/v2\/media\/38271"}],"wp:attachment":[{"href":"https:\/\/conakrynews.org\/index.php\/wp-json\/wp\/v2\/media?parent=38270"}],"wp:term":[{"taxonomy":"category","embeddable":true,"href":"https:\/\/conakrynews.org\/index.php\/wp-json\/wp\/v2\/categories?post=38270"},{"taxonomy":"post_tag","embeddable":true,"href":"https:\/\/conakrynews.org\/index.php\/wp-json\/wp\/v2\/tags?post=38270"}],"curies":[{"name":"wp","href":"https:\/\/api.w.org\/{rel}","templated":true}]}}