{"id":38282,"date":"2026-01-16T17:45:04","date_gmt":"2026-01-16T17:45:04","guid":{"rendered":"https:\/\/conakrynews.org\/?p=38282"},"modified":"2026-01-16T17:57:52","modified_gmt":"2026-01-16T17:57:52","slug":"agepi-aminata-camara-trois-annees-de-resistance-pour-preserver-la-presse-independante-guineenne","status":"publish","type":"post","link":"https:\/\/conakrynews.org\/index.php\/agepi-aminata-camara-trois-annees-de-resistance-pour-preserver-la-presse-independante-guineenne\/","title":{"rendered":"AGEPI : Aminata Camara, trois ann\u00e9es de r\u00e9sistance pour pr\u00e9server la presse ind\u00e9pendante guin\u00e9enne"},"content":{"rendered":"<div class=\"td-pb-row\">\n<div class=\"td-pb-span12\">\n<div class=\"td-post-header\">\n<header class=\"td-post-title\">\n<h1 class=\"entry-title\"><\/h1>\n<div class=\"td-module-meta-info\">\n<div class=\"td-post-author-name\">\n<div class=\"td-author-by\"><\/div>\n<\/div>\n<\/div>\n<\/header>\n<\/div>\n<\/div>\n<\/div>\n<div class=\"td-pb-row\">\n<div class=\"td-pb-span8 td-main-content\" role=\"main\">\n<div class=\"td-ss-main-content\">\n<div class=\"td-post-sharing-top\">\n<div id=\"td_social_sharing_article_top\" class=\"td-post-sharing td-ps-bg td-ps-notext td-post-sharing-style1 \">\n<div class=\"td-post-sharing-visible\">\n<div class=\"td-social-but-icon\"><\/div>\n<div class=\"td-social-but-icon\"><\/div>\n<div class=\"td-social-but-icon\"><\/div>\n<div class=\"td-social-but-icon\"><\/div>\n<\/div>\n<\/div>\n<\/div>\n<div class=\"td-post-content tagdiv-type\">\n<div class=\"td-post-featured-image\"><\/div>\n<div dir=\"auto\">L\u2019Association Guin\u00e9enne des \u00c9diteurs de la Presse Ind\u00e9pendante (AGEPI) a tourn\u00e9 une page importante de son histoire ce vendredi 16 janvier, \u00e0 l\u2019occasion du congr\u00e8s \u00e9lectif ayant conduit au renouvellement de son bureau ex\u00e9cutif. La c\u00e9r\u00e9monie s\u2019est tenue \u00e0 la Maison de la Presse de Guin\u00e9e, \u00e0 la Mini\u00e8re, dans la commune de Dixinn, un lieu hautement symbolique pour la libert\u00e9 d\u2019expression et le combat pour une presse professionnelle en Guin\u00e9e.<\/div>\n<div dir=\"auto\"><\/div>\n<div dir=\"auto\">Plac\u00e9e sous le signe de la transparence et de la l\u00e9galit\u00e9, la rencontre s\u2019est d\u00e9roul\u00e9e en pr\u00e9sence d\u2019un repr\u00e9sentant de la Haute Autorit\u00e9 de la Communication (HAC), du Directeur de la Maison de la Presse, de nombreux journalistes issus d\u2019autres associations professionnelles, ainsi que d\u2019un huissier de justice, charg\u00e9 de superviser le processus \u00e9lectoral. Une configuration qui traduit la volont\u00e9 des organisateurs de garantir la cr\u00e9dibilit\u00e9 de l\u2019\u00e9lection, dans un environnement m\u00e9diatique fragilis\u00e9 par les crises \u00e9conomiques et institutionnelles.<\/div>\n<div dir=\"auto\"><\/div>\n<div dir=\"auto\"><img loading=\"lazy\" decoding=\"async\" class=\"alignnone size-full wp-image-7121 td-animation-stack-type0-2\" src=\"https:\/\/ledenonciateur224.com\/wp-content\/uploads\/2026\/01\/20260116-125414-scaled.jpg\" alt=\"\" width=\"2560\" height=\"1205\" \/><\/div>\n<div dir=\"auto\"><\/div>\n<div dir=\"auto\">Si l\u2019objectif officiel du congr\u00e8s \u00e9tait l\u2019\u00e9lection d\u2019un nouveau bureau ex\u00e9cutif, l\u2019\u00e9v\u00e9nement a rapidement pris une dimension plus profonde. Avant l\u2019ouverture du scrutin, la parole a \u00e9t\u00e9 donn\u00e9e \u00e0 la pr\u00e9sidente sortante, Madame Aminata Camara, dont l\u2019intervention a marqu\u00e9 les esprits.<\/div>\n<div dir=\"auto\"><\/div>\n<div dir=\"auto\">Refusant de briguer un second mandat, malgr\u00e9 les sollicitations de certains membres, elle a pr\u00e9f\u00e9r\u00e9 s\u2019inscrire dans une logique de transmission et de responsabilit\u00e9, estimant avoir accompli sa part du chemin. Un choix per\u00e7u par de nombreux \u00e9diteurs comme un acte de maturit\u00e9 d\u00e9mocratique, dans un milieu o\u00f9 la personnalisation du pouvoir reste souvent un sujet de d\u00e9bat.<\/div>\n<div dir=\"auto\">\n<figure id=\"attachment_7122\" class=\"wp-caption alignnone\" aria-describedby=\"caption-attachment-7122\"><img loading=\"lazy\" decoding=\"async\" class=\"size-full wp-image-7122 td-animation-stack-type0-2\" src=\"https:\/\/ledenonciateur224.com\/wp-content\/uploads\/2026\/01\/snapchat-1608446414.jpg\" alt=\"\" width=\"1080\" height=\"862\" \/><figcaption id=\"caption-attachment-7122\" class=\"wp-caption-text\">\u00c9lue en 2022, Aminata Camara a h\u00e9rit\u00e9 d\u2019une association en grande difficult\u00e9. L\u2019AGEPI \u00e9tait alors confront\u00e9e \u00e0 une crise multidimensionnelle : perte de confiance entre membres, affaiblissement de l\u2019organisation interne, divisions persistantes, baisse drastique des cotisations et quasi-absence de ressources financi\u00e8res stables. Dans un contexte plus large de r\u00e9cession \u00e9conomique touchant l\u2019ensemble du secteur des m\u00e9dias, la survie m\u00eame de l\u2019association \u00e9tait remise en question.C\u2019est cette r\u00e9alit\u00e9 que la pr\u00e9sidente sortante a rappel\u00e9e avec franchise dans son discours, refusant toute lecture complaisante de son bilan.<\/figcaption><\/figure>\n<\/div>\n<div dir=\"auto\"><\/div>\n<div dir=\"auto\">&lt;&lt;En prenant la parole aujourd\u2019hui, je ressens une profonde \u00e9motion. \u00c9motion parce que ce moment marque la fin d\u2019un mandat de trois ann\u00e9es intenses. \u00c9motion parce qu\u2019il s\u2019agit, pour moi, bien plus qu\u2019un simple bilan administratif : c\u2019est un chapitre important de mon engagement personnel pour la presse ind\u00e9pendante guin\u00e9enne qui se referme. Lorsque j\u2019ai accept\u00e9 la responsabilit\u00e9 de pr\u00e9sider l\u2019AGEPI en 2022, je savais que la t\u00e2che serait difficile. Mais je n\u2019imaginais pas \u00e0 quel point le chemin serait sem\u00e9 d\u2019\u00e9preuves. \u00c0 notre prise de fonction, l\u2019AGEPI traversait une crise profonde : crise de confiance, fragilit\u00e9 organisationnelle, divisions internes, absence de moyens financiers solides. Certains doutaient m\u00eame de la capacit\u00e9 de l\u2019association \u00e0 survivre.&gt;&gt;<\/div>\n<div dir=\"auto\"><\/div>\n<div dir=\"auto\">Face \u00e0 ces d\u00e9fis, Aminata Camara revendique un positionnement clair : tenir, co\u00fbte que co\u00fbte. Une posture qui a structur\u00e9 l\u2019ensemble de son mandat et qui s\u2019inscrit dans une vision presque militante de la gouvernance associative.<\/div>\n<div dir=\"auto\"><img loading=\"lazy\" decoding=\"async\" class=\"alignnone size-full wp-image-7123 td-animation-stack-type0-2\" src=\"https:\/\/ledenonciateur224.com\/wp-content\/uploads\/2026\/01\/20260116-112601-scaled.jpg\" alt=\"\" width=\"2560\" height=\"2044\" \/><\/div>\n<div dir=\"auto\"><\/div>\n<div dir=\"auto\">&lt;&lt;Dans ces moments-l\u00e0, il aurait \u00e9t\u00e9 facile de renoncer. Mais renoncer aurait \u00e9t\u00e9 trahir l\u2019histoire de l\u2019AGEPI, trahir les sacrifices de celles et ceux qui ont b\u00e2ti cette organisation, trahir l\u2019id\u00e9al d\u2019une presse ind\u00e9pendante, libre et responsable. J\u2019ai donc choisi de tenir. De tenir malgr\u00e9 les incompr\u00e9hensions. De tenir malgr\u00e9 les critiques. De tenir parfois dans la solitude, mais toujours avec la conviction que l\u2019AGEPI m\u00e9ritait d\u2019\u00eatre sauv\u00e9e.&gt;&gt;<\/div>\n<div dir=\"auto\">Cette d\u00e9termination a permis de maintenir l\u2019association en activit\u00e9, malgr\u00e9 des conditions parfois proches de l\u2019asphyxie institutionnelle.<\/div>\n<div dir=\"auto\">Maintenir l\u2019essentiel : former, rassembler, r\u00e9sister.<\/div>\n<div dir=\"auto\">Consciente des limites impos\u00e9es par les moyens financiers, la pr\u00e9sidente sortante a fait le choix strat\u00e9gique de prioriser l\u2019essentiel : la formation des \u00e9diteurs, le renforcement des capacit\u00e9s professionnelles et la solidarit\u00e9 entre acteurs de la presse ind\u00e9pendante.<\/div>\n<div dir=\"auto\"><\/div>\n<div dir=\"auto\">&lt;&lt;Durant ces trois ann\u00e9es, nous n\u2019avons peut-\u00eatre pas tout r\u00e9ussi, mais nous n\u2019avons jamais cess\u00e9 d\u2019agir. Avec des moyens limit\u00e9s, mais avec de la volont\u00e9, nous avons maintenu l\u2019essentiel : la formation, le renforcement des capacit\u00e9s, la solidarit\u00e9 professionnelle. Voir des \u00e9diteurs continuer \u00e0 se former, \u00e0 \u00e9changer, \u00e0 se relever malgr\u00e9 la crise \u00e9conomique des m\u00e9dias, a \u00e9t\u00e9 pour moi une source de motivation et de fiert\u00e9.&gt;&gt;<\/div>\n<div dir=\"auto\"><\/div>\n<div dir=\"auto\">Chaque atelier organis\u00e9, chaque partenariat sauvegard\u00e9, chaque activit\u00e9 tenue est pr\u00e9sent\u00e9 comme un acte de r\u00e9sistance face au d\u00e9couragement ambiant.<\/div>\n<div dir=\"auto\"><\/div>\n<div dir=\"auto\">Sujet sensible au sein de toute organisation, la gestion financi\u00e8re de l\u2019AGEPI a \u00e9t\u00e9 abord\u00e9e avec une transparence assum\u00e9e. Aminata Camara a reconnu l\u2019impact n\u00e9gatif des divisions internes sur les cotisations et la capacit\u00e9 de l\u2019association \u00e0 fonctionner normalement, notamment en ce qui concerne le maintien d\u2019un si\u00e8ge op\u00e9rationnel.<\/div>\n<div dir=\"auto\"><\/div>\n<div dir=\"auto\"><img loading=\"lazy\" decoding=\"async\" class=\"alignnone size-full wp-image-7124 td-animation-stack-type0-2\" src=\"https:\/\/ledenonciateur224.com\/wp-content\/uploads\/2026\/01\/20260116-112558-scaled.jpg\" alt=\"\" width=\"2560\" height=\"1529\" \/><\/div>\n<div dir=\"auto\">&lt;&lt;Je n\u2019ai jamais voulu embellir la r\u00e9alit\u00e9. La division interne a lourdement affect\u00e9 les finances de l\u2019AGEPI. Les cotisations ont baiss\u00e9, les charges sont rest\u00e9es lourdes, et maintenir un si\u00e8ge fonctionnel a \u00e9t\u00e9 un combat permanent. Mais je peux le dire ici, les yeux dans les yeux : chaque franc a \u00e9t\u00e9 g\u00e9r\u00e9 avec responsabilit\u00e9, transparence et honn\u00eatet\u00e9. Il n\u2019y a eu ni opacit\u00e9, ni gestion personnelle, ni compromis avec l\u2019\u00e9thique.&gt;&gt;<\/div>\n<div dir=\"auto\">Un message fort, qui vise autant \u00e0 d\u00e9fendre son bilan qu\u2019\u00e0 poser des bases \u00e9thiques pour l\u2019avenir.<\/div>\n<div dir=\"auto\"><\/div>\n<div dir=\"auto\">Au-del\u00e0 des chiffres et des activit\u00e9s, ce mandat a \u00e9t\u00e9 pour Aminata Camara une exp\u00e9rience humaine et personnelle profonde. Elle \u00e9voque un apprentissage fait d\u2019\u00e9coute, de r\u00e9silience et parfois de renoncements.<\/div>\n<div dir=\"auto\"><\/div>\n<div dir=\"auto\">&lt;&lt;Ce mandat m\u2019a beaucoup appris. Il m\u2019a appris que diriger, ce n\u2019est pas seulement d\u00e9cider, c\u2019est aussi \u00e9couter, encaisser, pardonner parfois, et avancer malgr\u00e9 tout. Il m\u2019a appris que l\u2019unit\u00e9 n\u2019est jamais acquise, qu\u2019elle se construit chaque jour. Il m\u2019a appris que le leadership se mesure aussi \u00e0 la capacit\u00e9 de rester debout quand tout vacille.&gt;&gt;<\/div>\n<div dir=\"auto\"><\/div>\n<div dir=\"auto\">Une r\u00e9flexion qui d\u00e9passe le cadre de l\u2019AGEPI pour interroger plus largement les conditions de leadership dans les organisations professionnelles guin\u00e9ennes.<\/div>\n<div dir=\"auto\">Dans la derni\u00e8re partie de son discours, la pr\u00e9sidente sortante a lanc\u00e9 un appel solennel \u00e0 l\u2019unit\u00e9, s\u2019adressant directement aux futurs dirigeants et \u00e0 l\u2019ensemble des membres.<\/div>\n<div dir=\"auto\"><\/div>\n<div dir=\"auto\"><img loading=\"lazy\" decoding=\"async\" class=\"alignnone size-full wp-image-7125 td-animation-stack-type0-2\" src=\"https:\/\/ledenonciateur224.com\/wp-content\/uploads\/2026\/01\/20260116-112301-scaled.jpg\" alt=\"\" width=\"2560\" height=\"1121\" \/><\/div>\n<div dir=\"auto\">&lt;&lt;Si je devais retenir une seule chose de ces trois ann\u00e9es, ce serait celle-ci : l\u2019AGEPI a surv\u00e9cu parce que certains ont refus\u00e9 d\u2019abandonner. \u00c0 celles et ceux qui prendront le relais, je veux dire ceci, avec sinc\u00e9rit\u00e9 : l\u2019AGEPI a besoin de vous tous. Elle a besoin d\u2019unit\u00e9, de dialogue, de d\u00e9passement de soi. Elle a besoin que les int\u00e9r\u00eats personnels s\u2019effacent devant l\u2019int\u00e9r\u00eat collectif. Cette association ne sera forte que si nous acceptons de nous retrouver, de nous r\u00e9concilier et de travailler ensemble.&gt;&gt;<\/div>\n<div dir=\"auto\"><\/div>\n<div dir=\"auto\">Aminata Camara quitte la pr\u00e9sidence avec \u00e9motion, mais aussi avec la conviction d\u2019avoir agi avec honn\u00eatet\u00e9 et loyaut\u00e9 envers la profession.<\/div>\n<div dir=\"auto\"><\/div>\n<div dir=\"auto\">&lt;&lt;Aujourd\u2019hui, je quitte la pr\u00e9sidence de l\u2019AGEPI avec \u00e9motion, mais sans regret. J\u2019ai servi avec honn\u00eatet\u00e9, avec engagement et avec amour pour cette profession qui est la n\u00f4tre. Je pars avec la certitude d\u2019avoir fait de mon mieux, dans un contexte difficile, pour pr\u00e9server l\u2019essentiel. Que l\u2019AGEPI continue de vivre. Qu\u2019elle retrouve sa force, son unit\u00e9 et son influence. Et que la presse ind\u00e9pendante guin\u00e9enne reste debout, libre et responsable.&gt;&gt;<\/div>\n<div dir=\"auto\"><\/div>\n<div dir=\"auto\">Au terme de ce congr\u00e8s, l\u2019AGEPI entre dans une nouvelle phase de son histoire. Le nouveau bureau h\u00e9rite d\u2019une association fragilis\u00e9e mais debout, port\u00e9e par un h\u00e9ritage fait de r\u00e9sistance, d\u2019\u00e9thique et de fid\u00e9lit\u00e9 \u00e0 l\u2019id\u00e9al d\u2019une presse ind\u00e9pendante.<\/div>\n<div dir=\"auto\">Le nom d\u2019Aminata Camara restera associ\u00e9 \u00e0 une p\u00e9riode o\u00f9 l\u2019enjeu n\u2019\u00e9tait pas de briller, mais de survivre, de maintenir le lien et de pr\u00e9server l\u2019essence m\u00eame de l\u2019engagement journalistique en Guin\u00e9e.<\/div>\n<div dir=\"auto\"><img loading=\"lazy\" decoding=\"async\" class=\"alignnone size-full wp-image-7126 td-animation-stack-type0-2\" src=\"https:\/\/ledenonciateur224.com\/wp-content\/uploads\/2026\/01\/20260116-122636-scaled.jpg\" alt=\"\" width=\"2560\" height=\"1111\" \/><\/div>\n<div dir=\"auto\"><\/div>\n<div dir=\"auto\">\u00c0 l\u2019issue du congr\u00e8s \u00e9lectif de l\u2019Association Guin\u00e9enne des \u00c9diteurs de la Presse Ind\u00e9pendante (AGEPI), tenu dans un climat apais\u00e9 et empreint de responsabilit\u00e9, Aboubacar Soumah, \u00e9diteur du journal \u00ab Le Renard \u00bb, a \u00e9t\u00e9 \u00e9lu pr\u00e9sident de l\u2019organisation pour un mandat de trois (3) ans.<\/div>\n<\/div>\n<\/div>\n<\/div>\n<\/div>\n<div dir=\"auto\"><\/div>\n<div dir=\"auto\">Source:ledenonciateur224.com<\/div>\n","protected":false},"excerpt":{"rendered":"<p>L\u2019Association Guin\u00e9enne des \u00c9diteurs de la Presse Ind\u00e9pendante (AGEPI) a tourn\u00e9 une page importante de son histoire ce vendredi 16 janvier, \u00e0 l\u2019occasion du congr\u00e8s \u00e9lectif ayant conduit au renouvellement de son bureau ex\u00e9cutif. La c\u00e9r\u00e9monie s\u2019est tenue \u00e0 la Maison de la Presse de Guin\u00e9e, \u00e0 la Mini\u00e8re, dans la commune de Dixinn, un [&hellip;]<\/p>\n","protected":false},"author":2,"featured_media":38291,"comment_status":"closed","ping_status":"closed","sticky":false,"template":"","format":"standard","meta":{"footnotes":""},"categories":[58],"tags":[],"class_list":{"0":"post-38282","1":"post","2":"type-post","3":"status-publish","4":"format-standard","5":"has-post-thumbnail","7":"category-societe"},"_links":{"self":[{"href":"https:\/\/conakrynews.org\/index.php\/wp-json\/wp\/v2\/posts\/38282","targetHints":{"allow":["GET"]}}],"collection":[{"href":"https:\/\/conakrynews.org\/index.php\/wp-json\/wp\/v2\/posts"}],"about":[{"href":"https:\/\/conakrynews.org\/index.php\/wp-json\/wp\/v2\/types\/post"}],"author":[{"embeddable":true,"href":"https:\/\/conakrynews.org\/index.php\/wp-json\/wp\/v2\/users\/2"}],"replies":[{"embeddable":true,"href":"https:\/\/conakrynews.org\/index.php\/wp-json\/wp\/v2\/comments?post=38282"}],"version-history":[{"count":0,"href":"https:\/\/conakrynews.org\/index.php\/wp-json\/wp\/v2\/posts\/38282\/revisions"}],"wp:featuredmedia":[{"embeddable":true,"href":"https:\/\/conakrynews.org\/index.php\/wp-json\/wp\/v2\/media\/38291"}],"wp:attachment":[{"href":"https:\/\/conakrynews.org\/index.php\/wp-json\/wp\/v2\/media?parent=38282"}],"wp:term":[{"taxonomy":"category","embeddable":true,"href":"https:\/\/conakrynews.org\/index.php\/wp-json\/wp\/v2\/categories?post=38282"},{"taxonomy":"post_tag","embeddable":true,"href":"https:\/\/conakrynews.org\/index.php\/wp-json\/wp\/v2\/tags?post=38282"}],"curies":[{"name":"wp","href":"https:\/\/api.w.org\/{rel}","templated":true}]}}