{"id":38334,"date":"2026-01-19T12:26:02","date_gmt":"2026-01-19T12:26:02","guid":{"rendered":"https:\/\/conakrynews.org\/?p=38334"},"modified":"2026-01-19T12:26:02","modified_gmt":"2026-01-19T12:26:02","slug":"finale-de-la-can-2025-la-fifa-et-la-caf-condamnent-des-scenes-et-comportements-inacceptables","status":"publish","type":"post","link":"https:\/\/conakrynews.org\/index.php\/finale-de-la-can-2025-la-fifa-et-la-caf-condamnent-des-scenes-et-comportements-inacceptables\/","title":{"rendered":"Finale de la CAN 2025 : la Fifa et la CAF condamnent des sc\u00e8nes et comportements \u00ab\u00a0inacceptables\u00a0\u00bb"},"content":{"rendered":"<div class=\"clear\">Le pr\u00e9sident de la Fifa Gianni Infantino a fustig\u00e9 lundi le comportement d\u2019une partie de l\u2019\u00e9quipe du S\u00e9n\u00e9gal qui a quitt\u00e9 le terrain pendant de longues minutes apr\u00e8s la d\u00e9cision de l\u2019arbitre d\u2019accorder en fin de match un penalty au Maroc. La Conf\u00e9d\u00e9ration africaine de football juge aussi que \u00ab certains joueurs et officiels \u00bb ont eu un comportement \u00ab inacceptable \u00bb et assure examiner les images afin que des sanctions soient prononc\u00e9es.<\/div>\n<div class=\"entry\">\n<p>Le pr\u00e9sident de la\u00a0<a class=\"gtm-add-suggested-tag\" href=\"https:\/\/www.france24.com\/fr\/tag\/fifa\/\" target=\"_self\" rel=\"noopener noreferrer\">Fifa<\/a>,\u00a0<a class=\"gtm-add-suggested-tag\" href=\"https:\/\/www.france24.com\/fr\/tag\/gianni-infantino\/\" target=\"_self\" rel=\"noopener noreferrer\">Gianni Infantino<\/a>, a condamn\u00e9, lundi 19\u00a0janvier, \u00ab\u00a0des sc\u00e8nes inacceptables\u00a0\u00bb lors de la finale de la CAN, mettant en cause certains joueurs et une partie du staff du\u00a0<a class=\"gtm-add-suggested-tag\" href=\"https:\/\/www.france24.com\/fr\/tag\/s%C3%A9n%C3%A9gal\/\" target=\"_self\" rel=\"noopener noreferrer\">S\u00e9n\u00e9gal<\/a>\u00a0qui ont quitt\u00e9 le terrain plusieurs minutes en plein match.<br \/>\n<a href=\"https:\/\/www.france24.com\/fr\/sports\/20260118-can-2025-envers-et-contre-tout-le-maroc-le-senegal-arrache-sa-2e-%C3%A9toile\" target=\"_self\" rel=\"noopener noreferrer\">Le S\u00e9n\u00e9gal a remport\u00e9 la finale de la CAN face au Maroc \u00e0 l\u2019issue de la prolongation (1-0)<\/a>\u00a0au cours d\u2019une partie qui a sombr\u00e9 dans le chaos le plus total \u00e0 Rabat. Un penalty siffl\u00e9 en faveur du pays-h\u00f4te \u00e0 la fin du temps r\u00e8glementaire, juste apr\u00e8s un but refus\u00e9 au S\u00e9n\u00e9gal, a entra\u00een\u00e9 le d\u00e9part du terrain d\u2019une partie de l\u2019\u00e9quipe s\u00e9n\u00e9galaise.<\/p>\n<p>Les tensions ont gagn\u00e9 les tribunes o\u00f9 les supporters des Lions de la Teranga ont tent\u00e9 d\u2019envahir le terrain pendant pr\u00e8s de 15\u00a0minutes, m\u00eame lorsque Brahim Diaz s\u2019appr\u00eatait \u00e0 tirer son penalty, finalement rat\u00e9, et ont \u00e9t\u00e9 difficilement contenus dans une bagarre g\u00e9n\u00e9rale par les stadiers, second\u00e9s par les forces de l\u2019ordre.<\/p>\n<div class=\"o-ad-container o-ad-container--inread o-ad-container--with-shimmer\" data-tms-ad-status=\"idle\" data-tms-ad-container=\"\">\n<div class=\"o-ad-container__content o-ad-container__content--report-enabled\">\n<div class=\"m-inread-ad\" data-tms-ad-type=\"inread\" data-tms-ad-status=\"resized\" data-tms-ad-owner=\"fmm\" data-tms-ad-pos=\"1\" data-tms-ad-provider=\"gam\" data-tms-ad-inread-provider=\"invibes\">\n<div id=\"tms-block-7974410288727035\" class=\"m-inread-ad__content\">\n<div class=\"invibes\">\n<div id=\"divIvbsInfeed\" class=\"divVideoStep\">\n<div><\/div>\n<\/div>\n<\/div>\n<\/div>\n<\/div>\n<\/div>\n<\/div>\n<h2>\u00ab\u00a0Inadmissible de quitter le terrain de cette mani\u00e8re\u00a0\u00bb<\/h2>\n<p>\u00ab\u00a0Nous condamnons fermement le comportement (\u2026) de quelques joueurs s\u00e9n\u00e9galais et des membres du staff technique. Il est inacceptable de quitter le terrain de cette mani\u00e8re\u00a0\u00bb, a d\u00e9clar\u00e9 Gianni Infantino dans un communiqu\u00e9 transmis \u00e0 l\u2019AFP.<\/p>\n<p>\u00ab\u00a0Il est inadmissible de quitter le terrain de cette mani\u00e8re, et la violence ne saurait \u00eatre tol\u00e9r\u00e9e dans notre sport; elle est tout simplement inacceptable. Nous devons toujours respecter les d\u00e9cisions prises par les arbitres, sur et en dehors du terrain. Les \u00e9quipes doivent jouer dans le respect des Lois du Jeu, car tout autre comportement met en p\u00e9ril l\u2019essence m\u00eame du football\u00a0\u00bb, a poursuivi le pr\u00e9sident de la F\u00e9d\u00e9ration internationale de football.<\/p>\n<p>\u00ab\u00a0Les sc\u00e8nes d\u00e9plorables dont nous avons \u00e9t\u00e9 t\u00e9moins aujourd\u2019hui doivent \u00eatre condamn\u00e9es et ne jamais se reproduire\u00a0\u00bb, a-t-il \u00e9galement \u00e9crit.<\/p>\n<h2>La CAF d\u00e9nonce le \u00ab\u00a0comportement inacceptable de certains joueurs et officiels\u00a0\u00bb<\/h2>\n<p>De son c\u00f4t\u00e9, la Conf\u00e9d\u00e9ration africaine de football (CAF) a d\u00e9nonc\u00e9,\u00a0<a href=\"https:\/\/www.cafonline.com\/fr\/infos\/la-caf-condamne-le-comportement-inacceptable-des-joueurs-et-des-officiels-lors-de-la-finale-de-la-totalenergies-caf-can-maroc-2025-entre-le-maroc-et-le-senegal\/\" target=\"_blank\" rel=\"noopener noreferrer\">dans un communiqu\u00e9 diffus\u00e9 lundi<\/a>,\u00a0\u00ab\u00a0le comportement inacceptable de certains joueurs et officiels lors de la finale\u00a0\u00bb. Elle assure condamner \u00ab\u00a0fermement tout comportement inappropri\u00e9 pendant les matchs, en particulier ceux visant l\u2019\u00e9quipe arbitrale ou les organisateurs du match\u00a0\u00bb.<\/p>\n<p>L\u2019instance sportive africaine dit examiner toutes les images de cette finale\u00a0<a href=\"https:\/\/www.france24.com\/fr\/sports\/20260118-can-2025-envers-et-contre-tout-le-maroc-le-senegal-arrache-sa-2e-%C3%A9toile\" target=\"_self\" rel=\"noopener noreferrer\">qui a vu le S\u00e9n\u00e9gal s\u2019imposer<\/a>\u00a0et annonce qu\u2019elle \u00ab\u00a0soumettra l\u2019affaire aux instances comp\u00e9tentes afin que des mesures appropri\u00e9es soient prises \u00e0 l\u2019encontre des personnes reconnues coupables\u00a0\u00bb.<\/p>\n<p>&nbsp;<\/p>\n<p><strong><em>Avec AFP<\/em><\/strong><\/p>\n<\/div>\n","protected":false},"excerpt":{"rendered":"<p>Le pr\u00e9sident de la Fifa Gianni Infantino a fustig\u00e9 lundi le comportement d\u2019une partie de l\u2019\u00e9quipe du S\u00e9n\u00e9gal qui a quitt\u00e9 le terrain pendant de longues minutes apr\u00e8s la d\u00e9cision de l\u2019arbitre d\u2019accorder en fin de match un penalty au Maroc. La Conf\u00e9d\u00e9ration africaine de football juge aussi que \u00ab certains joueurs et officiels \u00bb [&hellip;]<\/p>\n","protected":false},"author":2,"featured_media":38335,"comment_status":"closed","ping_status":"closed","sticky":false,"template":"","format":"standard","meta":{"footnotes":""},"categories":[64],"tags":[],"class_list":{"0":"post-38334","1":"post","2":"type-post","3":"status-publish","4":"format-standard","5":"has-post-thumbnail","7":"category-sport"},"_links":{"self":[{"href":"https:\/\/conakrynews.org\/index.php\/wp-json\/wp\/v2\/posts\/38334","targetHints":{"allow":["GET"]}}],"collection":[{"href":"https:\/\/conakrynews.org\/index.php\/wp-json\/wp\/v2\/posts"}],"about":[{"href":"https:\/\/conakrynews.org\/index.php\/wp-json\/wp\/v2\/types\/post"}],"author":[{"embeddable":true,"href":"https:\/\/conakrynews.org\/index.php\/wp-json\/wp\/v2\/users\/2"}],"replies":[{"embeddable":true,"href":"https:\/\/conakrynews.org\/index.php\/wp-json\/wp\/v2\/comments?post=38334"}],"version-history":[{"count":0,"href":"https:\/\/conakrynews.org\/index.php\/wp-json\/wp\/v2\/posts\/38334\/revisions"}],"wp:featuredmedia":[{"embeddable":true,"href":"https:\/\/conakrynews.org\/index.php\/wp-json\/wp\/v2\/media\/38335"}],"wp:attachment":[{"href":"https:\/\/conakrynews.org\/index.php\/wp-json\/wp\/v2\/media?parent=38334"}],"wp:term":[{"taxonomy":"category","embeddable":true,"href":"https:\/\/conakrynews.org\/index.php\/wp-json\/wp\/v2\/categories?post=38334"},{"taxonomy":"post_tag","embeddable":true,"href":"https:\/\/conakrynews.org\/index.php\/wp-json\/wp\/v2\/tags?post=38334"}],"curies":[{"name":"wp","href":"https:\/\/api.w.org\/{rel}","templated":true}]}}