{"id":38375,"date":"2026-01-22T13:16:43","date_gmt":"2026-01-22T13:16:43","guid":{"rendered":"https:\/\/conakrynews.org\/?p=38375"},"modified":"2026-01-22T13:16:43","modified_gmt":"2026-01-22T13:16:43","slug":"trump-macron-une-relation-en-dents-de-scie-entre-bromance-et-rapport-de-force","status":"publish","type":"post","link":"https:\/\/conakrynews.org\/index.php\/trump-macron-une-relation-en-dents-de-scie-entre-bromance-et-rapport-de-force\/","title":{"rendered":"Trump-Macron : une relation en dents de scie, entre \u00ab\u00a0bromance\u00a0\u00bb et rapport de force"},"content":{"rendered":"<div class=\"clear\">Donald Trump a multipli\u00e9 ces derniers jours les attaques contre Emmanuel Macron, qui s\u2019est oppos\u00e9 au pr\u00e9sident am\u00e9ricain sur le dossier du Groenland et a refus\u00e9 de participer \u00e0 son \u00ab Conseil de la paix \u00bb. Un net refroidissement dans la relation \u00ab d\u2019amiti\u00e9 \u00bb longtemps affich\u00e9e, devant les cam\u00e9ras, par les deux dirigeants.<\/div>\n<div class=\"entry\">\n<p>Les accolades et tapes dans le dos auxquelles ils nous avaient habitu\u00e9s\u00a0semblent d\u00e9sormais bien loin. Lundi 19 janvier, dans la soir\u00e9e, le pr\u00e9sident am\u00e9ricain\u00a0<a href=\"https:\/\/www.france24.com\/fr\/am%C3%A9riques\/20260120-trump-monde-geopolitique-obsession-pour-hemisphere-occidental-groenland-doctrine-monroe-etats-unis\" target=\"_self\" rel=\"noopener noreferrer\">Donald Trump<\/a>\u00a0a d\u00e9gain\u00e9 l\u2019artillerie lourde face \u00e0 son homologue fran\u00e7ais, mena\u00e7ant publiquement\u00a0d\u2019<a href=\"https:\/\/www.france24.com\/fr\/am%C3%A9riques\/20260120-trump-menace-imposer-des-droits-de-douane-de-200-sur-les-vins-et-champagnes-fran%C3%A7ais\" target=\"_self\" rel=\"noopener noreferrer\">imposer des droits de douane de 200\u00a0% sur les vins et champagnes fran\u00e7ais<\/a>. En cause\u00a0: le refus d\u2019Emmanuel Macron de participer \u00e0\u00a0<a href=\"https:\/\/www.france24.com\/fr\/tag\/conseil-de-la-paix\/\" target=\"_self\" rel=\"noopener noreferrer\">son\u00a0\u00ab\u00a0Conseil de\u00a0la paix\u00a0\u00bb<\/a>, per\u00e7u comme rival\u00a0de l\u2019ONU, dont il a fix\u00e9 le ticket d\u2019entr\u00e9e \u00e0 un milliard de dollars.<\/p>\n<p>Autre dossier hautement inflammable\u00a0: celui de l\u2019acquisition du\u00a0<a class=\"gtm-add-suggested-tag\" href=\"https:\/\/www.france24.com\/fr\/tag\/groenland\/\" target=\"_self\" rel=\"noopener noreferrer\">Groenland<\/a>, qui a provoqu\u00e9 une lev\u00e9e de boucliers des dirigeants europ\u00e9ens,\u00a0<a class=\"gtm-add-suggested-tag\" href=\"https:\/\/www.france24.com\/fr\/tag\/emmanuel-macron\/\" target=\"_self\" rel=\"noopener noreferrer\">Emmanuel Macron<\/a>\u00a0en t\u00eate.<\/p>\n<p><a class=\"gtm-add-suggested-tag\" href=\"https:\/\/www.france24.com\/fr\/tag\/donald-trump\/\" target=\"_self\" rel=\"noopener noreferrer\">Donald Trump<\/a>\u00a0avait averti \u00a0qu\u2019il s\u2019emparerait de l\u2019\u00eele hautement strat\u00e9gique \u00ab\u00a0d\u2019une mani\u00e8re ou d\u2019une autre\u00a0\u00bb\u00a0<a href=\"https:\/\/www.france24.com\/fr\/europe\/20260121-groenland-trump-volte-face-annonce-futur-accord-avec-otan\" target=\"_self\" rel=\"noopener noreferrer\">avant de se raviser mercredi<\/a>, \u00e9voquant \u00a0\u00ab\u00a0le \u200bcadre d\u2019un futur accord\u00a0\u00bb sur toute la r\u00e9gion de l\u2019<a class=\"gtm-add-suggested-tag\" href=\"https:\/\/www.france24.com\/fr\/tag\/arctique\/\" target=\"_self\" rel=\"noopener noreferrer\">Arctique<\/a>, \u00e9tabli avec le secr\u00e9taire g\u00e9n\u00e9ral de l\u2019<a class=\"gtm-add-suggested-tag\" href=\"https:\/\/www.france24.com\/fr\/tag\/otan\/\" target=\"_self\" rel=\"noopener noreferrer\">Otan<\/a>,\u00a0<a class=\"gtm-add-suggested-tag\" href=\"https:\/\/www.france24.com\/fr\/tag\/mark-rutte\/\" target=\"_self\" rel=\"noopener noreferrer\">Mark Rutte<\/a>.<\/p>\n<p>Avant de se rendre Au Forum de Davos, comme pour humilier le pr\u00e9sident fran\u00e7ais, il avait\u00a0<a href=\"https:\/\/www.france24.com\/fr\/am%C3%A9riques\/20260120-donald-trump-publie-un-message-emmanuel-macron-lui-proposant-un-g7-%C3%A0-paris-et-invitation-russie\" target=\"_self\" rel=\"noopener noreferrer\">divulgu\u00e9 un message priv\u00e9 d\u2019Emmanuel Macron<\/a>, l\u2019invitant \u00e0 la r\u00e9union du G7 \u00e0 Paris, \u00e0 laquelle il n\u2019a daign\u00e9 donner suite.<\/p>\n<p>Donald Trump est-il encore un alli\u00e9\u00a0?\u00a0 La question a suscit\u00e9 l\u2019embarras du chef de l\u2019\u00c9tat fran\u00e7ais \u00e0\u00a0<a class=\"gtm-add-suggested-tag\" href=\"https:\/\/www.france24.com\/fr\/tag\/davos\/\" target=\"_self\" rel=\"noopener noreferrer\">Davos<\/a>. \u00ab\u00a0C\u2019est \u00e0 lui d\u2019apporter la r\u00e9ponse. Ce n\u2019est pas tout \u00e0 fait les comportements qui vont avec\u00a0\u00bb, d\u00e9clarait-il mardi.<\/p>\n<h2><strong>Des \u00ab\u00a0a<\/strong><strong>mis\u00a0\u00bb rivaux\u00a0<\/strong><\/h2>\n<p>Longtemps,\u00a0les deux dirigeants ont mis en sc\u00e8ne leur proximit\u00e9,\u00a0<a href=\"https:\/\/www.france24.com\/fr\/am%C3%A9riques\/20250225-macron-et-trump-ravivent-leur-bromance-en-pleine-tensions-strat%C3%A9giques-sur-l-ukraine\" target=\"_self\" rel=\"noopener noreferrer\">affichant leur \u00ab\u00a0amiti\u00e9\u00a0\u00bb malgr\u00e9 de profondes divergences politiques<\/a>.<\/p>\n<p>Deux \u00e9pisodes, en particulier, ont donn\u00e9 naissance \u00e0 ce que les commentateurs et journalistes ont qualifi\u00e9 de \u00ab\u00a0bromance\u00a0\u00bb entre les deux hommes\u00a0au d\u00e9but de leurs premiers mandats respectifs\u00a0: la\u00a0<a href=\"https:\/\/www.france24.com\/fr\/20170713-14-juillet-programme-donald-trump-visite-paris-emmanuel-macron-defile\" target=\"_self\" rel=\"noopener noreferrer\">visite d\u2019\u00c9tat de Donald Trump \u00e0 Paris en 2017 \u2013 avec\u00a0son d\u00eener romantique \u00e0 la tour Eiffel<\/a>\u00a0\u2013, puis\u00a0<a href=\"https:\/\/www.france24.com\/fr\/am%C3%A9riques\/20221201-en-direct-suivez-la-conf%C3%A9rence-de-presse-d-emmanuel-macron-et-de-joe-biden\" target=\"_self\" rel=\"noopener noreferrer\">celle d\u2019Emmanuel Macron \u00e0 Washington l\u2019ann\u00e9e suivante<\/a>, la\u00a0premi\u00e8re visite officielle d\u2019un chef d\u2019\u00c9tat \u00e9tranger sous l\u2019\u00e8re Trump.<\/p>\n<p>Une camaraderie teint\u00e9e de rivalit\u00e9,\u00a0comme en t\u00e9moignent leurs longues poign\u00e9es de main muscl\u00e9es\u00a0\u00e0 chacune de leurs rencontres.<\/p>\n<p>Un geste \u00ab\u00a0pas innocent\u00a0\u00bb , destin\u00e9 \u00e0 \u00ab\u00a0montrer qu\u2019on ne fera pas de petites concessions, m\u00eame symboliques\u00a0\u00bb, soulignait Emmanuel Macron en 2017 dans une interview au Journal du dimanche.<\/p>\n<p>\u00ab\u00a0Donald Trump cultive l\u2019image du \u2018winner\u2019\u00a0et il aime s\u2019afficher avec des gens forts ou du moins qu\u2019il per\u00e7oit comme tels\u00a0\u00bb, souligne J\u00e9r\u00f4me Viala-Gaudefroy, sp\u00e9cialiste des\u00a0<a class=\"gtm-add-suggested-tag\" href=\"https:\/\/www.france24.com\/fr\/tag\/%C3%A9tats-unis\/\" target=\"_self\" rel=\"noopener noreferrer\">\u00c9tats-Unis<\/a>\u00a0et auteur du livre \u00ab\u00a0Les Mots de Trump\u00a0\u00bb (aux \u00e9ditions Dalloz).<\/p>\n<p>\u00ab\u00a0\u00c0\u00a0l\u2019\u00e9poque, Emmanuel Macron venait d\u2019\u00eatre \u00e9lu et une couverture de\u00a0Time Magazine l\u2019avait pr\u00e9sent\u00e9 comme le prochain leader de l\u2019Europe\u00a0\u00bb, rappelle-t-il. \u00ab\u00a0Il \u00e9tait donc de bon ton de s\u2019afficher avec lui.\u00a0\u00bb<\/p>\n<p>Mais sur le plan politique Donald Trump ne fait pas de cadeaux. Les \u00c9tats-Unis se retirent successivement de l\u2019accord\u00a0de Paris sur le climat puis de celui sur le nucl\u00e9aire iranien, malgr\u00e9 les protestations d\u2019Emmanuel Macron.<\/p>\n<p>En 2019, la\u00a0<a class=\"gtm-add-suggested-tag\" href=\"https:\/\/www.france24.com\/fr\/tag\/france\/\" target=\"_self\" rel=\"noopener noreferrer\">France<\/a>\u00a0d\u00e9cr\u00e8te une taxe sur les g\u00e9ants num\u00e9riques am\u00e9ricains. Donald Trump s\u2019insurge contre une mesure \u00ab\u00a0stupide\u00a0\u00bb et brandit la menace de r\u00e9torsions \u00e9conomiques. La mesure est\u00a0<a href=\"https:\/\/www.france24.com\/fr\/20191203-taxe-gafa-donald-trump-et-emmanuel-macron-jouent-l-apaisement\" target=\"_self\" rel=\"noopener noreferrer\">rapidement suspendue<\/a>, remplac\u00e9e par un\u00a0accord international \u00e0 l\u2019<a class=\"gtm-add-suggested-tag\" href=\"https:\/\/www.france24.com\/fr\/tag\/ocde\/\" target=\"_self\" rel=\"noopener noreferrer\">OCDE<\/a>\u00a0fixant une taxation minimale mondiale des multinationales.<\/p>\n<h2><strong>La puissance comme boussole\u00a0<\/strong><\/h2>\n<p>Le 7 d\u00e9cembre 2024, fraichement \u00e9lu mais pas encore investi, le pr\u00e9sident Donald Trump retrouve son homologue fran\u00e7ais dans un cadre pour le moins inhabituel, sous la somptueuse architecture gothique r\u00e9nov\u00e9e de\u00a0<a href=\"https:\/\/www.france24.com\/fr\/info-en-continu\/20241207-notre-dame-de-paris-rouvre-pour-une-lumineuse-renaissance\" target=\"_self\" rel=\"noopener noreferrer\">Notre-Dame-de-Paris<\/a>.<\/p>\n<p>Emmanuel Macron a invit\u00e9 le pr\u00e9sident am\u00e9ricain \u00e0 l\u2019inauguration de r\u00e9ouverture de la cath\u00e9drale et fait d\u2019une pierre deux coups, arrangeant une\u00a0<a href=\"https:\/\/www.france24.com\/fr\/europe\/20241207-avant-c%C3%A9r%C3%A9monie-notre-dame-rencontre-tripartite-entre-trump-zelensky-macron-ukraine\" target=\"_self\" rel=\"noopener noreferrer\">rencontre avec le pr\u00e9sident ukrainien Volodymyr Zelensky<\/a>. Il esp\u00e8re ainsi convaincre le pr\u00e9sident Trump de la n\u00e9cessit\u00e9 de maintenir le soutien am\u00e9ricain \u00e0 Kiev.<\/p>\n<p>Un joli coup diplomatique pour Emmanuel Macron\u00a0? \u00ab\u00a0Cette visite \u00e9tait surtout un moyen pour Donald Trump de soigner une fois de plus son image\u00a0\u00bb,\u00a0analyse J\u00e9r\u00f4me Viala-Gaudefroy. \u00ab\u00a0C\u2019est quelqu\u2019un qui adore les c\u00e9r\u00e9monies et les dorures, comme en t\u00e9moigne la nouvelle d\u00e9coration du Bureau ovale que certains comparent ironiquement au ch\u00e2teau\u00a0de Versailles. Il \u00e9tait donc ravi d\u2019assister en bonne place \u00e0 cet \u00e9v\u00e8nement, dans un tel cadre, parmi les puissants. Ce qui ne t\u00e9moignait\u00a0en rien d\u2019un quelconque changement au niveau de sa politique.\u00a0\u00bb<\/p>\n<p>S\u2019il n\u2019a pas, pour l\u2019heure, coup\u00e9 les vannes de l\u2019aide \u00e0 l\u2019Ukraine, Donald Trump menace r\u00e9guli\u00e8rement de se d\u00e9sengager du conflit qu\u2019il avait promis de r\u00e9soudre, fustigeant les initiatives europ\u00e9ennes qu\u2019il juge inefficace.<\/p>\n<p>\u00ab\u00a0Donald Trump n\u2019a pas d\u2019amis ni d\u2019ennemis, il ne voit que des forts, qu\u2019il aime, et des faibles, qu\u2019il ex\u00e8cre\u00a0\u00bb,\u00a0souligne l\u2019expert.<\/p>\n<h2><strong>Bras de fer \u00e0 Davos<\/strong><\/h2>\n<p>Apr\u00e8s son op\u00e9ration \u00e9clair\u00a0au\u00a0<a class=\"gtm-add-suggested-tag\" href=\"https:\/\/www.france24.com\/fr\/tag\/venezuela\/\" target=\"_self\" rel=\"noopener noreferrer\">Venezuela<\/a>\u00a0pour capturer le pr\u00e9sident Maduro\u00a0et ses menaces contre l\u2019Iran,\u00a0<a href=\"https:\/\/www.france24.com\/fr\/europe\/20260121-groenland-critiques-europe-ce-qu-il-faut-retenir-du-discours-de-trump-%C3%A0-davos\" target=\"_self\" rel=\"noopener noreferrer\">Donald Trump<\/a>\u00a0a jet\u00e9 son d\u00e9volu\u00a0sur le Groenland dont il a affirm\u00e9 vouloir \u00e0 tout prix prendre le contr\u00f4le, quitte \u00e0 d\u00e9clencher une nouvelle guerre commerciale.<\/p>\n<p>Il\u00a0<a href=\"https:\/\/www.france24.com\/fr\/europe\/20260121-groenland-critiques-europe-ce-qu-il-faut-retenir-du-discours-de-trump-%C3%A0-davos\" target=\"_self\" rel=\"noopener noreferrer\">a finalement fait machine arri\u00e8re mercredi \u00e0 Davos<\/a>, excluant l\u2019usage de la force et de nouvelles surtaxes, avant d\u2019annoncer dans la soir\u00e9e \u00ab\u00a0le \u200bcadre d\u2019un futur accord concernant le Groenland et l\u2019ensemble de la r\u00e9gion de l\u2019Arctique\u00a0\u00bb, conclu avec \u00a0le secr\u00e9taire g\u00e9n\u00e9ral de l\u2019Otan Mark Rutte, dont les contours demeurent tr\u00e8s flous.<\/p>\n<p>Un pas de c\u00f4t\u00e9, qui pourrait \u00eatre li\u00e9 en priorit\u00e9 \u00e0 des questions de politique int\u00e9rieures. \u00ab\u00a0Les \u00e9lections de mi-mandat approchent aux \u00c9tats-Unis et les Am\u00e9ricains \u00a0d\u00e9sapprouvent tr\u00e8s majoritairement une op\u00e9ration au Groenland qui pourrait provoquer de\u00a0<a href=\"https:\/\/www.france24.com\/fr\/europe\/20260121-ratification-accord-commercial-avec-%C3%A9tats-unis-suspendue-par-d%C3%A9put%C3%A9s-europ%C3%A9ens\" target=\"_self\" rel=\"noopener noreferrer\">mesures de repr\u00e9sailles \u00e9conomiques<\/a>\u00a0et affecter leur pouvoir d\u2019achat\u00a0\u00bb souligne J\u00e9r\u00f4me Viala-Gaudefroy.<\/p>\n<p>Lors de\u00a0<a href=\"https:\/\/www.france24.com\/fr\/vid%C3%A9o\/20260120-macron-r%C3%A9pond-aux-menaces-de-trump-de-hausse-des-droits-de-douane\" target=\"_self\" rel=\"noopener noreferrer\">son discours Davos, Emmanuel Macron<\/a>\u00a0avait affirm\u00e9 pr\u00e9f\u00e9rer \u00ab\u00a0<a href=\"https:\/\/www.france24.com\/fr\/europe\/20260120-groenland-trump-impose-le-sujet-%C3%A0-davos-macron-dit-pr%C3%A9f%C3%A9rer-l-%C3%A9tat-de-droit-aux-brutes\" target=\"_self\" rel=\"noopener noreferrer\">le respect plut\u00f4t que les brutes<\/a>\u00ab\u00a0, \u00ab\u00a0l\u2019\u00e9tat de droit plut\u00f4t que la brutalit\u00e9\u00a0\u00bb, et appel\u00e9 \u00e0\u00a0<a href=\"https:\/\/www.france24.com\/fr\/europe\/20260119-groenland-cest-quoi-instrument-anti-coercition-de-ue-evoque-par-emmanuel-macron\" target=\"_self\" rel=\"noopener noreferrer\">l\u2019activation de l\u2019instrument anti-coercition<\/a>\u00a0de l\u2019UE contre les \u00c9tats-Unis en cas de nouvelles surtaxes am\u00e9ricaines.<\/p>\n<p>A-t-il \u00e9t\u00e9 entendu par Donald Trump\u00a0?\u00a0 Le pr\u00e9sident am\u00e9ricain lui a r\u00e9pondu mercredi par une nouvelle moquerie\u00a0: \u00ab\u00a0Je l\u2019ai vu jouer le dur \u00e0 cuire.\u00a0\u00bb La veille, il d\u00e9peignait Emmanuel Macron en figurant des affaires mondiales. Un \u00ab\u00a0ami\u00a0\u00bb, toujours, mais \u00ab\u00a0qui ne sera pas l\u00e0 pour longtemps\u00a0\u00bb.<\/p>\n<p>&nbsp;<\/p>\n<p><strong>Avec AFP<\/strong><\/p>\n<\/div>\n","protected":false},"excerpt":{"rendered":"<p>Donald Trump a multipli\u00e9 ces derniers jours les attaques contre Emmanuel Macron, qui s\u2019est oppos\u00e9 au pr\u00e9sident am\u00e9ricain sur le dossier du Groenland et a refus\u00e9 de participer \u00e0 son \u00ab Conseil de la paix \u00bb. Un net refroidissement dans la relation \u00ab d\u2019amiti\u00e9 \u00bb longtemps affich\u00e9e, devant les cam\u00e9ras, par les deux dirigeants. Les [&hellip;]<\/p>\n","protected":false},"author":2,"featured_media":38376,"comment_status":"closed","ping_status":"closed","sticky":false,"template":"","format":"standard","meta":{"footnotes":""},"categories":[57],"tags":[],"class_list":{"0":"post-38375","1":"post","2":"type-post","3":"status-publish","4":"format-standard","5":"has-post-thumbnail","7":"category-politique"},"_links":{"self":[{"href":"https:\/\/conakrynews.org\/index.php\/wp-json\/wp\/v2\/posts\/38375","targetHints":{"allow":["GET"]}}],"collection":[{"href":"https:\/\/conakrynews.org\/index.php\/wp-json\/wp\/v2\/posts"}],"about":[{"href":"https:\/\/conakrynews.org\/index.php\/wp-json\/wp\/v2\/types\/post"}],"author":[{"embeddable":true,"href":"https:\/\/conakrynews.org\/index.php\/wp-json\/wp\/v2\/users\/2"}],"replies":[{"embeddable":true,"href":"https:\/\/conakrynews.org\/index.php\/wp-json\/wp\/v2\/comments?post=38375"}],"version-history":[{"count":0,"href":"https:\/\/conakrynews.org\/index.php\/wp-json\/wp\/v2\/posts\/38375\/revisions"}],"wp:featuredmedia":[{"embeddable":true,"href":"https:\/\/conakrynews.org\/index.php\/wp-json\/wp\/v2\/media\/38376"}],"wp:attachment":[{"href":"https:\/\/conakrynews.org\/index.php\/wp-json\/wp\/v2\/media?parent=38375"}],"wp:term":[{"taxonomy":"category","embeddable":true,"href":"https:\/\/conakrynews.org\/index.php\/wp-json\/wp\/v2\/categories?post=38375"},{"taxonomy":"post_tag","embeddable":true,"href":"https:\/\/conakrynews.org\/index.php\/wp-json\/wp\/v2\/tags?post=38375"}],"curies":[{"name":"wp","href":"https:\/\/api.w.org\/{rel}","templated":true}]}}