{"id":38384,"date":"2026-01-22T19:07:45","date_gmt":"2026-01-22T19:07:45","guid":{"rendered":"https:\/\/conakrynews.org\/?p=38384"},"modified":"2026-01-22T19:07:45","modified_gmt":"2026-01-22T19:07:45","slug":"demission-du-gouvernement-bah-oury-premiere-reaction-de-lex-ministre-ousmane-gaoual-diallo","status":"publish","type":"post","link":"https:\/\/conakrynews.org\/index.php\/demission-du-gouvernement-bah-oury-premiere-reaction-de-lex-ministre-ousmane-gaoual-diallo\/","title":{"rendered":"D\u00e9mission du gouvernement Bah Oury: premi\u00e8re r\u00e9action de l\u2019ex ministre Ousmane Gaoual Diallo"},"content":{"rendered":"<div class=\"entry-header\">\n<h1 class=\"jeg_post_title\"><span style=\"color: #222222;font-family: Verdana, Geneva, sans-serif;font-size: 15px\">Son Excellence Monsieur le Pr\u00e9sident de la R\u00e9publique, le G\u00e9n\u00e9ral Mamadi Doumbouya, a accept\u00e9 cet apr\u00e8s-midi la d\u00e9mission du Gouvernement dirig\u00e9 par le Premier ministre Amadou Oury Bah.<\/span><\/h1>\n<\/div>\n<div class=\"entry-content no-share\">\n<div class=\"content-inner \">\n<p>\u00c0 cette occasion, j\u2019exprime mes sinc\u00e8res remerciements et ma profonde reconnaissance au Chef de l\u2019\u00c9tat pour la confiance qu\u2019il m\u2019a accord\u00e9e durant ces quatre ann\u00e9es au service de la Nation.<\/p>\n<p>Je tiens \u00e9galement \u00e0 adresser mes remerciements aux Premiers ministres Mohamed B\u00e9avogui, Bernard Gomou et Amadou Oury Bah, sous l\u2019autorit\u00e9 desquels j\u2019ai eu l\u2019honneur d\u2019exercer mes responsabilit\u00e9s gouvernementales, dans un esprit de loyaut\u00e9, d\u2019engagement et de d\u00e9vouement \u00e0 l\u2019int\u00e9r\u00eat g\u00e9n\u00e9ral.<\/p>\n<p>Ce parcours au sein de l\u2019Ex\u00e9cutif a \u00e9t\u00e9 marqu\u00e9 par un engagement constant en faveur de la refondation de l\u2019\u00c9tat, du renforcement de la gouvernance publique et du service au peuple guin\u00e9en.<\/p>\n<p>Je renouvelle ma gratitude au Pr\u00e9sident de la R\u00e9publique pour la confiance plac\u00e9e en ma personne et pour l\u2019opportunit\u00e9 qui m\u2019a \u00e9t\u00e9 offerte de contribuer \u00e0 l\u2019action gouvernementale au service de notre pays.<\/p>\n<\/div>\n<p>Source:avenirguinee<\/p>\n<\/div>\n","protected":false},"excerpt":{"rendered":"<p>Son Excellence Monsieur le Pr\u00e9sident de la R\u00e9publique, le G\u00e9n\u00e9ral Mamadi Doumbouya, a accept\u00e9 cet apr\u00e8s-midi la d\u00e9mission du Gouvernement dirig\u00e9 par le Premier ministre Amadou Oury Bah. \u00c0 cette occasion, j\u2019exprime mes sinc\u00e8res remerciements et ma profonde reconnaissance au Chef de l\u2019\u00c9tat pour la confiance qu\u2019il m\u2019a accord\u00e9e durant ces quatre ann\u00e9es au service [&hellip;]<\/p>\n","protected":false},"author":2,"featured_media":38385,"comment_status":"closed","ping_status":"closed","sticky":false,"template":"","format":"standard","meta":{"footnotes":""},"categories":[57],"tags":[],"class_list":{"0":"post-38384","1":"post","2":"type-post","3":"status-publish","4":"format-standard","5":"has-post-thumbnail","7":"category-politique"},"_links":{"self":[{"href":"https:\/\/conakrynews.org\/index.php\/wp-json\/wp\/v2\/posts\/38384","targetHints":{"allow":["GET"]}}],"collection":[{"href":"https:\/\/conakrynews.org\/index.php\/wp-json\/wp\/v2\/posts"}],"about":[{"href":"https:\/\/conakrynews.org\/index.php\/wp-json\/wp\/v2\/types\/post"}],"author":[{"embeddable":true,"href":"https:\/\/conakrynews.org\/index.php\/wp-json\/wp\/v2\/users\/2"}],"replies":[{"embeddable":true,"href":"https:\/\/conakrynews.org\/index.php\/wp-json\/wp\/v2\/comments?post=38384"}],"version-history":[{"count":0,"href":"https:\/\/conakrynews.org\/index.php\/wp-json\/wp\/v2\/posts\/38384\/revisions"}],"wp:featuredmedia":[{"embeddable":true,"href":"https:\/\/conakrynews.org\/index.php\/wp-json\/wp\/v2\/media\/38385"}],"wp:attachment":[{"href":"https:\/\/conakrynews.org\/index.php\/wp-json\/wp\/v2\/media?parent=38384"}],"wp:term":[{"taxonomy":"category","embeddable":true,"href":"https:\/\/conakrynews.org\/index.php\/wp-json\/wp\/v2\/categories?post=38384"},{"taxonomy":"post_tag","embeddable":true,"href":"https:\/\/conakrynews.org\/index.php\/wp-json\/wp\/v2\/tags?post=38384"}],"curies":[{"name":"wp","href":"https:\/\/api.w.org\/{rel}","templated":true}]}}