{"id":38407,"date":"2026-01-23T14:42:14","date_gmt":"2026-01-23T14:42:14","guid":{"rendered":"https:\/\/conakrynews.org\/?p=38407"},"modified":"2026-01-23T14:47:36","modified_gmt":"2026-01-23T14:47:36","slug":"commune-de-kassa-le-president-de-la-delegation-speciale-abou-samake-dresse-un-bilan-ambitieux","status":"publish","type":"post","link":"https:\/\/conakrynews.org\/index.php\/commune-de-kassa-le-president-de-la-delegation-speciale-abou-samake-dresse-un-bilan-ambitieux\/","title":{"rendered":"Commune de Kassa : le pr\u00e9sident de la d\u00e9l\u00e9gation sp\u00e9ciale, Abou Samak\u00e9, dresse un bilan ambitieux"},"content":{"rendered":"<div class=\"td-post-header\">\n<header class=\"td-post-title\">\n<h1 class=\"entry-title\"><span style=\"color: #222222;font-family: Verdana, Geneva, sans-serif;font-size: 15px\">Ce jeudi 22 janvier 2026, notre r\u00e9daction a rencontr\u00e9 Abou Samak\u00e9, pr\u00e9sident de la d\u00e9l\u00e9gation sp\u00e9ciale de la commune urbaine de Kassa, la sixi\u00e8me commune de Conakry. Il revient sur les r\u00e9alisations depuis sa prise de fonction en 2021 et pr\u00e9sente les ambitions pour transformer l\u2019archipel des \u00eeles de Loos en un p\u00f4le strat\u00e9gique pour la capitale guin\u00e9enne.<\/span><\/h1>\n<\/header>\n<\/div>\n<div class=\"td-post-content tagdiv-type\">\n<div id=\"m#msg-a:r8347192510497260680\" class=\"mail-message expanded\">\n<div><\/div>\n<div id=\"m#msg-a:r8347192510497260680-content\" class=\"mail-message-content collapsible zoom-normal mail-show-images \">\n<div dir=\"auto\"><\/div>\n<div class=\"clear\">\n<div dir=\"auto\">\n<div dir=\"auto\">Cr\u00e9\u00e9e officiellement le 6 avril 2021, la commune urbaine de Kassa s\u2019affirme aujourd\u2019hui comme un territoire cl\u00e9 de Conakry. Avant son \u00e9rection, Kassa \u00e9tait rattach\u00e9e \u00e0 la commune de Kaloum et avait \u00e9t\u00e9 transform\u00e9e en sous-pr\u00e9fecture en 2014, un statut jug\u00e9 peu adapt\u00e9 par les habitants. Apr\u00e8s plusieurs ann\u00e9es de plaidoyers, Kassa obtient finalement son statut de commune urbaine, devenant la sixi\u00e8me commune de la capitale.<\/div>\n<div dir=\"auto\"><\/div>\n<div dir=\"auto\"><\/div>\n<div dir=\"auto\">Depuis sa nomination en juin 2021, Abou Samak\u00e9 a pris en main une collectivit\u00e9 quasi vierge, d\u00e9pourvue de services sociaux et techniques. \u00ab \u00c9riger une localit\u00e9 en commune sans infrastructures ni services techniques posait un r\u00e9el probl\u00e8me \u00bb, explique-t-il.<\/div>\n<div dir=\"auto\"><\/div>\n<div dir=\"auto\"><\/div>\n<div dir=\"auto\">La priorit\u00e9 a \u00e9t\u00e9 donn\u00e9e \u00e0 l\u2019installation des services d\u00e9concentr\u00e9s de l\u2019\u00c9tat. Aujourd\u2019hui, presque tous les minist\u00e8res sont repr\u00e9sent\u00e9s sur le territoire, sauf l\u2019Habitat et la Sant\u00e9, ce qui renforce la gouvernance locale et rapproche l\u2019administration des habitants.<\/div>\n<div dir=\"auto\"><\/div>\n<div dir=\"auto\"><\/div>\n<div dir=\"auto\">Les infrastructures connaissent une avanc\u00e9e notable : la commune dispose d\u00e9sormais de son si\u00e8ge administratif, d\u2019une radio communautaire en construction, et de centres de sant\u00e9 \u00e0 Fotoba, Roum et Kassa.<\/div>\n<div dir=\"auto\"><\/div>\n<div dir=\"auto\"><\/div>\n<div dir=\"auto\">L\u2019h\u00f4pital de Kassa, longtemps limit\u00e9, pourra bient\u00f4t effectuer ses premi\u00e8res interventions chirurgicales.<\/div>\n<div dir=\"auto\">Le secteur \u00e9ducatif a lui aussi \u00e9t\u00e9 renforc\u00e9. Les \u00e9l\u00e8ves disposent maintenant d\u2019un cycle complet allant du primaire au lyc\u00e9e, et la commune pr\u00e9sentera prochainement ses premiers candidats au baccalaur\u00e9at.<\/div>\n<div dir=\"auto\">Une m\u00e9diath\u00e8que publique, dot\u00e9e d\u2019une biblioth\u00e8que et d\u2019un centre informatique, compl\u00e8te cette offre \u00e9ducative, une initiative rare pour une commune aussi r\u00e9cente.<\/div>\n<div dir=\"auto\"><\/div>\n<div dir=\"auto\"><\/div>\n<div dir=\"auto\">L\u2019acc\u00e8s \u00e0 l\u2019\u00e9tat civil est d\u00e9sormais local : les habitants peuvent obtenir extraits de naissance, c\u00e9l\u00e9brer leurs mariages et accomplir d\u2019autres formalit\u00e9s administratives sur place, renfor\u00e7ant le sentiment d\u2019appartenance des insulaires \u00e0 la R\u00e9publique.<\/div>\n<div dir=\"auto\"><\/div>\n<div dir=\"auto\"><\/div>\n<div dir=\"auto\">\u00c9conomiquement, Kassa entend renouer avec son potentiel historique. Apr\u00e8s avoir contribu\u00e9 \u00e0 l\u2019\u00e9conomie nationale via la bauxite de Midi dans les premi\u00e8res ann\u00e9es post-ind\u00e9pendance, la commune mise aujourd\u2019hui sur la p\u00eache et le tourisme, ce dernier repr\u00e9sentant plus de 70 % du potentiel \u00e9conomique de l\u2019archipel selon Abou Samak\u00e9.<\/div>\n<div dir=\"auto\"><\/div>\n<div dir=\"auto\"><\/div>\n<div dir=\"auto\">Des travaux de d\u00e9senclavement sont en cours, avec la modernisation des d\u00e9barcad\u00e8res de Fotoba, Roum et Soro, permettant aux navires de grande capacit\u00e9 d\u2019accoster et facilitant l\u2019acc\u00e8s aux \u00eeles pour le tourisme et le commerce.<\/div>\n<div dir=\"auto\"><\/div>\n<div dir=\"auto\"><\/div>\n<div dir=\"auto\">Malgr\u00e9 ces avanc\u00e9es, les d\u00e9fis restent importants. Avec 60 km\u00b2, Kassa est la plus vaste commune de Conakry. L\u2019am\u00e9nagement du territoire, l\u2019acc\u00e8s \u00e0 l\u2019eau, \u00e0 l\u2019\u00e9lectricit\u00e9 et aux routes restent des priorit\u00e9s. Le pr\u00e9sident plaide pour que les \u00eeles de Loos soient reconnues comme zone sp\u00e9ciale touristique et \u00e9conomique, afin d\u2019attirer des investissements durables.<\/div>\n<div dir=\"auto\"><\/div>\n<div dir=\"auto\"><\/div>\n<div dir=\"auto\">Il insiste \u00e9galement sur l\u2019int\u00e9gration de Kassa dans les programmes annuels op\u00e9rationnels (PAO), afin que chaque minist\u00e8re contribue activement \u00e0 son d\u00e9veloppement. Selon lui, un suivi concert\u00e9 garantirait que l\u2019archipel devienne une vitrine touristique et \u00e9conomique pour la capitale.<\/div>\n<div dir=\"auto\"><\/div>\n<div dir=\"auto\"><\/div>\n<div dir=\"auto\">Avec les projets li\u00e9s \u00e0 Simandou et les \u00e9tudes de faisabilit\u00e9 men\u00e9es par des entreprises publiques et priv\u00e9es, Kassa amorce un tournant d\u00e9cisif. Pour ses habitants comme pour ses responsables, l\u2019objectif est clair : transformer ces efforts en d\u00e9veloppement durable et inclusif, profitant \u00e0 l\u2019ensemble de l\u2019archipel et renfor\u00e7ant son r\u00f4le strat\u00e9gique pour Conakry.<\/div>\n<\/div>\n<\/div>\n<\/div>\n<\/div>\n<div dir=\"auto\"><\/div>\n<div dir=\"auto\">Repereguinee.com<\/div>\n<div dir=\"auto\"><\/div>\n<\/div>\n","protected":false},"excerpt":{"rendered":"<p>Ce jeudi 22 janvier 2026, notre r\u00e9daction a rencontr\u00e9 Abou Samak\u00e9, pr\u00e9sident de la d\u00e9l\u00e9gation sp\u00e9ciale de la commune urbaine de Kassa, la sixi\u00e8me commune de Conakry. Il revient sur les r\u00e9alisations depuis sa prise de fonction en 2021 et pr\u00e9sente les ambitions pour transformer l\u2019archipel des \u00eeles de Loos en un p\u00f4le strat\u00e9gique pour [&hellip;]<\/p>\n","protected":false},"author":2,"featured_media":38412,"comment_status":"closed","ping_status":"closed","sticky":false,"template":"","format":"standard","meta":{"footnotes":""},"categories":[57],"tags":[],"class_list":{"0":"post-38407","1":"post","2":"type-post","3":"status-publish","4":"format-standard","5":"has-post-thumbnail","7":"category-politique"},"_links":{"self":[{"href":"https:\/\/conakrynews.org\/index.php\/wp-json\/wp\/v2\/posts\/38407","targetHints":{"allow":["GET"]}}],"collection":[{"href":"https:\/\/conakrynews.org\/index.php\/wp-json\/wp\/v2\/posts"}],"about":[{"href":"https:\/\/conakrynews.org\/index.php\/wp-json\/wp\/v2\/types\/post"}],"author":[{"embeddable":true,"href":"https:\/\/conakrynews.org\/index.php\/wp-json\/wp\/v2\/users\/2"}],"replies":[{"embeddable":true,"href":"https:\/\/conakrynews.org\/index.php\/wp-json\/wp\/v2\/comments?post=38407"}],"version-history":[{"count":0,"href":"https:\/\/conakrynews.org\/index.php\/wp-json\/wp\/v2\/posts\/38407\/revisions"}],"wp:featuredmedia":[{"embeddable":true,"href":"https:\/\/conakrynews.org\/index.php\/wp-json\/wp\/v2\/media\/38412"}],"wp:attachment":[{"href":"https:\/\/conakrynews.org\/index.php\/wp-json\/wp\/v2\/media?parent=38407"}],"wp:term":[{"taxonomy":"category","embeddable":true,"href":"https:\/\/conakrynews.org\/index.php\/wp-json\/wp\/v2\/categories?post=38407"},{"taxonomy":"post_tag","embeddable":true,"href":"https:\/\/conakrynews.org\/index.php\/wp-json\/wp\/v2\/tags?post=38407"}],"curies":[{"name":"wp","href":"https:\/\/api.w.org\/{rel}","templated":true}]}}