{"id":38418,"date":"2026-01-23T19:49:28","date_gmt":"2026-01-23T19:49:28","guid":{"rendered":"https:\/\/conakrynews.org\/?p=38418"},"modified":"2026-01-23T19:49:28","modified_gmt":"2026-01-23T19:49:28","slug":"bah-oury-dit-avoir-quitte-la-primature-dans-un-esprit-de-loyaute-et-de-devoir-accompli","status":"publish","type":"post","link":"https:\/\/conakrynews.org\/index.php\/bah-oury-dit-avoir-quitte-la-primature-dans-un-esprit-de-loyaute-et-de-devoir-accompli\/","title":{"rendered":"Bah Oury dit avoir quitt\u00e9 la Primature dans un esprit de loyaut\u00e9 et de devoir accompli"},"content":{"rendered":"<div class=\"td-pb-row\">\n<div class=\"td-pb-span12\">\n<div class=\"td-post-header\">\n<header class=\"td-post-title\">\n<h1 class=\"entry-title\"><span style=\"color: #222222;font-family: Verdana, Geneva, sans-serif;font-size: 15px\">\u00c0 l\u2019heure o\u00f9 je remets, avec responsabilit\u00e9 et loyaut\u00e9, la charge que Son Excellence Monsieur le Pr\u00e9sident de la R\u00e9publique m\u2019a confi\u00e9e, je suis habit\u00e9 avant tout par un profond sentiment de gratitude, de reconnaissance et de satisfaction du devoir accompli.<\/span><\/h1>\n<\/header>\n<\/div>\n<\/div>\n<\/div>\n<div class=\"td-pb-row\">\n<div class=\"td-pb-span8 td-main-content\" role=\"main\">\n<div class=\"td-ss-main-content\">\n<div class=\"td-post-content\">\n<p>Je voudrais, en premier lieu, adresser mes remerciements respectueux et sinc\u00e8res \u00e0 Son Excellence Monsieur Mamadi Doumbouya, Pr\u00e9sident de la R\u00e9publique, pour la confiance qu\u2019il m\u2019a accord\u00e9e en me nommant Premier ministre le 27 f\u00e9vrier 2024, ainsi que pour l\u2019appui d\u00e9terminant qu\u2019il a apport\u00e9 \u00e0 l\u2019action du Gouvernement durant cette p\u00e9riode exigeante. Servir sous son autorit\u00e9 a \u00e9t\u00e9 un honneur et une responsabilit\u00e9 que j\u2019ai assum\u00e9s avec engagement, loyaut\u00e9 et sens de l\u2019\u00c9tat.<\/p>\n<p>Je souhaite ensuite exprimer ma reconnaissance appuy\u00e9e aux membres du Gouvernement, mes plus proches collaborateurs, avec lesquels nous avons travaill\u00e9 sans rel\u00e2che, dans un esprit de solidarit\u00e9, de responsabilit\u00e9 collective et de d\u00e9passement de soi.<\/p>\n<p>Ma reconnaissance va ensuite au peuple de Guin\u00e9e, pour sa patience, sa dignit\u00e9 et sa remarquable r\u00e9silience. Dans les moments de doute et face aux difficult\u00e9s, notamment durant les p\u00e9riodes de coupures d\u2019\u00e9lectricit\u00e9 et d\u2019incertitudes, vous avez fait preuve d\u2019un courage silencieux et d\u2019un sens \u00e9lev\u00e9 de l\u2019int\u00e9r\u00eat g\u00e9n\u00e9ral. Cette force collective a constitu\u00e9 la v\u00e9ritable \u00e9nergie de l\u2019action publique.<\/p>\n<p>Je tiens \u00e0 saluer avec une attention particuli\u00e8re la jeunesse guin\u00e9enne, et notamment les jeunes de l\u2019Axe, dont l\u2019expression, parfois vive mais profond\u00e9ment citoyenne, a rappel\u00e9 \u00e0 chacun l\u2019importance de l\u2019\u00e9coute, du dialogue et de la justice sociale. Votre voix compte, et elle continuera de compter dans la construction de notre avenir commun.<\/p>\n<p>Mes remerciements s\u2019adressent \u00e9galement aux hommes et aux femmes de ce pays, \u00e0 la classe politique, aux leaders religieux, aux syndicats, aux journalistes, ainsi qu\u2019aux autorit\u00e9s morales et coutumi\u00e8res, pour leur sens des responsabilit\u00e9s et leur contribution \u00e0 la pr\u00e9servation de la coh\u00e9sion nationale et du vivre-ensemble, dans un contexte souvent sensible.<\/p>\n<p>Je n\u2019oublie pas les Forces de d\u00e9fense et de s\u00e9curit\u00e9, qui ont assur\u00e9, avec professionnalisme, discipline et retenue, la protection des institutions et des citoyens, contribuant ainsi \u00e0 la stabilit\u00e9 du pays et au bon d\u00e9roulement de la vie nationale.<\/p>\n<p>La Nation poursuit sa marche. Je demeure, comme toujours, un serviteur de la R\u00e9publique, convaincu que l\u2019unit\u00e9, le dialogue et la confiance mutuelle constituent les fondements durables de notre avenir commun.<\/p>\n<p><strong>Que Dieu b\u00e9nisse la Guin\u00e9e.<\/strong><br \/>\n<strong>Vive la R\u00e9publique !<\/strong><\/p>\n<\/div>\n<\/div>\n<\/div>\n<\/div>\n","protected":false},"excerpt":{"rendered":"<p>\u00c0 l\u2019heure o\u00f9 je remets, avec responsabilit\u00e9 et loyaut\u00e9, la charge que Son Excellence Monsieur le Pr\u00e9sident de la R\u00e9publique m\u2019a confi\u00e9e, je suis habit\u00e9 avant tout par un profond sentiment de gratitude, de reconnaissance et de satisfaction du devoir accompli. Je voudrais, en premier lieu, adresser mes remerciements respectueux et sinc\u00e8res \u00e0 Son Excellence [&hellip;]<\/p>\n","protected":false},"author":2,"featured_media":38419,"comment_status":"closed","ping_status":"closed","sticky":false,"template":"","format":"standard","meta":{"footnotes":""},"categories":[57],"tags":[],"class_list":{"0":"post-38418","1":"post","2":"type-post","3":"status-publish","4":"format-standard","5":"has-post-thumbnail","7":"category-politique"},"_links":{"self":[{"href":"https:\/\/conakrynews.org\/index.php\/wp-json\/wp\/v2\/posts\/38418","targetHints":{"allow":["GET"]}}],"collection":[{"href":"https:\/\/conakrynews.org\/index.php\/wp-json\/wp\/v2\/posts"}],"about":[{"href":"https:\/\/conakrynews.org\/index.php\/wp-json\/wp\/v2\/types\/post"}],"author":[{"embeddable":true,"href":"https:\/\/conakrynews.org\/index.php\/wp-json\/wp\/v2\/users\/2"}],"replies":[{"embeddable":true,"href":"https:\/\/conakrynews.org\/index.php\/wp-json\/wp\/v2\/comments?post=38418"}],"version-history":[{"count":0,"href":"https:\/\/conakrynews.org\/index.php\/wp-json\/wp\/v2\/posts\/38418\/revisions"}],"wp:featuredmedia":[{"embeddable":true,"href":"https:\/\/conakrynews.org\/index.php\/wp-json\/wp\/v2\/media\/38419"}],"wp:attachment":[{"href":"https:\/\/conakrynews.org\/index.php\/wp-json\/wp\/v2\/media?parent=38418"}],"wp:term":[{"taxonomy":"category","embeddable":true,"href":"https:\/\/conakrynews.org\/index.php\/wp-json\/wp\/v2\/categories?post=38418"},{"taxonomy":"post_tag","embeddable":true,"href":"https:\/\/conakrynews.org\/index.php\/wp-json\/wp\/v2\/tags?post=38418"}],"curies":[{"name":"wp","href":"https:\/\/api.w.org\/{rel}","templated":true}]}}