{"id":38430,"date":"2026-01-25T12:22:58","date_gmt":"2026-01-25T12:22:58","guid":{"rendered":"https:\/\/conakrynews.org\/?p=38430"},"modified":"2026-01-25T12:22:58","modified_gmt":"2026-01-25T12:22:58","slug":"ousmane-sonko-attendu-au-maroc-alors-que-les-tensions-perdurent-entre-les-supporters-des-deux-pays-apres-la-can","status":"publish","type":"post","link":"https:\/\/conakrynews.org\/index.php\/ousmane-sonko-attendu-au-maroc-alors-que-les-tensions-perdurent-entre-les-supporters-des-deux-pays-apres-la-can\/","title":{"rendered":"Ousmane Sonko attendu au Maroc, alors que les tensions perdurent entre les supporters des deux pays apr\u00e8s la CAN"},"content":{"rendered":"<div class=\"td-pb-row\">\n<div class=\"td-pb-span12\">\n<div class=\"td-post-header\">\n<header class=\"td-post-title\">\n<h1 class=\"entry-title\"><span style=\"color: #222222;font-family: Verdana, Geneva, sans-serif;font-size: 15px\">Une semaine apr\u00e8s les incidents de la finale de la CAN remport\u00e9e par le S\u00e9n\u00e9gal face au Maroc, le Premier ministre s\u00e9n\u00e9galais effectue une visite officielle \u00e0 Rabat, \u00e0 partir du 26 janvier.<\/span><\/h1>\n<\/header>\n<\/div>\n<\/div>\n<\/div>\n<div class=\"td-pb-row\">\n<div class=\"td-pb-span8 td-main-content\" role=\"main\">\n<div class=\"td-ss-main-content\">\n<div class=\"td-post-content\"><main id=\"page-main\" class=\"page__main\"><\/p>\n<div class=\"page__container\">\n<article class=\"article text text-18 leading-28 md:text-20 md:leading-30 mt-40 mb-40 print:mt-0 has-leftbar has-rightbar\" data-article=\"\">\n<div class=\"article__container container\">\n<div class=\"article__wrap relative\">\n<div class=\"article__grid grid grid-cols-1 gap-50 lg:grid-cols-sidebar\">\n<div class=\"article__content font-serif min-w-0\">\n<div data-mrf-recirculation=\"Corps d'article\">\n<p>Le Premier ministre s\u00e9n\u00e9galais\u00a0<a href=\"https:\/\/www.jeuneafrique.com\/personnalites\/ousmane-sonko\/\" data-mrf-link=\"https:\/\/www.jeuneafrique.com\/personnalites\/ousmane-sonko\/\">Ousmane Sonko<\/a>\u00a0sera en visite officielle \u00e0 Rabat \u00e0 partir de lundi 26 janvier. Ce d\u00e9placement intervient moins de dix jours apr\u00e8s les incidents de la finale de la CAN,\u00a0<a href=\"https:\/\/www.jeuneafrique.com\/1757776\/societe\/can-2025-remportee-par-le-senegal-la-joie-est-indescriptible-dit-diomaye\/\" data-mrf-link=\"https:\/\/www.jeuneafrique.com\/1757776\/societe\/can-2025-remportee-par-le-senegal-la-joie-est-indescriptible-dit-diomaye\/\">remport\u00e9e le 18\u00a0janvier\u00a0<span id=\"article-engagement-10\" class=\"article-engagement\" data-progression=\"10\">par<\/span>\u00a0le S\u00e9n\u00e9gal face au Maroc<\/a>.<\/p>\n<p>La visite d\u2019Ousmane Sonko s\u2019inscrit dans le cadre de la \u00ab\u00a0grande commission mixte\u00a0\u00bb entre les deux \u00c9tats pr\u00e9vue les 26 et 27 janvier, a indiqu\u00e9 samedi une source au minist\u00e8re s\u00e9n\u00e9galais des Affaires\u00a0<span id=\"article-engagement-20\" class=\"article-engagement\" data-progression=\"20\">\u00e9trang\u00e8res.<\/span>\u00a0Un forum \u00e9conomique maroco-s\u00e9n\u00e9galais est pr\u00e9vu \u00e0 cette occasion, selon l\u2019agence marocaine MAP.<\/p>\n<div class=\"box-ad box-ad--in-content lg:hidden relative mx-auto -first:mt-40 -last:mb-40  print:hidden \">\n<div id=\"ad-article-middle1-vert-mobile\" class=\"box-ad__inner sticky bg-main flex flex-wrap justify-center overflow-hidden loader box-content pt-20 is-active\" data-box-ad=\"\"><span class=\"box-ad__continue absolute top-0 left-0 w-full bg-white font-sans text-11 leading-16 text-main-secondary uppercase h-20 text-center w-full\">la suite apr\u00e8s cette publicit\u00e9<\/span><\/p>\n<div id=\"div-gpt-ad-middle1-vert-mobile\" class=\"gam-slot\" data-google-query-id=\"CNX4nI3UppIDFaqbJwIdOF4GoA\">\n<div id=\"google_ads_iframe_\/5696689\/jeuneafrique.com\/article-middle1-vert_0__container__\"><\/div>\n<\/div>\n<div class=\"box-ad__ph\"><\/div>\n<\/div>\n<\/div>\n<h2>Des liens tr\u00e8s forts<\/h2>\n<p>Dakar et Rabat entretiennent des relations d\u2019amiti\u00e9 et de coop\u00e9ration de longue date dans plusieurs secteurs, notamment le tourisme, l\u2019\u00e9nergie, la formation, les\u00a0<span id=\"article-engagement-30\" class=\"article-engagement\" data-progression=\"30\">infrastructures<\/span>\u00a0et les transports. Les deux pays partagent des liens religieux tr\u00e8s forts. Le\u00a0<a href=\"https:\/\/www.jeuneafrique.com\/pays\/senegal\/\" data-mrf-link=\"https:\/\/www.jeuneafrique.com\/pays\/senegal\/\">S\u00e9n\u00e9gal<\/a>\u00a0constitue aussi la premi\u00e8re nationalit\u00e9 repr\u00e9sent\u00e9e parmi les \u00e9trangers r\u00e9sidant au royaume, avec 18,4\u00a0%, selon le Haut-commissariat au plan (HCP).<\/p>\n<p>Cette r\u00e9union\u00a0<span id=\"article-engagement-40\" class=\"article-engagement\" data-progression=\"40\">S\u00e9n\u00e9gal-Maroc<\/span>\u00a0est pr\u00e9vue alors que des supporters des deux pays s\u2019\u00e9charpent sur les r\u00e9seaux sociaux sur les incidents lors de la finale de la\u00a0<a href=\"https:\/\/www.jeuneafrique.com\/can-2025\/\" data-mrf-link=\"https:\/\/www.jeuneafrique.com\/can-2025\/\">CAN<\/a>, remport\u00e9e 1-0 apr\u00e8s prolongation par le S\u00e9n\u00e9gal. Dix-huit supporters s\u00e9n\u00e9galais sont en\u00a0<span id=\"article-engagement-50\" class=\"article-engagement\" data-progression=\"50\">d\u00e9tention<\/span>\u00a0provisoire au\u00a0<a href=\"https:\/\/www.jeuneafrique.com\/pays\/maroc\/\" data-mrf-link=\"https:\/\/www.jeuneafrique.com\/pays\/maroc\/\">Maroc<\/a>, poursuivis pour des actes de \u00ab hooliganisme \u00bb lors de cette finale. Leur proc\u00e8s a \u00e9t\u00e9 report\u00e9 au 29 janvier apr\u00e8s son ouverture jeudi devant un tribunal de Rabat.<\/p>\n<h2>Mohammed VI et Ousmane Sonko tentent de calmer\u00a0<span id=\"article-engagement-60\" class=\"article-engagement\" data-progression=\"60\">les<\/span>\u00a0esprits<\/h2>\n<p>Le roi Mohammed VI a d\u00e9plor\u00e9 jeudi les \u00ab\u00a0f\u00e2cheux incidents et de tr\u00e8s d\u00e9plorables agissements\u00a0\u00bb lors de la finale. Mais \u00ab\u00a0une fois la passion retomb\u00e9e, la fraternit\u00e9 interafricaine reprendra naturellement le dessus\u00a0\u00bb, poursuit-il dans ce\u00a0communiqu\u00e9 du cabinet royal. Sur\u00a0<span id=\"article-engagement-70\" class=\"article-engagement\" data-progression=\"70\">les<\/span>\u00a0r\u00e9seaux sociaux, le Premier ministre Sonko a voulu \u00ab\u00a0d\u00e9passionner cet \u00e9pisode qui, en aucun cas, ne peut aller au-del\u00e0 du simple cadre sportif\u00a0\u00bb.<\/p>\n<p>Un\u00a0<a href=\"https:\/\/www.jeuneafrique.com\/1757761\/societe\/can-2025-dans-une-rencontre-irrespirable-le-senegal-prive-le-maroc-de-son-titre-a-domicile\/\" data-mrf-link=\"https:\/\/www.jeuneafrique.com\/1757761\/societe\/can-2025-dans-une-rencontre-irrespirable-le-senegal-prive-le-maroc-de-son-titre-a-domicile\/\">p\u00e9nalty siffl\u00e9 en faveur du pays h\u00f4te<\/a>\u00a0\u00e0 la fin du temps\u00a0<span id=\"article-engagement-80\" class=\"article-engagement\" data-progression=\"80\">r\u00e9glementaire<\/span>\u00a0apr\u00e8s consultation de l\u2019arbitrage vid\u00e9o, juste apr\u00e8s un but refus\u00e9 au S\u00e9n\u00e9gal, a entra\u00een\u00e9 le d\u00e9part du terrain d\u2019une partie des joueurs s\u00e9n\u00e9galais. Ils sont finalement revenus \u00e0 la demande de leur joueur star, Sadio Man\u00e9.<\/p>\n<p>De nombreux\u00a0<span id=\"article-engagement-90\" class=\"article-engagement\" data-progression=\"90\">supporters<\/span>\u00a0s\u00e9n\u00e9galais ont alors tent\u00e9 d\u2019envahir la pelouse pendant pr\u00e8s de 15 minutes, avant d\u2019\u00eatre difficilement ma\u00eetris\u00e9s par les forces de l\u2019ordre et les stadiers. Plusieurs d\u2019entre eux ont \u00e9galement lanc\u00e9 divers projectiles vers\u00a0<span id=\"article-engagement-100\" class=\"article-engagement\" data-progression=\"100\">la<\/span>\u00a0pelouse.<\/p>\n<p><strong>(Avec AFP)<\/strong><\/p>\n<\/div>\n<\/div>\n<\/div>\n<\/div>\n<\/div>\n<\/article>\n<\/div>\n<p><\/main><\/div>\n<\/div>\n<\/div>\n<\/div>\n","protected":false},"excerpt":{"rendered":"<p>Une semaine apr\u00e8s les incidents de la finale de la CAN remport\u00e9e par le S\u00e9n\u00e9gal face au Maroc, le Premier ministre s\u00e9n\u00e9galais effectue une visite officielle \u00e0 Rabat, \u00e0 partir du 26 janvier. Le Premier ministre s\u00e9n\u00e9galais\u00a0Ousmane Sonko\u00a0sera en visite officielle \u00e0 Rabat \u00e0 partir de lundi 26 janvier. Ce d\u00e9placement intervient moins de dix [&hellip;]<\/p>\n","protected":false},"author":2,"featured_media":38431,"comment_status":"closed","ping_status":"closed","sticky":false,"template":"","format":"standard","meta":{"footnotes":""},"categories":[57],"tags":[],"class_list":{"0":"post-38430","1":"post","2":"type-post","3":"status-publish","4":"format-standard","5":"has-post-thumbnail","7":"category-politique"},"_links":{"self":[{"href":"https:\/\/conakrynews.org\/index.php\/wp-json\/wp\/v2\/posts\/38430","targetHints":{"allow":["GET"]}}],"collection":[{"href":"https:\/\/conakrynews.org\/index.php\/wp-json\/wp\/v2\/posts"}],"about":[{"href":"https:\/\/conakrynews.org\/index.php\/wp-json\/wp\/v2\/types\/post"}],"author":[{"embeddable":true,"href":"https:\/\/conakrynews.org\/index.php\/wp-json\/wp\/v2\/users\/2"}],"replies":[{"embeddable":true,"href":"https:\/\/conakrynews.org\/index.php\/wp-json\/wp\/v2\/comments?post=38430"}],"version-history":[{"count":0,"href":"https:\/\/conakrynews.org\/index.php\/wp-json\/wp\/v2\/posts\/38430\/revisions"}],"wp:featuredmedia":[{"embeddable":true,"href":"https:\/\/conakrynews.org\/index.php\/wp-json\/wp\/v2\/media\/38431"}],"wp:attachment":[{"href":"https:\/\/conakrynews.org\/index.php\/wp-json\/wp\/v2\/media?parent=38430"}],"wp:term":[{"taxonomy":"category","embeddable":true,"href":"https:\/\/conakrynews.org\/index.php\/wp-json\/wp\/v2\/categories?post=38430"},{"taxonomy":"post_tag","embeddable":true,"href":"https:\/\/conakrynews.org\/index.php\/wp-json\/wp\/v2\/tags?post=38430"}],"curies":[{"name":"wp","href":"https:\/\/api.w.org\/{rel}","templated":true}]}}