{"id":38489,"date":"2026-01-27T14:10:56","date_gmt":"2026-01-27T14:10:56","guid":{"rendered":"https:\/\/conakrynews.org\/?p=38489"},"modified":"2026-01-27T14:10:56","modified_gmt":"2026-01-27T14:10:56","slug":"general-doumbouya-redessine-lossature-du-gouvernement","status":"publish","type":"post","link":"https:\/\/conakrynews.org\/index.php\/general-doumbouya-redessine-lossature-du-gouvernement\/","title":{"rendered":"G\u00e9n\u00e9ral Doumbouya redessine l\u2019ossature du gouvernement"},"content":{"rendered":"<div class=\"the_title\">\n<h1><span style=\"color: #222222;font-family: Verdana, Geneva, sans-serif;font-size: 15px\">CONAKRY \u2013 Dans une s\u00e9rie de d\u00e9crets diffus\u00e9s ce lundi 26 janvier 2026 \u00e0 la t\u00e9l\u00e9vision nationale, le Pr\u00e9sident de la R\u00e9publique, le G\u00e9n\u00e9ral Mamadi Doumbouya, a mis fin aux sp\u00e9culations en confirmant Amadou Oury Bah \u00e0 la Primature, avant de d\u00e9voiler une nouvelle architecture gouvernementale qui se veut rationalis\u00e9e.<\/span><\/h1>\n<\/div>\n<div class=\"the_content\">\n<p>\u200b<strong>La prime \u00e0 la continuit\u00e9<\/strong><\/p>\n<p>\u200bLe choix de la stabilit\u00e9 semble l\u2019avoir emport\u00e9 au Palais Mohammed V. En reconduisant Amadou Oury Bah (Bah Oury), le chef de l\u2019\u00c9tat envoie un signal de pers\u00e9v\u00e9rance dans les r\u00e9formes engag\u00e9es. Le Premier ministre, figure d\u2019exp\u00e9rience de la sc\u00e8ne politique guin\u00e9enne, aura pour mission de piloter cette nouvelle \u00e9quipe dans un contexte de transition qui entre dans une phase charni\u00e8re.<\/p>\n<p>\u200b<strong>Une structure remani\u00e9e pour plus d\u2019efficacit\u00e9<\/strong><\/p>\n<p>\u200bLe second d\u00e9cret pr\u00e9sidentiel d\u00e9taille une nomenclature de 28 d\u00e9partements et secr\u00e9tariats g\u00e9n\u00e9raux, r\u00e9v\u00e9lant des choix strat\u00e9giques majeurs pour la conduite des affaires publiques :<\/p>\n<p>\u200bLa fusion des p\u00f4les \u00e9ducatifs : L\u2019un des changements notables est le regroupement de l\u2019\u00c9ducation nationale, de l\u2019Alphab\u00e9tisation et de l\u2019Enseignement technique sous une seule et m\u00eame banni\u00e8re. Cette synergie pourrait viser une meilleure ad\u00e9quation entre la formation de base et les besoins professionnels du pays.<\/p>\n<p>\u200bUn p\u00f4le num\u00e9rique renforc\u00e9 : Le minist\u00e8re de la Communication se voit d\u00e9sormais adjoindre les portefeuilles de l\u2019\u00c9conomie num\u00e9rique et de l\u2019Innovation, confirmant l\u2019ambition de modernisation technologique de l\u2019administration.<\/p>\n<p>\u200bGestion des ressources : L\u2019\u00c9conomie, les Finances et le Budget demeurent centralis\u00e9s, tandis que le secteur strat\u00e9gique des Hydrocarbures est d\u00e9sormais rattach\u00e9 \u00e0 l\u2019Assainissement et \u00e0 l\u2019Hydraulique.<\/p>\n<p>\u200b<strong>Les d\u00e9fis de la nouvelle \u00e9quipe<\/strong><\/p>\n<p>\u200bSi la structure est d\u00e9sormais act\u00e9e, les regards sont maintenant tourn\u00e9s vers la liste des futurs ministres. Les enjeux sont de taille : relance \u00e9conomique, gestion des infrastructures \u00e9nerg\u00e9tiques et poursuite du chronogramme de la transition.<\/p>\n<p>\u200bEn maintenant la structure de l\u2019\u00c9tat autour de piliers r\u00e9galiens forts (D\u00e9fense, Justice, Administration du Territoire), le G\u00e9n\u00e9ral Mamadi Doumbouya r\u00e9affirme sa volont\u00e9 de s\u00e9curiser le territoire tout en tentant d\u2019acc\u00e9l\u00e9rer le d\u00e9veloppement social.<\/p>\n<p><strong>Ci-dessous : nomenclature du gouvernement\u00a0<\/strong><\/p>\n<p>1-Minist\u00e8re de la Justice et des Droits de l\u2019Homme.<\/p>\n<p>2-Minist\u00e8re de la D\u00e9fense NaNationale.3-<\/p>\n<p>4-Minist\u00e8re de l\u2019Administration du Territoire et de la D\u00e9centralisation.<\/p>\n<p>5-Minist\u00e8re de la S\u00e9curit\u00e9 et de la Protection CiCivile.<\/p>\n<p>6-Minist\u00e8re des Affaires \u00c9trang\u00e8res, de l\u2019int\u00e9gration africaine et des Guin\u00e9ens \u00e9tablis \u00e0 l\u2019\u00e9tranger.<\/p>\n<p>7-Minist\u00e8re de l\u2019Economie, des Finances et du Budget.<\/p>\n<p>8-Minist\u00e8re du Plan, de la Coop\u00e9ration Internationale et du D\u00e9vD\u00e9veloppement<\/p>\n<p>9-Minist\u00e8re de la Modernisation de l\u2019Administration et de la Fonction PuPublique.10-<\/p>\n<p>11-Minist\u00e8re de l\u2019Emploi, du Travail et de la Protection Sociale.<\/p>\n<p>Minist\u00e8re des Mines et de la G\u00e9ologie.<\/p>\n<p>Minist\u00e8re de l\u2019Agriculture.<\/p>\n<p>12.Minist\u00e8re de l\u2019\u00c9levage.<\/p>\n<p>13-Minist\u00e8re de la P\u00eache et de l\u2019\u00c9conomie Maritime.<\/p>\n<p>14-Minist\u00e8re de l\u2019Industrie et du Commerce.<\/p>\n<p>15-Minist\u00e8re de l\u2019Enseignement Sup\u00e9rieur et de la Recherche Scientifique.<\/p>\n<p>16-Minist\u00e8re de l\u2019\u00c9ducation Nationale, de l\u2019Alphab\u00e9tisation, de l\u2019Enseignement Technique et de la Formation Professionnelle.<\/p>\n<p>17-Minist\u00e8re de la Culture, du Tourisme et de l\u2019Artisanat.<\/p>\n<p>18-Minist\u00e8re de la Sant\u00e9 et de l\u2019Hygi\u00e8ne Publique.<\/p>\n<p>19-Minist\u00e8re de la Femme, de la Famille et de la Solidarit\u00e9.<\/p>\n<p>20-Minist\u00e8re de la Jeunesse et des Sports.<\/p>\n<p>21-Minist\u00e8re des Infrastructures.<\/p>\n<p>22-Minist\u00e8re des Transportsdes<\/p>\n<p>23-Minist\u00e8re de la Communication, de l\u2019\u00c9conomie Num\u00e9rique et de l\u2019Innovation.<\/p>\n<p>24-Minist\u00e8re de l\u2019Environnement et du D\u00e9veloppement Durable.<\/p>\n<p>25-Minist\u00e8re de l\u2019\u00c9nergie.<\/p>\n<p>26-Minist\u00e8re de l\u2019Assainissement, de l\u2019Hydraulique et des Hydrocarbures.<\/p>\n<p>27-Minist\u00e8re de l\u2019Urbanisme, de l\u2019Habitat et de l\u2019Am\u00e9nagement du TeAm\u00e9nagement28-<\/p>\n<p>Secr\u00e9tariat G\u00e9n\u00e9ral du Gouvernement.<\/p>\n<p>29-Secr\u00e9tariat G\u00e9n\u00e9ral des Affaires Religieuses.<\/p>\n<p><strong>Source:envergure224.com<\/strong><\/p>\n<\/div>\n","protected":false},"excerpt":{"rendered":"<p>CONAKRY \u2013 Dans une s\u00e9rie de d\u00e9crets diffus\u00e9s ce lundi 26 janvier 2026 \u00e0 la t\u00e9l\u00e9vision nationale, le Pr\u00e9sident de la R\u00e9publique, le G\u00e9n\u00e9ral Mamadi Doumbouya, a mis fin aux sp\u00e9culations en confirmant Amadou Oury Bah \u00e0 la Primature, avant de d\u00e9voiler une nouvelle architecture gouvernementale qui se veut rationalis\u00e9e. \u200bLa prime \u00e0 la continuit\u00e9 [&hellip;]<\/p>\n","protected":false},"author":2,"featured_media":38490,"comment_status":"closed","ping_status":"closed","sticky":false,"template":"","format":"standard","meta":{"footnotes":""},"categories":[57],"tags":[],"class_list":{"0":"post-38489","1":"post","2":"type-post","3":"status-publish","4":"format-standard","5":"has-post-thumbnail","7":"category-politique"},"_links":{"self":[{"href":"https:\/\/conakrynews.org\/index.php\/wp-json\/wp\/v2\/posts\/38489","targetHints":{"allow":["GET"]}}],"collection":[{"href":"https:\/\/conakrynews.org\/index.php\/wp-json\/wp\/v2\/posts"}],"about":[{"href":"https:\/\/conakrynews.org\/index.php\/wp-json\/wp\/v2\/types\/post"}],"author":[{"embeddable":true,"href":"https:\/\/conakrynews.org\/index.php\/wp-json\/wp\/v2\/users\/2"}],"replies":[{"embeddable":true,"href":"https:\/\/conakrynews.org\/index.php\/wp-json\/wp\/v2\/comments?post=38489"}],"version-history":[{"count":0,"href":"https:\/\/conakrynews.org\/index.php\/wp-json\/wp\/v2\/posts\/38489\/revisions"}],"wp:featuredmedia":[{"embeddable":true,"href":"https:\/\/conakrynews.org\/index.php\/wp-json\/wp\/v2\/media\/38490"}],"wp:attachment":[{"href":"https:\/\/conakrynews.org\/index.php\/wp-json\/wp\/v2\/media?parent=38489"}],"wp:term":[{"taxonomy":"category","embeddable":true,"href":"https:\/\/conakrynews.org\/index.php\/wp-json\/wp\/v2\/categories?post=38489"},{"taxonomy":"post_tag","embeddable":true,"href":"https:\/\/conakrynews.org\/index.php\/wp-json\/wp\/v2\/tags?post=38489"}],"curies":[{"name":"wp","href":"https:\/\/api.w.org\/{rel}","templated":true}]}}