{"id":39204,"date":"2026-03-10T11:22:03","date_gmt":"2026-03-10T11:22:03","guid":{"rendered":"https:\/\/conakrynews.org\/?p=39204"},"modified":"2026-03-10T11:24:12","modified_gmt":"2026-03-10T11:24:12","slug":"ibrahima-kone-directeur-general-du-quotidien-national-horoya-un-leader-soucieux-et-engage","status":"publish","type":"post","link":"https:\/\/conakrynews.org\/index.php\/ibrahima-kone-directeur-general-du-quotidien-national-horoya-un-leader-soucieux-et-engage\/","title":{"rendered":"Ibrahima Kon\u00e9, Directeur g\u00e9n\u00e9ral du Quotidien National Horoya : un leader soucieux et engag\u00e9"},"content":{"rendered":"<div class=\"td-pb-row\">\n<div class=\"td-pb-span12\">\n<div class=\"td-post-header\">\n<header class=\"td-post-title\">\n<h1 class=\"entry-title\"><\/h1>\n<div class=\"td-module-meta-info\">\n<div class=\"td-post-author-name\">\n<div class=\"td-author-by\"><\/div>\n<\/div>\n<\/div>\n<\/header>\n<\/div>\n<\/div>\n<\/div>\n<div class=\"td-pb-row\">\n<div class=\"td-pb-span8 td-main-content\" role=\"main\">\n<div class=\"td-ss-main-content\">\n<div class=\"td-post-sharing-top\">\n<div id=\"td_social_sharing_article_top\" class=\"td-post-sharing td-ps-bg td-ps-notext td-post-sharing-style1 \">\n<div class=\"td-post-sharing-visible\">\n<div class=\"td-social-but-icon\">Dans le paysage m\u00e9diatique guin\u00e9en, marqu\u00e9 par des d\u00e9fis constants et une \u00e9volution rapide des pratiques de l\u2019information, Ibrahima Kon\u00e9, Directeur g\u00e9n\u00e9ral du Quotidien National Horoya, s\u2019impose aujourd\u2019hui comme une figure de proue de la presse publique, reconnue pour son leadership, son engagement professionnel et son sens des responsabilit\u00e9s.<\/div>\n<\/div>\n<\/div>\n<\/div>\n<div class=\"td-post-content tagdiv-type\">\n<p>Depuis sa prise de fonction \u00e0 la t\u00eate du Horoya, le journal officiel de l\u2019\u00c9tat guin\u00e9en fond\u00e9 en 1958 et pilier historique de l\u2019information nationale M. Kon\u00e9 a impuls\u00e9 une dynamique positive de modernisation et de professionnalisation au sein de la r\u00e9daction.<br \/>\nEngag\u00e9 \u00e0 faire du Horoya un organe capable de r\u00e9pondre aux attentes des citoyens tout en respectant l\u2019\u00e9thique journalistique, il a encourag\u00e9 l\u2019adoption de pratiques r\u00e9dactionnelles plus rigoureuses, l\u2019organisation de formations pour les journalistes et la mise \u00e0 niveau des outils de production.<br \/>\n\u00ab\u202fNotre r\u00f4le est d\u2019informer de mani\u00e8re juste, transparente et responsable, tout en contribuant au d\u00e9bat public national\u202f\u00bb, affirme Ibrahima Kon\u00e9, pour qui la libert\u00e9 de la presse et l\u2019excellence professionnelle sont des valeurs non n\u00e9gociables.<br \/>\nSous sa direction, le Horoya a \u00e9galement renforc\u00e9 son r\u00f4le de plateforme d\u2019expression pour les acteurs sociaux, \u00e9conomiques et culturels du pays. En multipliant les tribunes, analyses et reportages de fond, le journal s\u2019efforce d\u2019\u00eatre \u00e0 l\u2019\u00e9coute des pr\u00e9occupations de la population guin\u00e9enne.<br \/>\nLes initiatives de M. Kon\u00e9 ne se limitent pas \u00e0 la production journalistique\u202f: il a \u00e9galement instaur\u00e9 des \u00e9changes r\u00e9guliers entre la direction du Horoya et les institutions publiques, notamment avec le minist\u00e8re de la Communication, afin de favoriser un climat de coop\u00e9ration constructive entre l\u2019\u00c9tat et la presse publique.<br \/>\nCe leadership a \u00e9t\u00e9 salu\u00e9 par plusieurs acteurs du secteur m\u00e9diatique, qui voient en Ibrahima Kon\u00e9 un dirigeant soucieux de l\u2019avenir du journal et engag\u00e9 pour le renforcement de la presse en Guin\u00e9e.<br \/>\nAlors que les m\u00e9dias publics guin\u00e9ens font face \u00e0 des enjeux contemporains tels que la digitalisation de l\u2019information et l\u2019affirmation de nouveaux formats, le DG du Horoya reste d\u00e9termin\u00e9 \u00e0 faire de sa structure une r\u00e9f\u00e9rence de qualit\u00e9 et d\u2019int\u00e9grit\u00e9, au service de la population et du d\u00e9veloppement national.<\/p>\n<p>Ibrahima Sory Bangoura<\/p>\n<\/div>\n<\/div>\n<\/div>\n<\/div>\n","protected":false},"excerpt":{"rendered":"<p>Dans le paysage m\u00e9diatique guin\u00e9en, marqu\u00e9 par des d\u00e9fis constants et une \u00e9volution rapide des pratiques de l\u2019information, Ibrahima Kon\u00e9, Directeur g\u00e9n\u00e9ral du Quotidien National Horoya, s\u2019impose aujourd\u2019hui comme une figure de proue de la presse publique, reconnue pour son leadership, son engagement professionnel et son sens des responsabilit\u00e9s. Depuis sa prise de fonction \u00e0 [&hellip;]<\/p>\n","protected":false},"author":2,"featured_media":39208,"comment_status":"closed","ping_status":"closed","sticky":false,"template":"","format":"standard","meta":{"footnotes":""},"categories":[58],"tags":[],"class_list":{"0":"post-39204","1":"post","2":"type-post","3":"status-publish","4":"format-standard","5":"has-post-thumbnail","7":"category-societe"},"_links":{"self":[{"href":"https:\/\/conakrynews.org\/index.php\/wp-json\/wp\/v2\/posts\/39204","targetHints":{"allow":["GET"]}}],"collection":[{"href":"https:\/\/conakrynews.org\/index.php\/wp-json\/wp\/v2\/posts"}],"about":[{"href":"https:\/\/conakrynews.org\/index.php\/wp-json\/wp\/v2\/types\/post"}],"author":[{"embeddable":true,"href":"https:\/\/conakrynews.org\/index.php\/wp-json\/wp\/v2\/users\/2"}],"replies":[{"embeddable":true,"href":"https:\/\/conakrynews.org\/index.php\/wp-json\/wp\/v2\/comments?post=39204"}],"version-history":[{"count":0,"href":"https:\/\/conakrynews.org\/index.php\/wp-json\/wp\/v2\/posts\/39204\/revisions"}],"wp:featuredmedia":[{"embeddable":true,"href":"https:\/\/conakrynews.org\/index.php\/wp-json\/wp\/v2\/media\/39208"}],"wp:attachment":[{"href":"https:\/\/conakrynews.org\/index.php\/wp-json\/wp\/v2\/media?parent=39204"}],"wp:term":[{"taxonomy":"category","embeddable":true,"href":"https:\/\/conakrynews.org\/index.php\/wp-json\/wp\/v2\/categories?post=39204"},{"taxonomy":"post_tag","embeddable":true,"href":"https:\/\/conakrynews.org\/index.php\/wp-json\/wp\/v2\/tags?post=39204"}],"curies":[{"name":"wp","href":"https:\/\/api.w.org\/{rel}","templated":true}]}}