{"id":39217,"date":"2026-03-11T19:51:53","date_gmt":"2026-03-11T19:51:53","guid":{"rendered":"https:\/\/conakrynews.org\/?p=39217"},"modified":"2026-03-11T19:52:17","modified_gmt":"2026-03-11T19:52:17","slug":"guinee-prise-de-fonction-officielle-des-conseillers-a-la-presidence-nouvellement-nommes","status":"publish","type":"post","link":"https:\/\/conakrynews.org\/index.php\/guinee-prise-de-fonction-officielle-des-conseillers-a-la-presidence-nouvellement-nommes\/","title":{"rendered":"Guin\u00e9e : Prise de fonction officielle des Conseillers \u00e0 la Pr\u00e9sidence nouvellement nomm\u00e9s"},"content":{"rendered":"<h1 class=\"name post-title entry-title\" style=\"padding: 0px;margin-top: 0px;margin-bottom: 10px;border: 0px none;font-family: BebasNeueRegular, arial, Georgia, serif;font-size: 28px;color: #333333\"><span style=\"font-size: 13px;font-family: 'Droid Sans'\">\u00a0<\/span><\/h1>\n<h1 class=\"name post-title entry-title\" style=\"padding: 0px;margin-top: 0px;margin-bottom: 10px;border: 0px none;font-family: BebasNeueRegular, arial, Georgia, serif;font-size: 28px;color: #333333\"><span style=\"font-size: 13px;font-family: 'Droid Sans'\">\u00a0<\/span><\/h1>\n<h1 class=\"name post-title entry-title\" style=\"padding: 0px;margin-top: 0px;margin-bottom: 10px;border: 0px none;font-family: BebasNeueRegular, arial, Georgia, serif;font-size: 28px;color: #333333\"><span style=\"font-size: 13px;font-family: 'Droid Sans'\">Les Conseillers nouvellement nomm\u00e9s \u00e0 la Pr\u00e9sidence de la R\u00e9publique ont officiellement pris fonction ce mardi 10 mars 2026, au cours d\u2019une c\u00e9r\u00e9monie solennelle. La rencontre, plac\u00e9e sous la supervision du V\u00e9rificateur G\u00e9n\u00e9ral de la R\u00e9publique, Dr Joseph Togna DOR\u00c9, a \u00e9t\u00e9 pr\u00e9sid\u00e9e par le Ministre Secr\u00e9taire G\u00e9n\u00e9ral de la Pr\u00e9sidence, le G\u00e9n\u00e9ral Amara CAMARA, et le Ministre Directeur de Cabinet de la Pr\u00e9sidence, Djiba DiIAKIT\u00c9.<\/span><\/h1>\n<div class=\"entry\" style=\"padding: 0px;margin: 0px;border: 0px none;line-height: 22px;color: #333333;font-family: 'Droid Sans';font-size: 13px\">\n<div class=\"entry-content\" style=\"padding: 0px;margin: 0px;border: 0px none\">\n<p style=\"padding: 0px;margin-right: 0px;margin-bottom: 20px;margin-left: 0px;border: 0px none\">Cette c\u00e9r\u00e9monie marque une \u00e9tape importante dans la dynamique de renforcement de l\u2019administration pr\u00e9sidentielle engag\u00e9e par le Chef de l\u2019\u00c9tat.<br style=\"padding: 0px;margin: 0px;border: 0px none\" \/>Parmi les personnalit\u00e9s ayant officiellement int\u00e9gr\u00e9 leurs nouvelles fonctions figurent Charlotte DAFF\u00c9, nomm\u00e9e Conseill\u00e8re charg\u00e9e de l\u2019assainissement et de l\u2019environnement, ainsi que Moussa CISS\u00c9, Conseiller en charge de l\u2019emploi, du travail et de la protection sociale.<br style=\"padding: 0px;margin: 0px;border: 0px none\" \/>Dans leurs interventions respectives, les deux Conseillers ont exprim\u00e9 leur profonde gratitude au Pr\u00e9sident de la R\u00e9publique, Son Excellence Mamadi DOUMBOUYA, pour la confiance plac\u00e9e en leurs personnes. Ils ont \u00e9galement r\u00e9affirm\u00e9 leur d\u00e9termination \u00e0 mettre leurs comp\u00e9tences et leur exp\u00e9rience au service de la Nation, dans l\u2019esprit de responsabilit\u00e9 et de r\u00e9sultats qui caract\u00e9rise l\u2019action publique.<\/p>\n<p style=\"padding: 0px;margin-right: 0px;margin-bottom: 20px;margin-left: 0px;border: 0px none\">Prenant la parole \u00e0 cette occasion, le V\u00e9rificateur G\u00e9n\u00e9ral de la R\u00e9publique, Dr Joseph Togna DOR\u00c9, et le Ministre Directeur de Cabinet de la Pr\u00e9sidence, Djiba DIAKIT\u00c9, ont rappel\u00e9 aux nouveaux promus les exigences qui accompagnent l\u2019exercice de hautes responsabilit\u00e9s au sommet de l\u2019\u00c9tat. Ils ont notamment insist\u00e9 sur les principes fondamentaux qui fondent d\u00e9sormais l\u2019action publique en Guin\u00e9e : l\u2019int\u00e9grit\u00e9, la transparence, la redevabilit\u00e9 et le sens du devoir envers la Nation.<br style=\"padding: 0px;margin: 0px;border: 0px none\" \/>Les deux responsables ont invit\u00e9 les nouveaux Conseillers \u00e0 inscrire leur action dans la vision de refondation port\u00e9e par les plus hautes autorit\u00e9s du pays, en veillant \u00e0 placer l\u2019int\u00e9r\u00eat g\u00e9n\u00e9ral au c\u0153ur de toutes les d\u00e9cisions.<\/p>\n<p style=\"padding: 0px;margin-right: 0px;margin-bottom: 20px;margin-left: 0px;border: 0px none\">Cette prise de fonction symbolise ainsi une nouvelle \u00e9tape dans le renforcement de la gouvernance publique, au service du d\u00e9veloppement et du bien-\u00eatre des populations guin\u00e9ennes.<\/p>\n<p style=\"padding: 0px;margin-right: 0px;margin-bottom: 20px;margin-left: 0px;border: 0px none\"><strong style=\"padding: 0px;margin: 0px;border: 0px none\">Avec DCI-PRG<\/strong><\/p>\n<\/div>\n<\/div>\n<div class=\"share-post\" style=\"padding: 8px 0px 6px 10px;margin: 10px -20px -20px;border-width: 1px 0px 0px;border-style: solid none none;clear: both;background: #f7f7f7;color: #333333;font-family: 'Droid Sans';font-size: 13px;border-color: #eaeaea initial initial initial\">\n<ul class=\"flat-social\" style=\"margin: 0px;border: 0px none\">\n<li style=\"padding: 0px;margin-top: 0px;margin-right: 0px;margin-left: 0px;border: 0px none;float: left;width: 100px\"><\/li>\n<\/ul>\n<\/div>\n","protected":false},"excerpt":{"rendered":"<p>\u00a0 \u00a0 Les Conseillers nouvellement nomm\u00e9s \u00e0 la Pr\u00e9sidence de la R\u00e9publique ont officiellement pris fonction ce mardi 10 mars 2026, au cours d\u2019une c\u00e9r\u00e9monie solennelle. La rencontre, plac\u00e9e sous la supervision du V\u00e9rificateur G\u00e9n\u00e9ral de la R\u00e9publique, Dr Joseph Togna DOR\u00c9, a \u00e9t\u00e9 pr\u00e9sid\u00e9e par le Ministre Secr\u00e9taire G\u00e9n\u00e9ral de la Pr\u00e9sidence, le G\u00e9n\u00e9ral [&hellip;]<\/p>\n","protected":false},"author":2,"featured_media":39218,"comment_status":"closed","ping_status":"closed","sticky":false,"template":"","format":"standard","meta":{"footnotes":""},"categories":[57],"tags":[],"class_list":{"0":"post-39217","1":"post","2":"type-post","3":"status-publish","4":"format-standard","5":"has-post-thumbnail","7":"category-politique"},"_links":{"self":[{"href":"https:\/\/conakrynews.org\/index.php\/wp-json\/wp\/v2\/posts\/39217","targetHints":{"allow":["GET"]}}],"collection":[{"href":"https:\/\/conakrynews.org\/index.php\/wp-json\/wp\/v2\/posts"}],"about":[{"href":"https:\/\/conakrynews.org\/index.php\/wp-json\/wp\/v2\/types\/post"}],"author":[{"embeddable":true,"href":"https:\/\/conakrynews.org\/index.php\/wp-json\/wp\/v2\/users\/2"}],"replies":[{"embeddable":true,"href":"https:\/\/conakrynews.org\/index.php\/wp-json\/wp\/v2\/comments?post=39217"}],"version-history":[{"count":0,"href":"https:\/\/conakrynews.org\/index.php\/wp-json\/wp\/v2\/posts\/39217\/revisions"}],"wp:featuredmedia":[{"embeddable":true,"href":"https:\/\/conakrynews.org\/index.php\/wp-json\/wp\/v2\/media\/39218"}],"wp:attachment":[{"href":"https:\/\/conakrynews.org\/index.php\/wp-json\/wp\/v2\/media?parent=39217"}],"wp:term":[{"taxonomy":"category","embeddable":true,"href":"https:\/\/conakrynews.org\/index.php\/wp-json\/wp\/v2\/categories?post=39217"},{"taxonomy":"post_tag","embeddable":true,"href":"https:\/\/conakrynews.org\/index.php\/wp-json\/wp\/v2\/tags?post=39217"}],"curies":[{"name":"wp","href":"https:\/\/api.w.org\/{rel}","templated":true}]}}