{"id":39258,"date":"2026-03-13T16:29:32","date_gmt":"2026-03-13T16:29:32","guid":{"rendered":"https:\/\/conakrynews.org\/?p=39258"},"modified":"2026-03-14T08:17:42","modified_gmt":"2026-03-14T08:17:42","slug":"kindia-la-ministre-fatima-camara-salue-le-respect-des-prix-plafond-sur-le-marche","status":"publish","type":"post","link":"https:\/\/conakrynews.org\/index.php\/kindia-la-ministre-fatima-camara-salue-le-respect-des-prix-plafond-sur-le-marche\/","title":{"rendered":"Respect des prix plafonds sur de denr\u00e9es de premi\u00e8re n\u00e9cessit\u00e9:la ministre Fatima Camara sur le terrain \u00e0 Kindia"},"content":{"rendered":"<p><img loading=\"lazy\" decoding=\"async\" class=\"alignnone size-medium wp-image-39260\" src=\"https:\/\/conakrynews.org\/wp-content\/uploads\/2026\/03\/IMG-20260313-WA0119-515x343.jpg\" alt=\"\" width=\"515\" height=\"343\" srcset=\"https:\/\/conakrynews.org\/wp-content\/uploads\/2026\/03\/IMG-20260313-WA0119-515x343.jpg 515w, https:\/\/conakrynews.org\/wp-content\/uploads\/2026\/03\/IMG-20260313-WA0119-768x512.jpg 768w, https:\/\/conakrynews.org\/wp-content\/uploads\/2026\/03\/IMG-20260313-WA0119-150x100.jpg 150w, https:\/\/conakrynews.org\/wp-content\/uploads\/2026\/03\/IMG-20260313-WA0119-300x200.jpg 300w, https:\/\/conakrynews.org\/wp-content\/uploads\/2026\/03\/IMG-20260313-WA0119-696x464.jpg 696w, https:\/\/conakrynews.org\/wp-content\/uploads\/2026\/03\/IMG-20260313-WA0119-1068x712.jpg 1068w, https:\/\/conakrynews.org\/wp-content\/uploads\/2026\/03\/IMG-20260313-WA0119-630x420.jpg 630w, https:\/\/conakrynews.org\/wp-content\/uploads\/2026\/03\/IMG-20260313-WA0119.jpg 1080w\" sizes=\"auto, (max-width: 515px) 100vw, 515px\" \/><img loading=\"lazy\" decoding=\"async\" class=\"alignnone size-medium wp-image-39262\" src=\"https:\/\/conakrynews.org\/wp-content\/uploads\/2026\/03\/IMG-20260313-WA0118-515x343.jpg\" alt=\"\" width=\"515\" height=\"343\" srcset=\"https:\/\/conakrynews.org\/wp-content\/uploads\/2026\/03\/IMG-20260313-WA0118-515x343.jpg 515w, https:\/\/conakrynews.org\/wp-content\/uploads\/2026\/03\/IMG-20260313-WA0118-768x512.jpg 768w, https:\/\/conakrynews.org\/wp-content\/uploads\/2026\/03\/IMG-20260313-WA0118-150x100.jpg 150w, https:\/\/conakrynews.org\/wp-content\/uploads\/2026\/03\/IMG-20260313-WA0118-300x200.jpg 300w, https:\/\/conakrynews.org\/wp-content\/uploads\/2026\/03\/IMG-20260313-WA0118-696x464.jpg 696w, https:\/\/conakrynews.org\/wp-content\/uploads\/2026\/03\/IMG-20260313-WA0118-1068x712.jpg 1068w, https:\/\/conakrynews.org\/wp-content\/uploads\/2026\/03\/IMG-20260313-WA0118-630x420.jpg 630w, https:\/\/conakrynews.org\/wp-content\/uploads\/2026\/03\/IMG-20260313-WA0118.jpg 1080w\" sizes=\"auto, (max-width: 515px) 100vw, 515px\" \/><img loading=\"lazy\" decoding=\"async\" class=\"alignnone size-medium wp-image-39263\" src=\"https:\/\/conakrynews.org\/wp-content\/uploads\/2026\/03\/IMG-20260313-WA0125-515x343.jpg\" alt=\"\" width=\"515\" height=\"343\" srcset=\"https:\/\/conakrynews.org\/wp-content\/uploads\/2026\/03\/IMG-20260313-WA0125-515x343.jpg 515w, https:\/\/conakrynews.org\/wp-content\/uploads\/2026\/03\/IMG-20260313-WA0125-768x512.jpg 768w, https:\/\/conakrynews.org\/wp-content\/uploads\/2026\/03\/IMG-20260313-WA0125-150x100.jpg 150w, https:\/\/conakrynews.org\/wp-content\/uploads\/2026\/03\/IMG-20260313-WA0125-300x200.jpg 300w, https:\/\/conakrynews.org\/wp-content\/uploads\/2026\/03\/IMG-20260313-WA0125-696x464.jpg 696w, https:\/\/conakrynews.org\/wp-content\/uploads\/2026\/03\/IMG-20260313-WA0125-1068x712.jpg 1068w, https:\/\/conakrynews.org\/wp-content\/uploads\/2026\/03\/IMG-20260313-WA0125-630x420.jpg 630w, https:\/\/conakrynews.org\/wp-content\/uploads\/2026\/03\/IMG-20260313-WA0125.jpg 1080w\" sizes=\"auto, (max-width: 515px) 100vw, 515px\" \/><\/p>\n<p>Ce vendredi 13 mars 2026 , la ministre de l\u2019Industrie et du Commerce, Fatima Camara, accompagn\u00e9e<br \/>\npar des cadres de son d\u00e9partement,a effectu\u00e9 une visite de terrain dans la ville de Kindia pour mieux s&rsquo;enqu\u00e9rir de l\u2019application du protocole d&rsquo;accord\u00a0 des\u00a0 prix plafonds sur de denr\u00e9es de premi\u00e8re n\u00e9cessit\u00e9 avant le ramadan et le car\u00eame.<img loading=\"lazy\" decoding=\"async\" class=\"alignnone size-medium wp-image-39264\" src=\"https:\/\/conakrynews.org\/wp-content\/uploads\/2026\/03\/IMG-20260313-WA0106-515x343.jpg\" alt=\"\" width=\"515\" height=\"343\" srcset=\"https:\/\/conakrynews.org\/wp-content\/uploads\/2026\/03\/IMG-20260313-WA0106-515x343.jpg 515w, https:\/\/conakrynews.org\/wp-content\/uploads\/2026\/03\/IMG-20260313-WA0106-768x512.jpg 768w, https:\/\/conakrynews.org\/wp-content\/uploads\/2026\/03\/IMG-20260313-WA0106-150x100.jpg 150w, https:\/\/conakrynews.org\/wp-content\/uploads\/2026\/03\/IMG-20260313-WA0106-300x200.jpg 300w, https:\/\/conakrynews.org\/wp-content\/uploads\/2026\/03\/IMG-20260313-WA0106-696x464.jpg 696w, https:\/\/conakrynews.org\/wp-content\/uploads\/2026\/03\/IMG-20260313-WA0106-1068x712.jpg 1068w, https:\/\/conakrynews.org\/wp-content\/uploads\/2026\/03\/IMG-20260313-WA0106-630x420.jpg 630w, https:\/\/conakrynews.org\/wp-content\/uploads\/2026\/03\/IMG-20260313-WA0106.jpg 1080w\" sizes=\"auto, (max-width: 515px) 100vw, 515px\" \/><\/p>\n<p>Selon les autorit\u00e9s du minist\u00e8re du Commerce et de l&rsquo;Indusdustrie,cette mission s\u2019inscrit dans le cadre des instructions du pr\u00e9sident de la R\u00e9publique, le g\u00e9n\u00e9ral Mamadi Doumbouya, et du Premier ministre Amadou Oury Bah, visant \u00e0 prot\u00e9ger le pouvoir d\u2019achat des populations face \u00e0 la hausse des prix.<\/p>\n<p>A cette occasion,la ministre du Commerce et de l&rsquo;Industrie a parcouru des boutiques, magasins et points de vente de produits alimentaires afin de contr\u00f4ler les prix, les poids et la qualit\u00e9 des produits.La patronne du d\u00e9partement du Commerce et de l&rsquo;Industrie a \u00e9galement \u00e9chang\u00e9 avec les commer\u00e7ants pour recueillir leurs pr\u00e9occupations.<\/p>\n<p>Au terme de sa visite,la ministre Fatima camara a d\u00e9clar\u00e9 \u00eatre satisfaite du constat fait au grand march\u00e9 de Kindia.Avant d&rsquo;affirmer que les prix des produits concern\u00e9s sont globalement respect\u00e9s et restent m\u00eame, pour certains, en dessous du plafond fix\u00e9 par le gouvernement.<\/p>\n<p>Selon elle,quelques insuffisances ont \u00e9t\u00e9 relev\u00e9es, notamment sur les conditions de conservation de certains produits et un l\u00e9ger \u00e9cart de poids sur un article, qui sera retir\u00e9 du march\u00e9 jusqu\u2019\u00e0 sa mise en conformit\u00e9.<\/p>\n<p>Pour traquer\u00a0 les commer\u00e7ants qui ne respecteront pas\u00a0 le contenu du protocole d&rsquo;accord des prix plafonds, sur de denr\u00e9es de premi\u00e8re n\u00e9cessit\u00e9,les autorit\u00e9s du minist\u00e8re du Commerce et de l&rsquo;Industrie,ont mis \u00e0 disposition le num\u00e9ro vert 142, afin de d\u00e9noncer tout cas de fraude<\/p>\n<p>Sylla Ibrahima Kalil,pour www.conakrynews.org,625444534<\/p>\n","protected":false},"excerpt":{"rendered":"<p>Ce vendredi 13 mars 2026 , la ministre de l\u2019Industrie et du Commerce, Fatima Camara, accompagn\u00e9e par des cadres de son d\u00e9partement,a effectu\u00e9 une visite de terrain dans la ville de Kindia pour mieux s&rsquo;enqu\u00e9rir de l\u2019application du protocole d&rsquo;accord\u00a0 des\u00a0 prix plafonds sur de denr\u00e9es de premi\u00e8re n\u00e9cessit\u00e9 avant le ramadan et le car\u00eame. [&hellip;]<\/p>\n","protected":false},"author":2,"featured_media":39265,"comment_status":"closed","ping_status":"closed","sticky":false,"template":"","format":"standard","meta":{"footnotes":""},"categories":[58],"tags":[],"class_list":{"0":"post-39258","1":"post","2":"type-post","3":"status-publish","4":"format-standard","5":"has-post-thumbnail","7":"category-societe"},"_links":{"self":[{"href":"https:\/\/conakrynews.org\/index.php\/wp-json\/wp\/v2\/posts\/39258","targetHints":{"allow":["GET"]}}],"collection":[{"href":"https:\/\/conakrynews.org\/index.php\/wp-json\/wp\/v2\/posts"}],"about":[{"href":"https:\/\/conakrynews.org\/index.php\/wp-json\/wp\/v2\/types\/post"}],"author":[{"embeddable":true,"href":"https:\/\/conakrynews.org\/index.php\/wp-json\/wp\/v2\/users\/2"}],"replies":[{"embeddable":true,"href":"https:\/\/conakrynews.org\/index.php\/wp-json\/wp\/v2\/comments?post=39258"}],"version-history":[{"count":0,"href":"https:\/\/conakrynews.org\/index.php\/wp-json\/wp\/v2\/posts\/39258\/revisions"}],"wp:featuredmedia":[{"embeddable":true,"href":"https:\/\/conakrynews.org\/index.php\/wp-json\/wp\/v2\/media\/39265"}],"wp:attachment":[{"href":"https:\/\/conakrynews.org\/index.php\/wp-json\/wp\/v2\/media?parent=39258"}],"wp:term":[{"taxonomy":"category","embeddable":true,"href":"https:\/\/conakrynews.org\/index.php\/wp-json\/wp\/v2\/categories?post=39258"},{"taxonomy":"post_tag","embeddable":true,"href":"https:\/\/conakrynews.org\/index.php\/wp-json\/wp\/v2\/tags?post=39258"}],"curies":[{"name":"wp","href":"https:\/\/api.w.org\/{rel}","templated":true}]}}