{"id":39296,"date":"2026-03-14T16:02:14","date_gmt":"2026-03-14T16:02:14","guid":{"rendered":"https:\/\/conakrynews.org\/?p=39296"},"modified":"2026-03-14T16:13:51","modified_gmt":"2026-03-14T16:13:51","slug":"guinee-laylatoul-qadrla-journee-du-lundi-16-mars-2026-declaree-feriee-chomee-et-payee","status":"publish","type":"post","link":"https:\/\/conakrynews.org\/index.php\/guinee-laylatoul-qadrla-journee-du-lundi-16-mars-2026-declaree-feriee-chomee-et-payee\/","title":{"rendered":"Guin\u00e9e\/Laylatoul Qadr:la journ\u00e9e du lundi 16 mars 2026 d\u00e9clar\u00e9e f\u00e9ri\u00e9e, ch\u00f4m\u00e9e et pay\u00e9e"},"content":{"rendered":"<h1><\/h1>\n<div dir=\"auto\"><\/div>\n<div dir=\"auto\">\n<p>Le Minist\u00e8re de l\u2019Emploi, du Travail et de la Protection Sociale a annonc\u00e9 dans la soir\u00e9e du vendredi 13 mars 2026 \u00e0 travers un communiqu\u00e9, que la journ\u00e9e du lundi 16 mars 2026 sera exceptionnellement f\u00e9ri\u00e9e, ch\u00f4m\u00e9e et pay\u00e9e sur toute l\u2019\u00e9tendue du territoire national.<\/p>\n<p>Selon ce communiqu\u00e9 du minist\u00e8re de l&rsquo;Enploi,du Travail et de la Protection Sociale, cette mesure vise \u00e0 permettre aux fid\u00e8les musulmans de se consacrer pleinement aux pri\u00e8res et aux moments de recueillement li\u00e9s \u00e0 cet \u00e9v\u00e9nement religieux majeur du mois de Ramadan.<\/p>\n<p>La r\u00e9daction<\/p>\n<p>&nbsp;<\/p>\n<\/div>\n","protected":false},"excerpt":{"rendered":"<p>Le Minist\u00e8re de l\u2019Emploi, du Travail et de la Protection Sociale a annonc\u00e9 dans la soir\u00e9e du vendredi 13 mars 2026 \u00e0 travers un communiqu\u00e9, que la journ\u00e9e du lundi 16 mars 2026 sera exceptionnellement f\u00e9ri\u00e9e, ch\u00f4m\u00e9e et pay\u00e9e sur toute l\u2019\u00e9tendue du territoire national. Selon ce communiqu\u00e9 du minist\u00e8re de l&rsquo;Enploi,du Travail et de [&hellip;]<\/p>\n","protected":false},"author":2,"featured_media":39299,"comment_status":"closed","ping_status":"closed","sticky":false,"template":"","format":"standard","meta":{"footnotes":""},"categories":[58],"tags":[],"class_list":{"0":"post-39296","1":"post","2":"type-post","3":"status-publish","4":"format-standard","5":"has-post-thumbnail","7":"category-societe"},"_links":{"self":[{"href":"https:\/\/conakrynews.org\/index.php\/wp-json\/wp\/v2\/posts\/39296","targetHints":{"allow":["GET"]}}],"collection":[{"href":"https:\/\/conakrynews.org\/index.php\/wp-json\/wp\/v2\/posts"}],"about":[{"href":"https:\/\/conakrynews.org\/index.php\/wp-json\/wp\/v2\/types\/post"}],"author":[{"embeddable":true,"href":"https:\/\/conakrynews.org\/index.php\/wp-json\/wp\/v2\/users\/2"}],"replies":[{"embeddable":true,"href":"https:\/\/conakrynews.org\/index.php\/wp-json\/wp\/v2\/comments?post=39296"}],"version-history":[{"count":0,"href":"https:\/\/conakrynews.org\/index.php\/wp-json\/wp\/v2\/posts\/39296\/revisions"}],"wp:featuredmedia":[{"embeddable":true,"href":"https:\/\/conakrynews.org\/index.php\/wp-json\/wp\/v2\/media\/39299"}],"wp:attachment":[{"href":"https:\/\/conakrynews.org\/index.php\/wp-json\/wp\/v2\/media?parent=39296"}],"wp:term":[{"taxonomy":"category","embeddable":true,"href":"https:\/\/conakrynews.org\/index.php\/wp-json\/wp\/v2\/categories?post=39296"},{"taxonomy":"post_tag","embeddable":true,"href":"https:\/\/conakrynews.org\/index.php\/wp-json\/wp\/v2\/tags?post=39296"}],"curies":[{"name":"wp","href":"https:\/\/api.w.org\/{rel}","templated":true}]}}