{"id":39307,"date":"2026-03-15T12:39:48","date_gmt":"2026-03-15T12:39:48","guid":{"rendered":"https:\/\/conakrynews.org\/?p=39307"},"modified":"2026-03-15T12:56:33","modified_gmt":"2026-03-15T12:56:33","slug":"controle-des-prix-sur-des-denrees-de-premiere-necessite-la-ministre-fatima-camara-poursuit-sa-mission-a-linterieur-du-pays","status":"publish","type":"post","link":"https:\/\/conakrynews.org\/index.php\/controle-des-prix-sur-des-denrees-de-premiere-necessite-la-ministre-fatima-camara-poursuit-sa-mission-a-linterieur-du-pays\/","title":{"rendered":"Contr\u00f4le des prix sur des denr\u00e9es de premi\u00e8re n\u00e9cessit\u00e9: La ministre Fatima Camara poursuit sa mission \u00e0 l&rsquo;int\u00e9rieur du pays\u00a0"},"content":{"rendered":"<div id=\"m#msg-a:r-295747544238736688\" class=\"mail-message expanded\">\n<div id=\"m#msg-a:r-295747544238736688-content\" class=\"mail-message-content collapsible zoom-normal mail-show-images \">\n<div class=\"clear\">\n<div dir=\"auto\">\n<div dir=\"auto\"><img loading=\"lazy\" decoding=\"async\" class=\"alignnone size-medium wp-image-39313\" src=\"https:\/\/conakrynews.org\/wp-content\/uploads\/2026\/03\/IMG-20260315-WA0189-515x343.jpg\" alt=\"\" width=\"515\" height=\"343\" srcset=\"https:\/\/conakrynews.org\/wp-content\/uploads\/2026\/03\/IMG-20260315-WA0189-515x343.jpg 515w, https:\/\/conakrynews.org\/wp-content\/uploads\/2026\/03\/IMG-20260315-WA0189-768x511.jpg 768w, https:\/\/conakrynews.org\/wp-content\/uploads\/2026\/03\/IMG-20260315-WA0189-1536x1022.jpg 1536w, https:\/\/conakrynews.org\/wp-content\/uploads\/2026\/03\/IMG-20260315-WA0189-2048x1363.jpg 2048w, https:\/\/conakrynews.org\/wp-content\/uploads\/2026\/03\/IMG-20260315-WA0189-150x100.jpg 150w, https:\/\/conakrynews.org\/wp-content\/uploads\/2026\/03\/IMG-20260315-WA0189-300x200.jpg 300w, https:\/\/conakrynews.org\/wp-content\/uploads\/2026\/03\/IMG-20260315-WA0189-696x463.jpg 696w, https:\/\/conakrynews.org\/wp-content\/uploads\/2026\/03\/IMG-20260315-WA0189-1068x711.jpg 1068w, https:\/\/conakrynews.org\/wp-content\/uploads\/2026\/03\/IMG-20260315-WA0189-1920x1278.jpg 1920w, https:\/\/conakrynews.org\/wp-content\/uploads\/2026\/03\/IMG-20260315-WA0189-631x420.jpg 631w\" sizes=\"auto, (max-width: 515px) 100vw, 515px\" \/><img loading=\"lazy\" decoding=\"async\" class=\"alignnone size-medium wp-image-39311\" src=\"https:\/\/conakrynews.org\/wp-content\/uploads\/2026\/03\/IMG-20260315-WA0193-515x343.jpg\" alt=\"\" width=\"515\" height=\"343\" srcset=\"https:\/\/conakrynews.org\/wp-content\/uploads\/2026\/03\/IMG-20260315-WA0193-515x343.jpg 515w, https:\/\/conakrynews.org\/wp-content\/uploads\/2026\/03\/IMG-20260315-WA0193-768x511.jpg 768w, https:\/\/conakrynews.org\/wp-content\/uploads\/2026\/03\/IMG-20260315-WA0193-1536x1022.jpg 1536w, https:\/\/conakrynews.org\/wp-content\/uploads\/2026\/03\/IMG-20260315-WA0193-2048x1363.jpg 2048w, https:\/\/conakrynews.org\/wp-content\/uploads\/2026\/03\/IMG-20260315-WA0193-150x100.jpg 150w, https:\/\/conakrynews.org\/wp-content\/uploads\/2026\/03\/IMG-20260315-WA0193-300x200.jpg 300w, https:\/\/conakrynews.org\/wp-content\/uploads\/2026\/03\/IMG-20260315-WA0193-696x463.jpg 696w, https:\/\/conakrynews.org\/wp-content\/uploads\/2026\/03\/IMG-20260315-WA0193-1068x711.jpg 1068w, https:\/\/conakrynews.org\/wp-content\/uploads\/2026\/03\/IMG-20260315-WA0193-1920x1278.jpg 1920w, https:\/\/conakrynews.org\/wp-content\/uploads\/2026\/03\/IMG-20260315-WA0193-631x420.jpg 631w\" sizes=\"auto, (max-width: 515px) 100vw, 515px\" \/><img loading=\"lazy\" decoding=\"async\" class=\"alignnone size-medium wp-image-39314\" src=\"https:\/\/conakrynews.org\/wp-content\/uploads\/2026\/03\/IMG-20260315-WA0210-515x343.jpg\" alt=\"\" width=\"515\" height=\"343\" srcset=\"https:\/\/conakrynews.org\/wp-content\/uploads\/2026\/03\/IMG-20260315-WA0210-515x343.jpg 515w, https:\/\/conakrynews.org\/wp-content\/uploads\/2026\/03\/IMG-20260315-WA0210-768x511.jpg 768w, https:\/\/conakrynews.org\/wp-content\/uploads\/2026\/03\/IMG-20260315-WA0210-1536x1022.jpg 1536w, https:\/\/conakrynews.org\/wp-content\/uploads\/2026\/03\/IMG-20260315-WA0210-2048x1363.jpg 2048w, https:\/\/conakrynews.org\/wp-content\/uploads\/2026\/03\/IMG-20260315-WA0210-150x100.jpg 150w, https:\/\/conakrynews.org\/wp-content\/uploads\/2026\/03\/IMG-20260315-WA0210-300x200.jpg 300w, https:\/\/conakrynews.org\/wp-content\/uploads\/2026\/03\/IMG-20260315-WA0210-696x463.jpg 696w, https:\/\/conakrynews.org\/wp-content\/uploads\/2026\/03\/IMG-20260315-WA0210-1068x711.jpg 1068w, https:\/\/conakrynews.org\/wp-content\/uploads\/2026\/03\/IMG-20260315-WA0210-1920x1278.jpg 1920w, https:\/\/conakrynews.org\/wp-content\/uploads\/2026\/03\/IMG-20260315-WA0210-631x420.jpg 631w\" sizes=\"auto, (max-width: 515px) 100vw, 515px\" \/><img loading=\"lazy\" decoding=\"async\" class=\"alignnone size-medium wp-image-39315\" src=\"https:\/\/conakrynews.org\/wp-content\/uploads\/2026\/03\/IMG-20260315-WA0167-515x343.jpg\" alt=\"\" width=\"515\" height=\"343\" srcset=\"https:\/\/conakrynews.org\/wp-content\/uploads\/2026\/03\/IMG-20260315-WA0167-515x343.jpg 515w, https:\/\/conakrynews.org\/wp-content\/uploads\/2026\/03\/IMG-20260315-WA0167-768x511.jpg 768w, https:\/\/conakrynews.org\/wp-content\/uploads\/2026\/03\/IMG-20260315-WA0167-1536x1022.jpg 1536w, https:\/\/conakrynews.org\/wp-content\/uploads\/2026\/03\/IMG-20260315-WA0167-2048x1363.jpg 2048w, https:\/\/conakrynews.org\/wp-content\/uploads\/2026\/03\/IMG-20260315-WA0167-150x100.jpg 150w, https:\/\/conakrynews.org\/wp-content\/uploads\/2026\/03\/IMG-20260315-WA0167-300x200.jpg 300w, https:\/\/conakrynews.org\/wp-content\/uploads\/2026\/03\/IMG-20260315-WA0167-696x463.jpg 696w, https:\/\/conakrynews.org\/wp-content\/uploads\/2026\/03\/IMG-20260315-WA0167-1068x711.jpg 1068w, https:\/\/conakrynews.org\/wp-content\/uploads\/2026\/03\/IMG-20260315-WA0167-1920x1278.jpg 1920w, https:\/\/conakrynews.org\/wp-content\/uploads\/2026\/03\/IMG-20260315-WA0167-631x420.jpg 631w\" sizes=\"auto, (max-width: 515px) 100vw, 515px\" \/><\/div>\n<div dir=\"auto\"><\/div>\n<div dir=\"auto\">Apr\u00e8s les \u00e9tapes de\u00a0 Conakry et Kindia, la mission conduite par Mme la ministre du Commerce et de l&rsquo;Industrie, Fatima camara, sur le\u00a0 contr\u00f4le des prix, de la qualit\u00e9, des poids et mesures des denr\u00e9es de premi\u00e8re n\u00e9cessit\u00e9, poursuit son d\u00e9ploiement \u00e0 l\u2019int\u00e9rieur du pays.<\/div>\n<div dir=\"auto\"><\/div>\n<div dir=\"auto\">Le samedi 14 mars 2026 \u00e0 Mamou, la ministre de l\u2019Industrie et du Commerce, Fatima Camara, accompagn\u00e9e des directions techniques de son d\u00e9partement, des responsables de la Chambre de commerce, du pr\u00e9sident de la d\u00e9l\u00e9gation sp\u00e9ciale et du pr\u00e9fet de Mamou, a effectu\u00e9 une visite\u00a0 au march\u00e9 central de Mamou pour s\u2019enqu\u00e9rir de l\u2019application des mesures gouvernementales visant \u00e0 prot\u00e9ger les consommateurs.<\/div>\n<div dir=\"auto\"><\/div>\n<div dir=\"auto\">De l\u00e0-bas,la patronne du d\u00e9partement du Commerce et de l&rsquo;Indusdustrie s&rsquo;est rendue au principal centre de commerce de la ville, pour une visite de courtoisie aux sages de Mamou, afin d&rsquo;\u00e9changer avec les sages de la localit\u00e9,dans une d\u00e9marche de respect des autorit\u00e9s morales locales.<\/div>\n<div dir=\"auto\"><\/div>\n<div dir=\"auto\">Rencontre avec les commer\u00e7ants<\/div>\n<div dir=\"auto\"><\/div>\n<div dir=\"auto\">La ministre Fatima camara a \u00e9chang\u00e9 avec les commer\u00e7ants de Mamou afin d\u2019\u00e9couter leurs pr\u00e9occupations, tout en les invitant \u00e0 respecter le protocole d\u2019entente sur le plafonnement des prix des denr\u00e9es de premi\u00e8re n\u00e9cessit\u00e9.Selon elle, cette initiative s\u2019inscrit dans la volont\u00e9 du gouvernement d\u2019assurer la stabilit\u00e9 des prix et de garantir la qualit\u00e9 des produits pour le bien \u00eatre des consommateurs.<\/div>\n<div dir=\"auto\"><\/div>\n<div dir=\"auto\"><\/div>\n<div dir=\"auto\"><\/div>\n<div dir=\"auto\">Prenant la parole,le Directeur G\u00e9n\u00e9ral de l\u2019Institut guin\u00e9en de normalisation et de la m\u00e9trologie, Sangar\u00e9 Dioum\u00e9, a\u00a0 mis un accent particulier sur l\u2019importance du contr\u00f4le des instruments de mesure sur les march\u00e9s.<\/div>\n<div dir=\"auto\"><\/div>\n<div dir=\"auto\">\u00abLa m\u00e9trologie est la science des mesures. Sur le terrain, nous avons trouv\u00e9 des instruments conformes, mais \u00e9galement d\u2019autres qui ne le sont pas. Il faudra donc prendre des dispositions pour v\u00e9rifier ces instruments non conformes afin de garantir la fiabilit\u00e9 des mesures sur le march\u00e9\u00bb, a expliqu\u00e9 M.Sangar\u00e9<\/div>\n<div dir=\"auto\"><\/div>\n<div dir=\"auto\">Avant de saluer l\u2019implication personnelle de la ministre dans la r\u00e9ussite de cette mission.<\/div>\n<div dir=\"auto\"><\/div>\n<div dir=\"auto\"><\/div>\n<div dir=\"auto\"><\/div>\n<div dir=\"auto\">Mohamed Kadiatou Sylla, Directeur G\u00e9n\u00e9ral de l\u2019Office national de contr\u00f4le de qualit\u00e9,a affirm\u00e9 que cette mission conjointe qui r\u00e9unit la Direction nationale du commerce int\u00e9rieur, l\u2019Institut guin\u00e9en de normalisation et l\u2019Office national de contr\u00f4le de qualit\u00e9 \u2014 constitue une premi\u00e8re et renforce l\u2019efficacit\u00e9 des contr\u00f4les.Selon lui,sur le terrain, les constats restent globalement encourageants.<\/div>\n<div dir=\"auto\"><\/div>\n<div dir=\"auto\">\u00abLes op\u00e9rateurs \u00e9conomiques commencent \u00e0 prendre en compte la dimension qualit\u00e9 dans leurs activit\u00e9s. Cependant, nous avons formul\u00e9 des recommandations concernant les conditions de stockage, l\u2019a\u00e9ration des magasins, l\u2019hygi\u00e8ne et le respect des dates de production et d\u2019exploitation\u00bb,a fait savoir le Directeur G\u00e9n\u00e9ral de l\u2019Office national de contr\u00f4le\u00a0 qualit\u00e9.<\/div>\n<div dir=\"auto\"><\/div>\n<div dir=\"auto\"><\/div>\n<div dir=\"auto\"><\/div>\n<div dir=\"auto\"><\/div>\n<div dir=\"auto\"><\/div>\n<div dir=\"auto\">De son c\u00f4t\u00e9,le Directeur national du commerce int\u00e9rieur et de la concurrence, Mohamed Traor\u00e9, a rappel\u00e9 que cette mission s\u2019inscrit dans la continuit\u00e9 de la campagne nationale lanc\u00e9e r\u00e9cemment sur l\u2019ensemble du territoire.<\/div>\n<div dir=\"auto\"><\/div>\n<div dir=\"auto\">Avant d&rsquo;ajouter:\u00a0\u00bbGlobalement, les prix contenus dans le protocole sign\u00e9 avec la Chambre de commerce et la Direction g\u00e9n\u00e9rale des douanes sont respect\u00e9s. \u00c0 Mamou, ils sont m\u00eame largement en dessous des prix plafonds\u00a0\u00bb.<\/div>\n<div dir=\"auto\"><\/div>\n<div dir=\"auto\">Sylla Ibrahima Kalil, pour\u00a0<a href=\"http:\/\/www.conakrynews.org\/\" target=\"_blank\" rel=\"noopener noreferrer noreferrer\" data-saferedirecturl=\"https:\/\/www.google.com\/url?q=http:\/\/www.conakrynews.org&amp;source=gmail&amp;ust=1773664572618000&amp;usg=AOvVaw2_Kp3D1DOfgmrgQLstNP6e\">www.conakrynews.org<\/a>,625444534<\/div>\n<div dir=\"auto\"><\/div>\n<div dir=\"auto\"><\/div>\n<div dir=\"auto\"><\/div>\n<div dir=\"auto\"><\/div>\n<div dir=\"auto\"><\/div>\n<\/div>\n<\/div>\n<\/div>\n<div id=\"m#msg-a:r-295747544238736688-footer\" class=\"mail-message-footer spacer collapsible\"><\/div>\n<\/div>\n","protected":false},"excerpt":{"rendered":"<p>Apr\u00e8s les \u00e9tapes de\u00a0 Conakry et Kindia, la mission conduite par Mme la ministre du Commerce et de l&rsquo;Industrie, Fatima camara, sur le\u00a0 contr\u00f4le des prix, de la qualit\u00e9, des poids et mesures des denr\u00e9es de premi\u00e8re n\u00e9cessit\u00e9, poursuit son d\u00e9ploiement \u00e0 l\u2019int\u00e9rieur du pays. Le samedi 14 mars 2026 \u00e0 Mamou, la ministre de [&hellip;]<\/p>\n","protected":false},"author":2,"featured_media":39317,"comment_status":"closed","ping_status":"closed","sticky":false,"template":"","format":"standard","meta":{"footnotes":""},"categories":[58],"tags":[],"class_list":{"0":"post-39307","1":"post","2":"type-post","3":"status-publish","4":"format-standard","5":"has-post-thumbnail","7":"category-societe"},"_links":{"self":[{"href":"https:\/\/conakrynews.org\/index.php\/wp-json\/wp\/v2\/posts\/39307","targetHints":{"allow":["GET"]}}],"collection":[{"href":"https:\/\/conakrynews.org\/index.php\/wp-json\/wp\/v2\/posts"}],"about":[{"href":"https:\/\/conakrynews.org\/index.php\/wp-json\/wp\/v2\/types\/post"}],"author":[{"embeddable":true,"href":"https:\/\/conakrynews.org\/index.php\/wp-json\/wp\/v2\/users\/2"}],"replies":[{"embeddable":true,"href":"https:\/\/conakrynews.org\/index.php\/wp-json\/wp\/v2\/comments?post=39307"}],"version-history":[{"count":0,"href":"https:\/\/conakrynews.org\/index.php\/wp-json\/wp\/v2\/posts\/39307\/revisions"}],"wp:featuredmedia":[{"embeddable":true,"href":"https:\/\/conakrynews.org\/index.php\/wp-json\/wp\/v2\/media\/39317"}],"wp:attachment":[{"href":"https:\/\/conakrynews.org\/index.php\/wp-json\/wp\/v2\/media?parent=39307"}],"wp:term":[{"taxonomy":"category","embeddable":true,"href":"https:\/\/conakrynews.org\/index.php\/wp-json\/wp\/v2\/categories?post=39307"},{"taxonomy":"post_tag","embeddable":true,"href":"https:\/\/conakrynews.org\/index.php\/wp-json\/wp\/v2\/tags?post=39307"}],"curies":[{"name":"wp","href":"https:\/\/api.w.org\/{rel}","templated":true}]}}