{"id":39329,"date":"2026-03-16T13:54:49","date_gmt":"2026-03-16T13:54:49","guid":{"rendered":"https:\/\/conakrynews.org\/?p=39329"},"modified":"2026-03-16T13:54:49","modified_gmt":"2026-03-16T13:54:49","slug":"securisation-des-frontieres-guineennes-le-chef-de-letat-mamadi-doumbouya-envoie-des-troupes-pour-defendre-le-territoire","status":"publish","type":"post","link":"https:\/\/conakrynews.org\/index.php\/securisation-des-frontieres-guineennes-le-chef-de-letat-mamadi-doumbouya-envoie-des-troupes-pour-defendre-le-territoire\/","title":{"rendered":"S\u00e9curisation des fronti\u00e8res guin\u00e9ennes : le Chef de l\u2019\u00c9tat Mamadi Doumbouya envoie des troupes pour d\u00e9fendre le territoire"},"content":{"rendered":"<div><\/div>\n<div class=\"clear\">Le pr\u00e9sident de la R\u00e9publique Mamadi Doumbouya a pr\u00e9sid\u00e9 dimanche 15 mars 2026, au camp Alpha Yaya Diallo, la c\u00e9r\u00e9monie du d\u00e9part d\u2019un nouveau contingent de soldats guin\u00e9ens d\u00e9ploy\u00e9 le long des fronti\u00e8res nationales.<\/div>\n<div class=\"entry\">\n<p>Le Chef de l\u2019\u00c9tat Mamadi Doumbouya a remis le drapeau national tricolore aux troupes lors de cette c\u00e9r\u00e9monie, avec un discours empreint de d\u00e9termination.<\/p>\n<p>\u00ab Vous les soldats guin\u00e9ens \u00eates le symbole de notre unit\u00e9, de notre force et de notre r\u00e9silience. \u00c0 une \u00e9poque o\u00f9 notre pays est confront\u00e9 \u00e0 des d\u00e9fis, votre engagement et votre d\u00e9vouement sont plus pr\u00e9cieux que jamais. Je vous confie ce drapeau, symbole de notre nation et responsabilit\u00e9 sacr\u00e9e de d\u00e9fendre notre territoire, nos valeurs et notre avenir\u00bb<\/p>\n<p>Le Pr\u00e9sident Mamadi Doumbouya a rassur\u00e9 le peuple guin\u00e9en en affirmant qu\u2019aucune partie de la terre laiss\u00e9e par les anc\u00eatres ne sera conquise \u00e0 l\u2019heure actuelle.<\/p>\n<p>Il est important de souligner que ces troupes au sol, qui sont constitu\u00e9es de tous les corps, hommes et femmes, seront appuy\u00e9es par les forces a\u00e9riennes guin\u00e9ennes sur le terrain pour d\u00e9fendre le tricolore (Rouge Jaune Vert).<\/p>\n<\/div>\n<p>Guineequotidien.com<\/p>\n<div class=\"entry\">\n<p>&nbsp;<\/p>\n<\/div>\n","protected":false},"excerpt":{"rendered":"<p>Le pr\u00e9sident de la R\u00e9publique Mamadi Doumbouya a pr\u00e9sid\u00e9 dimanche 15 mars 2026, au camp Alpha Yaya Diallo, la c\u00e9r\u00e9monie du d\u00e9part d\u2019un nouveau contingent de soldats guin\u00e9ens d\u00e9ploy\u00e9 le long des fronti\u00e8res nationales. Le Chef de l\u2019\u00c9tat Mamadi Doumbouya a remis le drapeau national tricolore aux troupes lors de cette c\u00e9r\u00e9monie, avec un discours [&hellip;]<\/p>\n","protected":false},"author":2,"featured_media":39330,"comment_status":"closed","ping_status":"closed","sticky":false,"template":"","format":"standard","meta":{"footnotes":""},"categories":[58],"tags":[],"class_list":{"0":"post-39329","1":"post","2":"type-post","3":"status-publish","4":"format-standard","5":"has-post-thumbnail","7":"category-societe"},"_links":{"self":[{"href":"https:\/\/conakrynews.org\/index.php\/wp-json\/wp\/v2\/posts\/39329","targetHints":{"allow":["GET"]}}],"collection":[{"href":"https:\/\/conakrynews.org\/index.php\/wp-json\/wp\/v2\/posts"}],"about":[{"href":"https:\/\/conakrynews.org\/index.php\/wp-json\/wp\/v2\/types\/post"}],"author":[{"embeddable":true,"href":"https:\/\/conakrynews.org\/index.php\/wp-json\/wp\/v2\/users\/2"}],"replies":[{"embeddable":true,"href":"https:\/\/conakrynews.org\/index.php\/wp-json\/wp\/v2\/comments?post=39329"}],"version-history":[{"count":0,"href":"https:\/\/conakrynews.org\/index.php\/wp-json\/wp\/v2\/posts\/39329\/revisions"}],"wp:featuredmedia":[{"embeddable":true,"href":"https:\/\/conakrynews.org\/index.php\/wp-json\/wp\/v2\/media\/39330"}],"wp:attachment":[{"href":"https:\/\/conakrynews.org\/index.php\/wp-json\/wp\/v2\/media?parent=39329"}],"wp:term":[{"taxonomy":"category","embeddable":true,"href":"https:\/\/conakrynews.org\/index.php\/wp-json\/wp\/v2\/categories?post=39329"},{"taxonomy":"post_tag","embeddable":true,"href":"https:\/\/conakrynews.org\/index.php\/wp-json\/wp\/v2\/tags?post=39329"}],"curies":[{"name":"wp","href":"https:\/\/api.w.org\/{rel}","templated":true}]}}