{"id":39333,"date":"2026-03-17T14:21:16","date_gmt":"2026-03-17T14:21:16","guid":{"rendered":"https:\/\/conakrynews.org\/?p=39333"},"modified":"2026-03-17T14:21:16","modified_gmt":"2026-03-17T14:21:16","slug":"guinee-decret-nomination-de-plusieurs-hauts-cadres-au-ministere-de-leconomie-des-finances-et-du-budget","status":"publish","type":"post","link":"https:\/\/conakrynews.org\/index.php\/guinee-decret-nomination-de-plusieurs-hauts-cadres-au-ministere-de-leconomie-des-finances-et-du-budget\/","title":{"rendered":"Guin\u00e9e \/ D\u00e9cret: nomination de plusieurs hauts cadres au Minist\u00e8re de l\u2019Economie, des Finances et du Budget"},"content":{"rendered":"<div><\/div>\n<div><\/div>\n<div class=\"clear\">Dans une s\u00e9rie de d\u00e9crets lue \u00e0 la t\u00e9l\u00e9vision nationale, le Pr\u00e9sident de la R\u00e9publique SE Mamadi Doumbouya, a proc\u00e9d\u00e9 dans la soir\u00e9e du lundi 16 mars 2026, \u00e0 la nomination des hauts cadres au Minist\u00e8re de l\u2019Economie, des Finances et du Budget.<\/div>\n<div class=\"entry\">\n<p><strong>Ci-joint la liste des cadres promus<\/strong><\/p>\n<p>1. Conseiller principal, M. Thierno Amadou Bah, sp\u00e9cialiste en finances publiques.<\/p>\n<p>2. Conseiller juridique, M. Abou Djoumessi, Juriste.<\/p>\n<p>3. Conseiller charg\u00e9 des questions de finances publiques : M. Ibrahima Kamara, Economiste.<\/p>\n<p>4. Conseill\u00e8re charg\u00e9e de la qualit\u00e9 des d\u00e9penses, Mme \u00c9milie Bernadette L\u00e9no, sp\u00e9cialiste en planification \u00e9conomique.<\/p>\n<p>5. Conseiller charg\u00e9 des questions fiscales : M. Adama Souar\u00e9, juriste fiscaliste.<\/p>\n<p>6. Conseill\u00e8re charg\u00e9e de mission : Mme Kadiatou Dinah Sampil, gestionnaire administrative et comptable.<\/p>\n<p>7- Directeur g\u00e9n\u00e9ral du Bureau de strat\u00e9gie et de d\u00e9veloppement : Docteur Mamadou Saliou Diallo, \u00e9conomiste.<\/p>\n<p>8- Directeur g\u00e9n\u00e9ral adjoint du Bureau de strat\u00e9gie et de d\u00e9veloppement : Monsieur Ibrahima Lincoln Camara, sp\u00e9cialiste en gestion financi\u00e8re.<\/p>\n<p>9- Directeur national des financements : Monsieur Aboubacar Diakit\u00e9, auditeur.<\/p>\n<p>10- Directeur g\u00e9n\u00e9ral du budget : Monsieur Mamady Mariam Traor\u00e9, \u00e9conomiste.<\/p>\n<p>11- Directrice g\u00e9n\u00e9rale adjointe du budget : madame Soua Dor\u00e9, sp\u00e9cialiste en gestion financi\u00e8re.<\/p>\n<p>12- Directeur g\u00e9n\u00e9ral du contr\u00f4le des march\u00e9s publics : Monsieur Mamy Traor\u00e9, expert en gestion de programmes et en politiques publiques.<\/p>\n<p>13- Directrice g\u00e9n\u00e9rale du patrimoine de l\u2019\u00c9tat et des investissements priv\u00e9s : Madame Djenabou Boiro Diallo, juriste.<\/p>\n<p>14- Directeur g\u00e9n\u00e9ral du Fonds sp\u00e9cial d\u2019investissement : Monsieur Ibrahima Kalil Gueye, administrateur.<\/p>\n<p>15- Directrice g\u00e9n\u00e9rale des investissements publics et du syst\u00e8me int\u00e9gr\u00e9 de gestion : Madame A\u00efssatou Yariatou Camara, experte en finances publiques.<\/p>\n<p>16- Secr\u00e9taire ex\u00e9cutif de la cellule technique de suivi des programmes et de la r\u00e9forme des finances publiques : Docteur Mamadou Barry, \u00e9conomiste.<\/p>\n<p>&nbsp;<\/p>\n<p><strong>Guineequotidien.com<\/strong><\/p>\n<\/div>\n","protected":false},"excerpt":{"rendered":"<p>Dans une s\u00e9rie de d\u00e9crets lue \u00e0 la t\u00e9l\u00e9vision nationale, le Pr\u00e9sident de la R\u00e9publique SE Mamadi Doumbouya, a proc\u00e9d\u00e9 dans la soir\u00e9e du lundi 16 mars 2026, \u00e0 la nomination des hauts cadres au Minist\u00e8re de l\u2019Economie, des Finances et du Budget. Ci-joint la liste des cadres promus 1. Conseiller principal, M. Thierno Amadou [&hellip;]<\/p>\n","protected":false},"author":2,"featured_media":39334,"comment_status":"closed","ping_status":"closed","sticky":false,"template":"","format":"standard","meta":{"footnotes":""},"categories":[57],"tags":[],"class_list":{"0":"post-39333","1":"post","2":"type-post","3":"status-publish","4":"format-standard","5":"has-post-thumbnail","7":"category-politique"},"_links":{"self":[{"href":"https:\/\/conakrynews.org\/index.php\/wp-json\/wp\/v2\/posts\/39333","targetHints":{"allow":["GET"]}}],"collection":[{"href":"https:\/\/conakrynews.org\/index.php\/wp-json\/wp\/v2\/posts"}],"about":[{"href":"https:\/\/conakrynews.org\/index.php\/wp-json\/wp\/v2\/types\/post"}],"author":[{"embeddable":true,"href":"https:\/\/conakrynews.org\/index.php\/wp-json\/wp\/v2\/users\/2"}],"replies":[{"embeddable":true,"href":"https:\/\/conakrynews.org\/index.php\/wp-json\/wp\/v2\/comments?post=39333"}],"version-history":[{"count":0,"href":"https:\/\/conakrynews.org\/index.php\/wp-json\/wp\/v2\/posts\/39333\/revisions"}],"wp:featuredmedia":[{"embeddable":true,"href":"https:\/\/conakrynews.org\/index.php\/wp-json\/wp\/v2\/media\/39334"}],"wp:attachment":[{"href":"https:\/\/conakrynews.org\/index.php\/wp-json\/wp\/v2\/media?parent=39333"}],"wp:term":[{"taxonomy":"category","embeddable":true,"href":"https:\/\/conakrynews.org\/index.php\/wp-json\/wp\/v2\/categories?post=39333"},{"taxonomy":"post_tag","embeddable":true,"href":"https:\/\/conakrynews.org\/index.php\/wp-json\/wp\/v2\/tags?post=39333"}],"curies":[{"name":"wp","href":"https:\/\/api.w.org\/{rel}","templated":true}]}}