{"id":39934,"date":"2026-04-26T13:39:55","date_gmt":"2026-04-26T13:39:55","guid":{"rendered":"https:\/\/conakrynews.org\/?p=39934"},"modified":"2026-04-26T13:39:55","modified_gmt":"2026-04-26T13:39:55","slug":"attaque-terroriste-au-mali-la-cedeao-hausse-le-ton-et-appelle-a-une-riposte-regionale-coordonnee-communique","status":"publish","type":"post","link":"https:\/\/conakrynews.org\/index.php\/attaque-terroriste-au-mali-la-cedeao-hausse-le-ton-et-appelle-a-une-riposte-regionale-coordonnee-communique\/","title":{"rendered":"Attaque Terroriste au Mali : la CEDEAO hausse le ton et appelle \u00e0 une riposte r\u00e9gionale coordonn\u00e9e (Communiqu\u00e9)"},"content":{"rendered":"<div class=\"td-pb-row\">\n<div class=\"td-pb-span12\">\n<div class=\"td-post-header\">\n<header class=\"td-post-title\">\n<h1 class=\"entry-title\"><\/h1>\n<div class=\"td-module-meta-info\">\n<div class=\"td-post-author-name\">\n<div class=\"td-author-by\"><\/div>\n<\/div>\n<\/div>\n<\/header>\n<\/div>\n<\/div>\n<\/div>\n<div class=\"td-pb-row\">\n<div class=\"td-pb-span8 td-main-content\" role=\"main\">\n<div class=\"td-ss-main-content\">\n<div class=\"td-post-sharing-top\">\n<div id=\"td_social_sharing_article_top\" class=\"td-post-sharing td-ps-bg td-ps-notext td-post-sharing-style1 \">\n<div class=\"td-post-sharing-visible\">\n<div class=\"td-social-but-icon\"><\/div>\n<div class=\"td-social-but-icon\"><\/div>\n<div class=\"td-social-but-icon\"><\/div>\n<div class=\"td-social-but-icon\"><\/div>\n<\/div>\n<\/div>\n<\/div>\n<div class=\"td-post-content tagdiv-type\">\n<div class=\"td-post-featured-image\"><\/div>\n<p><strong>La Communaut\u00e9 \u00e9conomique des \u00c9tats de l\u2019Afrique de l\u2019Ouest (CEDEAO) a vivement condamn\u00e9 les attaques terroristes survenues le samedi 25 avril 2026 dans plusieurs localit\u00e9s de la Mali. Dans un communiqu\u00e9 officiel, l\u2019organisation sous-r\u00e9gionale d\u00e9nonce des actes \u00ab odieux \u00bb qui illustrent, une fois de plus, la brutalit\u00e9 des groupes arm\u00e9s terroristes op\u00e9rant dans la r\u00e9gion.<\/strong><\/p>\n<p>Ces attaques, qui ont cibl\u00e9 diff\u00e9rentes zones du territoire malien, ravivent les inqui\u00e9tudes quant \u00e0 la d\u00e9gradation persistante de la situation s\u00e9curitaire au Sahel et en Afrique de l\u2019Ouest. La CEDEAO souligne que ces violences constituent une menace grave pour la paix, la s\u00e9curit\u00e9 et la stabilit\u00e9 de l\u2019ensemble de la sous-r\u00e9gion.<\/p>\n<p>Face \u00e0 cette escalade, l\u2019organisation appelle \u00e0 une mobilisation collective. Elle exhorte les \u00c9tats membres, les forces de d\u00e9fense et de s\u00e9curit\u00e9, ainsi que les m\u00e9canismes r\u00e9gionaux \u00e0 renforcer leur coop\u00e9ration dans la lutte contre le terrorisme. La CEDEAO insiste \u00e9galement sur le r\u00f4le crucial des populations, invit\u00e9es \u00e0 s\u2019impliquer activement dans les efforts de vigilance et de r\u00e9silience communautaire.<\/p>\n<p>Dans cet \u00e9lan de solidarit\u00e9, la CEDEAO a adress\u00e9 ses sinc\u00e8res condol\u00e9ances aux familles endeuill\u00e9es et a r\u00e9affirm\u00e9 son soutien ind\u00e9fectible au peuple malien ainsi qu\u2019aux autorit\u00e9s du pays dans cette \u00e9preuve difficile.<\/p>\n<p>Alors que les d\u00e9fis s\u00e9curitaires persistent, cette nouvelle condamnation relance le d\u00e9bat sur l\u2019efficacit\u00e9 des r\u00e9ponses r\u00e9gionales face \u00e0 la menace terroriste, et sur la n\u00e9cessit\u00e9 d\u2019une strat\u00e9gie plus int\u00e9gr\u00e9e et durable pour restaurer la paix dans l\u2019espace ouest-africain.<\/p>\n<p><img loading=\"lazy\" decoding=\"async\" class=\"alignnone size-medium wp-image-4445\" src=\"https:\/\/eclatinfogn.com\/wp-content\/uploads\/2026\/04\/FB_IMG_1777207914002-222x300.jpg\" alt=\"\" width=\"222\" height=\"300\" \/><\/p>\n<\/div>\n<\/div>\n<\/div>\n<\/div>\n","protected":false},"excerpt":{"rendered":"<p>La Communaut\u00e9 \u00e9conomique des \u00c9tats de l\u2019Afrique de l\u2019Ouest (CEDEAO) a vivement condamn\u00e9 les attaques terroristes survenues le samedi 25 avril 2026 dans plusieurs localit\u00e9s de la Mali. Dans un communiqu\u00e9 officiel, l\u2019organisation sous-r\u00e9gionale d\u00e9nonce des actes \u00ab odieux \u00bb qui illustrent, une fois de plus, la brutalit\u00e9 des groupes arm\u00e9s terroristes op\u00e9rant dans la [&hellip;]<\/p>\n","protected":false},"author":2,"featured_media":39935,"comment_status":"closed","ping_status":"closed","sticky":false,"template":"","format":"standard","meta":{"footnotes":""},"categories":[58],"tags":[],"class_list":{"0":"post-39934","1":"post","2":"type-post","3":"status-publish","4":"format-standard","5":"has-post-thumbnail","7":"category-societe"},"_links":{"self":[{"href":"https:\/\/conakrynews.org\/index.php\/wp-json\/wp\/v2\/posts\/39934","targetHints":{"allow":["GET"]}}],"collection":[{"href":"https:\/\/conakrynews.org\/index.php\/wp-json\/wp\/v2\/posts"}],"about":[{"href":"https:\/\/conakrynews.org\/index.php\/wp-json\/wp\/v2\/types\/post"}],"author":[{"embeddable":true,"href":"https:\/\/conakrynews.org\/index.php\/wp-json\/wp\/v2\/users\/2"}],"replies":[{"embeddable":true,"href":"https:\/\/conakrynews.org\/index.php\/wp-json\/wp\/v2\/comments?post=39934"}],"version-history":[{"count":1,"href":"https:\/\/conakrynews.org\/index.php\/wp-json\/wp\/v2\/posts\/39934\/revisions"}],"predecessor-version":[{"id":39936,"href":"https:\/\/conakrynews.org\/index.php\/wp-json\/wp\/v2\/posts\/39934\/revisions\/39936"}],"wp:featuredmedia":[{"embeddable":true,"href":"https:\/\/conakrynews.org\/index.php\/wp-json\/wp\/v2\/media\/39935"}],"wp:attachment":[{"href":"https:\/\/conakrynews.org\/index.php\/wp-json\/wp\/v2\/media?parent=39934"}],"wp:term":[{"taxonomy":"category","embeddable":true,"href":"https:\/\/conakrynews.org\/index.php\/wp-json\/wp\/v2\/categories?post=39934"},{"taxonomy":"post_tag","embeddable":true,"href":"https:\/\/conakrynews.org\/index.php\/wp-json\/wp\/v2\/tags?post=39934"}],"curies":[{"name":"wp","href":"https:\/\/api.w.org\/{rel}","templated":true}]}}