{"id":39938,"date":"2026-04-26T13:56:45","date_gmt":"2026-04-26T13:56:45","guid":{"rendered":"https:\/\/conakrynews.org\/?p=39938"},"modified":"2026-04-26T13:56:45","modified_gmt":"2026-04-26T13:56:45","slug":"mali-coup-dur-pour-assimi-goita-le-ministre-sadio-camara-annonce","status":"publish","type":"post","link":"https:\/\/conakrynews.org\/index.php\/mali-coup-dur-pour-assimi-goita-le-ministre-sadio-camara-annonce\/","title":{"rendered":"Mali : coup dur pour Assimi Go\u00efta, le ministre Sadio Camara annonc\u00e9\u00a0"},"content":{"rendered":"<h1 class=\"font-heading font-black text-3xl md:text-4xl lg:text-5xl leading-tight text-gray-900 dark:text-white mb-4\"><\/h1>\n<div class=\"prose prose-lg dark:prose-invert max-w-none\n                prose-headings:font-heading prose-headings:font-bold\n                prose-a:text-pana-red hover:prose-a:text-pana-green\n                prose-img:rounded-xl\n                mb-8\"><\/p>\n<p>Au\u00a0<strong>Mali<\/strong>,\u00a0<strong>Sadio Camara<\/strong>, ministre de la D\u00e9fense, aurait trouv\u00e9 la mort dans les attaques coordonn\u00e9es qui ont cibl\u00e9 plusieurs villes. L\u2019information avait \u00e9t\u00e9 d\u00e9mentie par les autorit\u00e9s aux premi\u00e8res heures des attaques. Mais aux derni\u00e8res, l\u2019information semble \u00eatre confirm\u00e9e.<\/p>\n<h2 class=\"wp-block-heading\">Mali : Sadio Camara, ministre de la D\u00e9fense, aurait \u00e9t\u00e9 tu\u00e9 dans les attaques coordonn\u00e9es<\/h2>\n<p>Dans une\u00a0<strong><a href=\"https:\/\/www.jeuneafrique.com\/1791659\/politique\/attaques-au-mali-sadio-camara-ministre-de-la-defense-a-ete-tue\/\" target=\"_blank\" rel=\"noopener\">publication\u00a0<\/a><\/strong>mise en ligne ce dimanche 26 avril 2026, le magazine Jeune Afrique affirme avoir eu la confirmation de la mort du ministre Sadio Camara. Dans la journ\u00e9e du samedi, des sources ont rapport\u00e9 que de sanglants combats ont cibl\u00e9 son domicile \u00e0 Kati, pr\u00e8s de Bamako.\u00a0<em>\u00ab\u00a0L\u2019assaut, attribu\u00e9 au Groupe de soutien \u00e0 l\u2019islam et aux musulmans (Jnim), aurait \u00e9t\u00e9 men\u00e9 \u00e0 l\u2019aide d\u2019un v\u00e9hicule pi\u00e9g\u00e9 conduit par un kamikaze. La d\u00e9flagration, particuli\u00e8rement puissante, a enti\u00e8rement d\u00e9truit la r\u00e9sidence du ministre\u00a0\u00bb<\/em>, a rapport\u00e9 JA. Selon Le Figaro, une partie de sa famille aurait \u00e9t\u00e9 \u00e9galement touch\u00e9e.<\/p>\n<p><strong>Lire aussi :\u00a0<a href=\"https:\/\/www.afrique-sur7.fr\/attaques-coordonnees-au-mali-le-senegal-fait-une-promesse\" data-type=\"post\" data-id=\"238782\">Attaques coordonn\u00e9es au Mali, le S\u00e9n\u00e9gal fait une promesse<\/a><\/strong><\/p>\n<p>Sadio Camara est l\u2019un des hommes forts du r\u00e9gime militaire, proche d\u2019<strong>Assimi Goita<\/strong>. En le ciblant, les terroristes cherchaient \u00e0 faire tomber l\u2019un des bras arm\u00e9s du pouvoir de Bamako. C\u2019est une grosse perte pour l\u2019arm\u00e9e qui doit se r\u00e9organiser tr\u00e8s rapidement pour continuer la riposte. Les rebelles du Front de lib\u00e9ration de l\u2019Azawad (FLA) et les combattants du Groupe de soutien \u00e0 l\u2019islam et aux musulmans (Jnim) ont annonc\u00e9 la poursuite des combats qui visent \u00e0 d\u00e9loger le pouvoir.<\/p>\n<p>En face, l\u2019arm\u00e9e malienne assure qu\u2019elle contr\u00f4le la situation. L\u2019\u00e9tat-major a salu\u00e9 la riposte des Forces de d\u00e9fense et de s\u00e9curit\u00e9 qui a permis de neutraliser plusieurs centaines de terroristes et de d\u00e9truire des \u00e9quipements. Dans un communiqu\u00e9 diffus\u00e9 un peu plus tard dans la soir\u00e9e du samedi, le gouvernement a rassur\u00e9 les populations et appel\u00e9 au calme.<\/p>\n<h2 class=\"wp-block-heading\">Le FLA et le Jnim en alliance<\/h2>\n<p>\u00c0 la suite de ces attaques simultan\u00e9es \u00e0 Kati, Bamako, Gao, Kidal et \u00e0 S\u00e9var\u00e9, le Front de lib\u00e9ration de l\u2019Azawad (FLA) et le Groupe de soutien \u00e0 l\u2019islam et aux musulmans (Jnim) sont formellement entr\u00e9s en alliance. Apr\u00e8s avoir revendiqu\u00e9 les attaques coordonn\u00e9es et annonc\u00e9 la prise de Kidal, les deux groupes ont officiellement d\u00e9cid\u00e9 de se mettre ensemble face \u00e0 l\u2019arm\u00e9e malienne. Cette alliance reste ouverte selon le Front de lib\u00e9ration de l\u2019Azawad (FLA), qui tend la main \u00e0 tous ceux qui souhaitent un changement de r\u00e9gime dans le pays.<\/p>\n<\/div>\n<p>Source:Afriquesur7<\/p>\n","protected":false},"excerpt":{"rendered":"<p>Au\u00a0Mali,\u00a0Sadio Camara, ministre de la D\u00e9fense, aurait trouv\u00e9 la mort dans les attaques coordonn\u00e9es qui ont cibl\u00e9 plusieurs villes. L\u2019information avait \u00e9t\u00e9 d\u00e9mentie par les autorit\u00e9s aux premi\u00e8res heures des attaques. Mais aux derni\u00e8res, l\u2019information semble \u00eatre confirm\u00e9e. Mali : Sadio Camara, ministre de la D\u00e9fense, aurait \u00e9t\u00e9 tu\u00e9 dans les attaques coordonn\u00e9es Dans une\u00a0publication\u00a0mise [&hellip;]<\/p>\n","protected":false},"author":2,"featured_media":39939,"comment_status":"closed","ping_status":"closed","sticky":false,"template":"","format":"standard","meta":{"footnotes":""},"categories":[58],"tags":[],"class_list":{"0":"post-39938","1":"post","2":"type-post","3":"status-publish","4":"format-standard","5":"has-post-thumbnail","7":"category-societe"},"_links":{"self":[{"href":"https:\/\/conakrynews.org\/index.php\/wp-json\/wp\/v2\/posts\/39938","targetHints":{"allow":["GET"]}}],"collection":[{"href":"https:\/\/conakrynews.org\/index.php\/wp-json\/wp\/v2\/posts"}],"about":[{"href":"https:\/\/conakrynews.org\/index.php\/wp-json\/wp\/v2\/types\/post"}],"author":[{"embeddable":true,"href":"https:\/\/conakrynews.org\/index.php\/wp-json\/wp\/v2\/users\/2"}],"replies":[{"embeddable":true,"href":"https:\/\/conakrynews.org\/index.php\/wp-json\/wp\/v2\/comments?post=39938"}],"version-history":[{"count":1,"href":"https:\/\/conakrynews.org\/index.php\/wp-json\/wp\/v2\/posts\/39938\/revisions"}],"predecessor-version":[{"id":39940,"href":"https:\/\/conakrynews.org\/index.php\/wp-json\/wp\/v2\/posts\/39938\/revisions\/39940"}],"wp:featuredmedia":[{"embeddable":true,"href":"https:\/\/conakrynews.org\/index.php\/wp-json\/wp\/v2\/media\/39939"}],"wp:attachment":[{"href":"https:\/\/conakrynews.org\/index.php\/wp-json\/wp\/v2\/media?parent=39938"}],"wp:term":[{"taxonomy":"category","embeddable":true,"href":"https:\/\/conakrynews.org\/index.php\/wp-json\/wp\/v2\/categories?post=39938"},{"taxonomy":"post_tag","embeddable":true,"href":"https:\/\/conakrynews.org\/index.php\/wp-json\/wp\/v2\/tags?post=39938"}],"curies":[{"name":"wp","href":"https:\/\/api.w.org\/{rel}","templated":true}]}}