{"id":39942,"date":"2026-04-26T17:33:17","date_gmt":"2026-04-26T17:33:17","guid":{"rendered":"https:\/\/conakrynews.org\/?p=39942"},"modified":"2026-04-26T17:35:21","modified_gmt":"2026-04-26T17:35:21","slug":"celebration-de-la-journee-internationale-de-la-liberte-de-la-pressecommunique-de-la-maison-de-la-presse","status":"publish","type":"post","link":"https:\/\/conakrynews.org\/index.php\/celebration-de-la-journee-internationale-de-la-liberte-de-la-pressecommunique-de-la-maison-de-la-presse\/","title":{"rendered":"C\u00e9l\u00e9bration de la Journ\u00e9e Internationale de la libert\u00e9 de la presse:Communiqu\u00e9 de la maison de la presse\u00a0"},"content":{"rendered":"<p>&nbsp;<\/p>\n<p>Objet : C\u00e9l\u00e9bration de la Journ\u00e9e Internationale de la Libert\u00e9 de la Presse \u2013 03 mai 2026<br \/>\nSous le Haut Patronage de Son Excellence Monsieur le Pr\u00e9sident de la R\u00e9publique, Mamadi Doumbouya<\/p>\n<p>La Maison de la Presse de Guin\u00e9e informe l\u2019opinion nationale et internationale que la Journ\u00e9e Internationale de la Libert\u00e9 de la Presse sera c\u00e9l\u00e9br\u00e9e le dimanche 03 mai 2026 \u00e0 10 heures, en son si\u00e8ge sis \u00e0 la Mini\u00e8re, Commune de Dixinn, Conakry, sous le Haut Patronage de Son Excellence Monsieur le Pr\u00e9sident de la R\u00e9publique, Mamadi Doumbouya.<\/p>\n<p>Plac\u00e9e sous le th\u00e8me international : \u00ab Fa\u00e7onner un avenir de paix \u00bb, cette \u00e9dition 2026 s\u2019inscrit dans la continuit\u00e9 de l\u2019\u00e9lan d\u2019unit\u00e9 qui a marqu\u00e9 les pr\u00e9c\u00e9dentes c\u00e9l\u00e9brations, tout en franchissant un nouveau pas. L\u2019ensemble de la presse nationale guin\u00e9enne \u2013 publique et priv\u00e9e, audiovisuelle, \u00e9crite et en ligne \u2013 comm\u00e9morera, d\u2019une seule voix et dans un esprit de solidarit\u00e9, ce grand rendez-vous de la libert\u00e9 d\u2019expression.<\/p>\n<p>Cette c\u00e9r\u00e9monie solennelle enregistrera la participation de la Primature, de plusieurs d\u00e9partements minist\u00e9riels, notamment le Minist\u00e8re de la Communication, de l\u2019\u00c9conomie num\u00e9rique et de l\u2019Innovation, dont l\u2019allocution est vivement attendue, aux c\u00f4t\u00e9s de celles du Pr\u00e9sident de la Haute Autorit\u00e9 de la Communication et du Pr\u00e9sident du Conseil d\u2019Administration de la Maison de la Presse de Guin\u00e9e.<\/p>\n<p>Temps fort de la c\u00e9r\u00e9monie : la remise de reconnaissances \u00e0 des pionniers de la presse guin\u00e9enne, pour leur contribution exceptionnelle \u00e0 la promotion de la libert\u00e9 de la presse et \u00e0 l\u2019excellence professionnelle. Ces distinctions honorifiques seront d\u00e9cern\u00e9es \u00e0 titre anthume, en hommage \u00e0 leur engagement inlassable au service du d\u00e9veloppement de la presse nationale et de la consolidation d\u00e9mocratique.<\/p>\n<p>La libert\u00e9 de la presse \u00e9tant un bien commun et un pilier fondamental de la d\u00e9mocratie, la Maison de la Presse de Guin\u00e9e invite l\u2019ensemble des journalistes, les partenaires techniques et financiers, les institutions r\u00e9publicaines ainsi que tous les d\u00e9fenseurs des libert\u00e9s publiques \u00e0 prendre part \u00e0 cette c\u00e9l\u00e9bration historique.<\/p>\n<p>L\u2019unit\u00e9 de la presse guin\u00e9enne, sous le Haut Patronage du Chef de l\u2019\u00c9tat, constitue le message fort de ce 03 mai 2026.<\/p>\n<p>Fait \u00e0 Conakry, le 21 avril 2026<\/p>\n<p>Maison de la Presse de Guin\u00e9e<br \/>\nLe Pr\u00e9sident du Conseil d\u2019Administration<\/p>\n","protected":false},"excerpt":{"rendered":"<p>&nbsp; Objet : C\u00e9l\u00e9bration de la Journ\u00e9e Internationale de la Libert\u00e9 de la Presse \u2013 03 mai 2026 Sous le Haut Patronage de Son Excellence Monsieur le Pr\u00e9sident de la R\u00e9publique, Mamadi Doumbouya La Maison de la Presse de Guin\u00e9e informe l\u2019opinion nationale et internationale que la Journ\u00e9e Internationale de la Libert\u00e9 de la Presse [&hellip;]<\/p>\n","protected":false},"author":2,"featured_media":39946,"comment_status":"closed","ping_status":"closed","sticky":false,"template":"","format":"standard","meta":{"footnotes":""},"categories":[58],"tags":[],"class_list":{"0":"post-39942","1":"post","2":"type-post","3":"status-publish","4":"format-standard","5":"has-post-thumbnail","7":"category-societe"},"_links":{"self":[{"href":"https:\/\/conakrynews.org\/index.php\/wp-json\/wp\/v2\/posts\/39942","targetHints":{"allow":["GET"]}}],"collection":[{"href":"https:\/\/conakrynews.org\/index.php\/wp-json\/wp\/v2\/posts"}],"about":[{"href":"https:\/\/conakrynews.org\/index.php\/wp-json\/wp\/v2\/types\/post"}],"author":[{"embeddable":true,"href":"https:\/\/conakrynews.org\/index.php\/wp-json\/wp\/v2\/users\/2"}],"replies":[{"embeddable":true,"href":"https:\/\/conakrynews.org\/index.php\/wp-json\/wp\/v2\/comments?post=39942"}],"version-history":[{"count":0,"href":"https:\/\/conakrynews.org\/index.php\/wp-json\/wp\/v2\/posts\/39942\/revisions"}],"wp:featuredmedia":[{"embeddable":true,"href":"https:\/\/conakrynews.org\/index.php\/wp-json\/wp\/v2\/media\/39946"}],"wp:attachment":[{"href":"https:\/\/conakrynews.org\/index.php\/wp-json\/wp\/v2\/media?parent=39942"}],"wp:term":[{"taxonomy":"category","embeddable":true,"href":"https:\/\/conakrynews.org\/index.php\/wp-json\/wp\/v2\/categories?post=39942"},{"taxonomy":"post_tag","embeddable":true,"href":"https:\/\/conakrynews.org\/index.php\/wp-json\/wp\/v2\/tags?post=39942"}],"curies":[{"name":"wp","href":"https:\/\/api.w.org\/{rel}","templated":true}]}}