{"id":39961,"date":"2026-04-28T20:54:13","date_gmt":"2026-04-28T20:54:13","guid":{"rendered":"https:\/\/conakrynews.org\/?p=39961"},"modified":"2026-04-28T20:54:13","modified_gmt":"2026-04-28T20:54:13","slug":"derniere-minute-lancien-president-de-la-speciale-de-matam-badra-kone-conduit-a-la-maison-centrale-de-coronthie","status":"publish","type":"post","link":"https:\/\/conakrynews.org\/index.php\/derniere-minute-lancien-president-de-la-speciale-de-matam-badra-kone-conduit-a-la-maison-centrale-de-coronthie\/","title":{"rendered":"Derni\u00e8re minute: l\u2019ancien Pr\u00e9sident de la Sp\u00e9ciale de Matam Badra Kon\u00e9 conduit \u00e0 la maison centrale de Coronthie"},"content":{"rendered":"<h1 class=\"name post-title entry-title\"><\/h1>\n<p class=\"post-meta\">\n<div class=\"clear\"><\/div>\n<div class=\"entry\">\n<p>Apr\u00e8s six (6) jours de garde \u00e0 vue \u00e0 la Direction Centrale de la Police Judiciaire, l\u2019ancien Pr\u00e9sident de la Sp\u00e9ciale de Matam Badra Kon\u00e9 a \u00e9t\u00e9 envoy\u00e9 ce mardi 28 avril 2026 \u00e0 la Maison centrale de Coronthie par le Procureur Sp\u00e9cial de la CRIEF Alphonse Charles Wright.<\/p>\n<p>Selon les informations, le proc\u00e8s de Monsieur Badra Kon\u00e9 s\u2019ouvrira demain, mercredi 29 avril, \u00e0 la Cour de R\u00e9pression des Infractions \u00c9conomiques et Financi\u00e8res.<\/p>\n<p>Il convient de souligner que l\u2019implication de l\u2019ancien Pr\u00e9sident de la Sp\u00e9ciale de Matam dans une affaire de d\u00e9tournement de bien public lorsqu\u2019il \u00e9tait aux affaires \u00e0 la commune, a \u00e9t\u00e9 l\u2019\u00e9l\u00e9ment declencheur de son arrestation par la CRIEF.<\/p>\n<p>&nbsp;<\/p>\n<p><strong>\u00a0GuineeQuotidien.com<\/strong><\/p>\n<\/div>\n","protected":false},"excerpt":{"rendered":"<p>Apr\u00e8s six (6) jours de garde \u00e0 vue \u00e0 la Direction Centrale de la Police Judiciaire, l\u2019ancien Pr\u00e9sident de la Sp\u00e9ciale de Matam Badra Kon\u00e9 a \u00e9t\u00e9 envoy\u00e9 ce mardi 28 avril 2026 \u00e0 la Maison centrale de Coronthie par le Procureur Sp\u00e9cial de la CRIEF Alphonse Charles Wright. Selon les informations, le proc\u00e8s de [&hellip;]<\/p>\n","protected":false},"author":2,"featured_media":39962,"comment_status":"closed","ping_status":"closed","sticky":false,"template":"","format":"standard","meta":{"footnotes":""},"categories":[58],"tags":[],"class_list":{"0":"post-39961","1":"post","2":"type-post","3":"status-publish","4":"format-standard","5":"has-post-thumbnail","7":"category-societe"},"_links":{"self":[{"href":"https:\/\/conakrynews.org\/index.php\/wp-json\/wp\/v2\/posts\/39961","targetHints":{"allow":["GET"]}}],"collection":[{"href":"https:\/\/conakrynews.org\/index.php\/wp-json\/wp\/v2\/posts"}],"about":[{"href":"https:\/\/conakrynews.org\/index.php\/wp-json\/wp\/v2\/types\/post"}],"author":[{"embeddable":true,"href":"https:\/\/conakrynews.org\/index.php\/wp-json\/wp\/v2\/users\/2"}],"replies":[{"embeddable":true,"href":"https:\/\/conakrynews.org\/index.php\/wp-json\/wp\/v2\/comments?post=39961"}],"version-history":[{"count":1,"href":"https:\/\/conakrynews.org\/index.php\/wp-json\/wp\/v2\/posts\/39961\/revisions"}],"predecessor-version":[{"id":39963,"href":"https:\/\/conakrynews.org\/index.php\/wp-json\/wp\/v2\/posts\/39961\/revisions\/39963"}],"wp:featuredmedia":[{"embeddable":true,"href":"https:\/\/conakrynews.org\/index.php\/wp-json\/wp\/v2\/media\/39962"}],"wp:attachment":[{"href":"https:\/\/conakrynews.org\/index.php\/wp-json\/wp\/v2\/media?parent=39961"}],"wp:term":[{"taxonomy":"category","embeddable":true,"href":"https:\/\/conakrynews.org\/index.php\/wp-json\/wp\/v2\/categories?post=39961"},{"taxonomy":"post_tag","embeddable":true,"href":"https:\/\/conakrynews.org\/index.php\/wp-json\/wp\/v2\/tags?post=39961"}],"curies":[{"name":"wp","href":"https:\/\/api.w.org\/{rel}","templated":true}]}}