{"id":39965,"date":"2026-04-29T15:08:57","date_gmt":"2026-04-29T15:08:57","guid":{"rendered":"https:\/\/conakrynews.org\/?p=39965"},"modified":"2026-04-29T15:08:57","modified_gmt":"2026-04-29T15:08:57","slug":"mali-apres-les-attaques-assimi-goita-affirme-que-la-situation-dune-extreme-gravite-est-maitrisee","status":"publish","type":"post","link":"https:\/\/conakrynews.org\/index.php\/mali-apres-les-attaques-assimi-goita-affirme-que-la-situation-dune-extreme-gravite-est-maitrisee\/","title":{"rendered":"Mali: apr\u00e8s les attaques, Assimi Go\u00efta affirme que la situation d\u2019une \u00abextr\u00eame gravit\u00e9\u00bb est \u00abma\u00eetris\u00e9e\u00bb"},"content":{"rendered":"<h1 class=\"name post-title entry-title\"><\/h1>\n<p class=\"post-meta\">\n<div class=\"clear\"><\/div>\n<div class=\"entry\">\n<p>Invisible depuis samedi 25 avril, jour des premi\u00e8res attaques contre plusieurs localit\u00e9s du Mali, le chef de la junte, le g\u00e9n\u00e9ral Assimi Go\u00efta, est donc r\u00e9apparu ce mardi 28 avril.\u00a0La situation reste tendue au Mali, apr\u00e8s les attaques coordonn\u00e9es, les 25 et 26 avril, des jihadistes du Groupe de soutien \u00e0 l\u2019islam et aux musulmans (Jnim) et du Front de lib\u00e9ration de l\u2019Azawad (FLA), contre plusieurs villes. Lors de ces attaques, le ministre de la D\u00e9fense, Sadio Camara, a \u00e9t\u00e9 tu\u00e9 et les forces rebelles ont pris le contr\u00f4le de Kidal.<\/p>\n<p>Le g\u00e9n\u00e9ral\u00a0<strong><a class=\"gtm-add-suggested-tag\" href=\"https:\/\/www.rfi.fr\/fr\/tag\/assimi-go%C3%AFta\/\" target=\"_self\" rel=\"noopener\">Assimi Go\u00efta<\/a><\/strong>\u00a0tente de reprendre la main, assure\u00a0notre correspondant r\u00e9gional,\u00a0<strong>Serge Daniel<\/strong>. Il a probablement manqu\u00e9 \u00e0 ses troupes pendant les quatre derniers jours. Invisible ou jouant \u00e0 l\u2019invisible, son absence a suscit\u00e9 de nombreux commentaires, g\u00e9n\u00e9ralement n\u00e9gatifs. Et ce mardi, il a effectivement rencontr\u00e9 \u00e0 Bamako l\u2019ambassadeur russe dans la capitale malienne. La Russie, partenaire strat\u00e9gique du\u00a0<strong><a class=\"gtm-add-suggested-tag\" href=\"https:\/\/www.rfi.fr\/fr\/tag\/mali\/\" target=\"_self\" rel=\"noopener\">Mali<\/a><\/strong>, dont les forces ont abandonn\u00e9 l\u2019arm\u00e9e malienne sur le terrain face \u00e0 l\u2019avanc\u00e9e des rebelles.<\/p>\n<p>Assimi Go\u00efta s\u2019est \u00e9galement rendu dans un h\u00f4pital de la capitale pour r\u00e9conforter les militaires bless\u00e9s au combat. Il n\u2019a pas parl\u00e9, pas un seul mot.<\/p>\n<h2>\u00ab\u00a0<em>La situation est ma\u00eetris\u00e9e\u00a0<\/em>\u00bb, assure Assimi Go\u00efta<\/h2>\n<p>Durant la soir\u00e9e, le chef de l\u2019\u00c9tat malien a d\u00e9cid\u00e9 de s\u2019adresser \u00e0 la nation. Durant pr\u00e8s d\u2019une dizaine de minutes, Assimi Go\u00efta est revenu sur les \u00e9v\u00e9nements du week-end qu\u2019il qualifie \u00ab<em>\u00a0d\u2019attaques coordonn\u00e9es d\u2019une extr\u00eame gravit\u00e9<\/em>\u00a0\u00bb stopp\u00e9es par les forces arm\u00e9es maliennes. \u00ab<em>\u00a0Un violent coup d\u2019arr\u00eat a \u00e9t\u00e9 donn\u00e9 aux assaillants qui ont voulu installer un climat de violence<\/em>\u00a0\u00bb, compl\u00e8te-t-il.<\/p>\n<p>Gr\u00e2ce \u00e0 la promptitude et au professionnalisme des forces arm\u00e9es et de s\u00e9curit\u00e9, un violent coup d\u2019arr\u00eat a \u00e9t\u00e9 donn\u00e9 aux assaillants dont l\u2019objectif \u00e9tait d\u2019installer un climat de violence g\u00e9n\u00e9ralis\u00e9e dans les localit\u00e9s concern\u00e9es. Gr\u00e2ce au sang-froid des hommes engag\u00e9s et au maintien de la coh\u00e9rence de la chaine de commandement, le plan funeste de l\u2019ennemi a \u00e9t\u00e9 d\u00e9jou\u00e9 avec la neutralisation d\u2019un nombre important d\u2019assaillants. \u00c0 l\u2019heure o\u00f9 je vous parle, le dispositif est renforc\u00e9. la situation est ma\u00eetris\u00e9e et les op\u00e9rations de ratissage, de recherche, d\u2019exploitation du renseignement et de s\u00e9curisation se poursuivent.<\/p>\n<p>Le chef d\u2019\u00c9tat malien s\u2019est voulu rassurant durant son allocution : \u00ab<em>\u00a0Le dispositif est renforc\u00e9, la situation est ma\u00eetris\u00e9e, et les op\u00e9rations de recherche et de renseignements se poursuivent.\u00a0<\/em>\u00bb\u00a0Assimi Go\u00efta a ensuite pris le temps d\u2019\u00e9voquer\u00a0: \u00ab<em>\u00a0Notre peuple a fait un choix, celui de la souverainet\u00e9 et de la dignit\u00e9. Ce choix est l\u2019expression d\u2019une volont\u00e9 nationale assum\u00e9e et affirm\u00e9e. Il a un prix et nous en sommes conscients. Ce choix est le seul chemin qui vaille, si nous voulons offrir \u00e0 nos enfants un avenir libre, juste et prosp\u00e8re.\u00a0<\/em>\u00bb<\/p>\n<p>Le sursaut national est indispensable, selon le pr\u00e9sident de la transition du Mali, pour poursuivre la lutte contre le terrorisme. Il promet que les forces arm\u00e9es continueront d\u2019agir jusqu\u2019au r\u00e9tablissement durable de la s\u00e9curit\u00e9 sur l\u2019ensemble du territoire national. \u00ab<em>\u00a0Nous devons garder \u00e0 l\u2019esprit que c\u2019est dans l\u2019\u00e9preuve qu\u2019une nation doit conforter sa coh\u00e9sion. Nous devons tous nous \u00e9riger contre la division et la fracture sociale.\u00a0<\/em>\u00bb<\/p>\n<p>Durant sa prise de parole, Assimi Go\u00efta a \u00e9galement mis en garde la population contre la propagation de rumeurs. \u00ab<em>\u00a0Le Mali a besoin de lucidit\u00e9 et non de panique\u00a0<\/em>\u00bb, a-t-il expliqu\u00e9.<\/p>\n<p>Assimi Go\u00efta conclut sa prise de parole en louant la qualit\u00e9 de la coop\u00e9ration avec les partenaires strat\u00e9giques du Mali, notamment la F\u00e9d\u00e9ration de Russie.<\/p>\n<h2>Nouveau blocus autour de Bamako<\/h2>\n<p>Cette r\u00e9apparition du g\u00e9n\u00e9ral Assimi Go\u00efta intervient au moment o\u00f9 les jihadistes annoncent un nouveau blocus autour de Bamako. Le premier blocus avait fait tr\u00e8s mal, celui-ci se veut encore plus dur. Les jihadistes affili\u00e9s \u00e0 al-Qa\u00efda veulent contr\u00f4ler les entr\u00e9es et les sorties de la capitale, entr\u00e9es et sorties des biens et des personnes.<\/p>\n<p>Premi\u00e8re cons\u00e9quence : un d\u00e9ploiement important des troupes r\u00e9guli\u00e8res qui devaient se rendre sur d\u2019autres terrains. Un d\u00e9ploiement donc \u00e0 la p\u00e9riph\u00e9rie pour faire face \u00e0 la situation. Combattre les jihadistes au sud et les rebelles au nord serait probablement laborieux.<\/p>\n<p>&nbsp;<\/p>\n<p><strong>Avec AFP<\/strong><\/p>\n<\/div>\n","protected":false},"excerpt":{"rendered":"<p>Invisible depuis samedi 25 avril, jour des premi\u00e8res attaques contre plusieurs localit\u00e9s du Mali, le chef de la junte, le g\u00e9n\u00e9ral Assimi Go\u00efta, est donc r\u00e9apparu ce mardi 28 avril.\u00a0La situation reste tendue au Mali, apr\u00e8s les attaques coordonn\u00e9es, les 25 et 26 avril, des jihadistes du Groupe de soutien \u00e0 l\u2019islam et aux musulmans [&hellip;]<\/p>\n","protected":false},"author":2,"featured_media":0,"comment_status":"closed","ping_status":"closed","sticky":false,"template":"","format":"standard","meta":{"footnotes":""},"categories":[57],"tags":[],"class_list":{"0":"post-39965","1":"post","2":"type-post","3":"status-publish","4":"format-standard","6":"category-politique"},"_links":{"self":[{"href":"https:\/\/conakrynews.org\/index.php\/wp-json\/wp\/v2\/posts\/39965","targetHints":{"allow":["GET"]}}],"collection":[{"href":"https:\/\/conakrynews.org\/index.php\/wp-json\/wp\/v2\/posts"}],"about":[{"href":"https:\/\/conakrynews.org\/index.php\/wp-json\/wp\/v2\/types\/post"}],"author":[{"embeddable":true,"href":"https:\/\/conakrynews.org\/index.php\/wp-json\/wp\/v2\/users\/2"}],"replies":[{"embeddable":true,"href":"https:\/\/conakrynews.org\/index.php\/wp-json\/wp\/v2\/comments?post=39965"}],"version-history":[{"count":1,"href":"https:\/\/conakrynews.org\/index.php\/wp-json\/wp\/v2\/posts\/39965\/revisions"}],"predecessor-version":[{"id":39966,"href":"https:\/\/conakrynews.org\/index.php\/wp-json\/wp\/v2\/posts\/39965\/revisions\/39966"}],"wp:attachment":[{"href":"https:\/\/conakrynews.org\/index.php\/wp-json\/wp\/v2\/media?parent=39965"}],"wp:term":[{"taxonomy":"category","embeddable":true,"href":"https:\/\/conakrynews.org\/index.php\/wp-json\/wp\/v2\/categories?post=39965"},{"taxonomy":"post_tag","embeddable":true,"href":"https:\/\/conakrynews.org\/index.php\/wp-json\/wp\/v2\/tags?post=39965"}],"curies":[{"name":"wp","href":"https:\/\/api.w.org\/{rel}","templated":true}]}}