{"id":39968,"date":"2026-04-29T23:48:32","date_gmt":"2026-04-29T23:48:32","guid":{"rendered":"https:\/\/conakrynews.org\/?p=39968"},"modified":"2026-04-29T23:48:32","modified_gmt":"2026-04-29T23:48:32","slug":"kindia-vers-la-7eme-edition-de-kania-soly","status":"publish","type":"post","link":"https:\/\/conakrynews.org\/index.php\/kindia-vers-la-7eme-edition-de-kania-soly\/","title":{"rendered":"Kindia: Vers la 7\u00e8me \u00e9dition\u00a0 de\u00a0 Kania Soly\u00a0"},"content":{"rendered":"<div id=\"m#msg-a:r3473015116376112507\" class=\"mail-message expanded\">\n<div id=\"m#msg-a:r3473015116376112507-content\" class=\"mail-message-content collapsible zoom-normal mail-show-images \">\n<div class=\"clear\">\n<div dir=\"auto\">\n<div dir=\"auto\" data-width=\"320px\" data-min-width=\"\" data-max-width=\"\">\n<div data-width=\"320px\" data-min-width=\"\" data-max-width=\"\">\n<header>\n<h1><\/h1>\n<div>\n<div><\/div>\n<\/div>\n<\/header>\n<\/div>\n<\/div>\n<div dir=\"auto\" data-width=\"320px\" data-min-width=\"\" data-max-width=\"\">\n<div data-width=\"320px\" data-min-width=\"\" data-max-width=\"\">\n<div dir=\"auto\">\n<div>\n<div><a href=\"https:\/\/www.facebook.com\/sharer.php?u=https%3A%2F%2Factu7.com%2Findex.php%2Fkindia-les-couleurs-de-la-7eme-edition-du-kania-soly-devoilees%2F\"><br \/>\n<\/a><a href=\"https:\/\/pinterest.com\/pin\/create\/button\/?url=https:\/\/actu7.com\/index.php\/kindia-les-couleurs-de-la-7eme-edition-du-kania-soly-devoilees\/&amp;media=https:\/\/actu7.com\/wp-content\/uploads\/2026\/04\/20260429_191129.jpg&amp;description=Kindia+%3A+Les+couleurs+de+la+7%C3%A8me+%C3%A9dition+du+Kania+Soly+d%C3%A9voil%C3%A9es\"><br \/>\n<\/a><\/div>\n<\/div>\n<\/div>\n<div dir=\"auto\">\n<div><\/div>\n<div dir=\"auto\">Ce mercredi 29 avril 2026, au centre Culturel Franco Guineen,l&rsquo;\u00e9quipe organisationnelle du Festival Kania Soly a anim\u00e9 une conf\u00e9rence de presse sur les pr\u00e9paratifs de la 7\u00e8me \u00e9dition.Plusieurs personnalit\u00e9s artistiques et publiques \u00e9taient pr\u00e9sents notamment,le Chef de cabinet du minist\u00e8re de l&rsquo;Agriculture et de l&rsquo;\u00e9levage, Abraham sonty dit Koundouwaka,le duo Kaba Koudou et grand devis,des fils ressortissants de Kindia&#8230;<\/div>\n<div dir=\"auto\"><\/div>\n<div dir=\"auto\">C\u2019est un festival organis\u00e9 chaque ann\u00e9e par l\u2019association Kania Diy\u00e9 (AKD), en collaboration avec le Club Amical de Kindia (CAK),\u00a0 cette manifestation artistique et culturelle se d\u00e9roulera sur une semaine,avec une multitude d\u2019activit\u00e9s \u00e0 savoir : la danse soly, contes et l\u00e9gendes, conf\u00e9rences culturelles et focus sur la culture de Bok\u00e9, la finale du tournoi Manga Kindi et concerts artistiques, assainissement, actions humanitaires, formations et c\u00e9r\u00e9monies de sacrifices traditionnels. Et ensuite\u00a0 la remise de satisfecits.<\/div>\n<div dir=\"auto\"><\/div>\n<div dir=\"auto\"><\/div>\n<div dir=\"auto\">Dans son\u00a0 allocution,la pr\u00e9sidente de l\u2019association Kania Diy\u00e9,\u00a0Dj\u00e8n\u00e8 Ke\u00efta, z d\u00e9clar\u00e9 :\u00a0\u00bb<i>Ce moment solennel marque le d\u00e9but d\u2019une nouvelle \u00e9tape de notre engagement collectif pour la valorisation de notre patrimoine. Le Festival Kania Soly est bien plus qu\u2019un \u00e9v\u00e9nement ; c\u2019est un espace de transmission interg\u00e9n\u00e9rationnelle et un puissant vecteur de coh\u00e9sion sociale\u00a0\u00bb, a-t-elle d\u00e9clar\u00e9.<\/i><\/div>\n<div dir=\"auto\"><\/div>\n<div dir=\"auto\"><\/div>\n<div dir=\"auto\">Avant d&rsquo;ajouter:\u00a0\u00bb Cette ann\u00e9e, l\u2019innovation r\u00e9side dans l\u2019ouverture : la r\u00e9gion de Bok\u00e9 est \u00e0 l\u2019honneur, tandis que la France est convi\u00e9e en tant que pays invit\u00e9 d\u2019honneur.Selon elle ,l\u2019objectif consiste \u00e0 transformer ce rendez-vous en une r\u00e9f\u00e9rence culturelle majeure \u00e0 l\u2019\u00e9chelle sous-r\u00e9gionale.<\/div>\n<div dir=\"auto\"><\/div>\n<div dir=\"auto\"><\/div>\n<div dir=\"auto\" style=\"text-align: center\">De son c\u00f4t\u00e9, le Commissaire G\u00e9n\u00e9ral, l\u2019honorable Sorel Ke\u00efta,\u00a0 a rappel\u00e9 que le Kania Soly d\u00e9passe les fronti\u00e8res de Kindia, avant de pr\u00e9ciser c<i>e festival n\u2019est pas uniquement l\u2019affaire des Kaniakas, mais celle de toute la Guin\u00e9e. \u00ab\u00a0Nous voulons vendre notre cultu<img loading=\"lazy\" decoding=\"async\" class=\"alignnone size-medium wp-image-39969\" src=\"https:\/\/conakrynews.org\/wp-content\/uploads\/2026\/04\/IMG_20260429_171914-498x375.jpg\" alt=\"\" width=\"498\" height=\"375\" srcset=\"https:\/\/conakrynews.org\/wp-content\/uploads\/2026\/04\/IMG_20260429_171914-498x375.jpg 498w, https:\/\/conakrynews.org\/wp-content\/uploads\/2026\/04\/IMG_20260429_171914-768x578.jpg 768w, https:\/\/conakrynews.org\/wp-content\/uploads\/2026\/04\/IMG_20260429_171914-1536x1157.jpg 1536w, https:\/\/conakrynews.org\/wp-content\/uploads\/2026\/04\/IMG_20260429_171914-2048x1542.jpg 2048w, https:\/\/conakrynews.org\/wp-content\/uploads\/2026\/04\/IMG_20260429_171914-150x113.jpg 150w, https:\/\/conakrynews.org\/wp-content\/uploads\/2026\/04\/IMG_20260429_171914-300x226.jpg 300w, https:\/\/conakrynews.org\/wp-content\/uploads\/2026\/04\/IMG_20260429_171914-696x524.jpg 696w, https:\/\/conakrynews.org\/wp-content\/uploads\/2026\/04\/IMG_20260429_171914-1068x804.jpg 1068w, https:\/\/conakrynews.org\/wp-content\/uploads\/2026\/04\/IMG_20260429_171914-1920x1446.jpg 1920w, https:\/\/conakrynews.org\/wp-content\/uploads\/2026\/04\/IMG_20260429_171914-558x420.jpg 558w, https:\/\/conakrynews.org\/wp-content\/uploads\/2026\/04\/IMG_20260429_171914-80x60.jpg 80w\" sizes=\"auto, (max-width: 498px) 100vw, 498px\" \/>re \u00e0 l\u2019international. Cette \u00e9dition sera magique et exceptionnelle gr\u00e2ce \u00e0 des marques particuli\u00e8res qui assureront son rayonnement\u00a0\u00bb, a fait savoir M.Ke\u00efta.<\/i><\/div>\n<div dir=\"auto\"><\/div>\n<div dir=\"auto\"><\/div>\n<div dir=\"auto\">A rappeler que l\u2019\u00e9v\u00e9nement se tiendra du 26 mai au 1er juin 2026 \u00e0 Kindia.<\/div>\n<div dir=\"auto\"><\/div>\n<div dir=\"auto\">Sylla Ibrahima Kalil, pour www.conakrynews.org,625444534<\/div>\n<\/div>\n<\/div>\n<\/div>\n<\/div>\n<\/div>\n<\/div>\n<div id=\"m#msg-a:r3473015116376112507-footer\" class=\"mail-message-footer spacer collapsible\"><\/div>\n<\/div>\n","protected":false},"excerpt":{"rendered":"<p>Ce mercredi 29 avril 2026, au centre Culturel Franco Guineen,l&rsquo;\u00e9quipe organisationnelle du Festival Kania Soly a anim\u00e9 une conf\u00e9rence de presse sur les pr\u00e9paratifs de la 7\u00e8me \u00e9dition.Plusieurs personnalit\u00e9s artistiques et publiques \u00e9taient pr\u00e9sents notamment,le Chef de cabinet du minist\u00e8re de l&rsquo;Agriculture et de l&rsquo;\u00e9levage, Abraham sonty dit Koundouwaka,le duo Kaba Koudou et grand devis,des [&hellip;]<\/p>\n","protected":false},"author":2,"featured_media":39970,"comment_status":"closed","ping_status":"closed","sticky":false,"template":"","format":"standard","meta":{"footnotes":""},"categories":[62],"tags":[],"class_list":{"0":"post-39968","1":"post","2":"type-post","3":"status-publish","4":"format-standard","5":"has-post-thumbnail","7":"category-culture"},"_links":{"self":[{"href":"https:\/\/conakrynews.org\/index.php\/wp-json\/wp\/v2\/posts\/39968","targetHints":{"allow":["GET"]}}],"collection":[{"href":"https:\/\/conakrynews.org\/index.php\/wp-json\/wp\/v2\/posts"}],"about":[{"href":"https:\/\/conakrynews.org\/index.php\/wp-json\/wp\/v2\/types\/post"}],"author":[{"embeddable":true,"href":"https:\/\/conakrynews.org\/index.php\/wp-json\/wp\/v2\/users\/2"}],"replies":[{"embeddable":true,"href":"https:\/\/conakrynews.org\/index.php\/wp-json\/wp\/v2\/comments?post=39968"}],"version-history":[{"count":1,"href":"https:\/\/conakrynews.org\/index.php\/wp-json\/wp\/v2\/posts\/39968\/revisions"}],"predecessor-version":[{"id":39971,"href":"https:\/\/conakrynews.org\/index.php\/wp-json\/wp\/v2\/posts\/39968\/revisions\/39971"}],"wp:featuredmedia":[{"embeddable":true,"href":"https:\/\/conakrynews.org\/index.php\/wp-json\/wp\/v2\/media\/39970"}],"wp:attachment":[{"href":"https:\/\/conakrynews.org\/index.php\/wp-json\/wp\/v2\/media?parent=39968"}],"wp:term":[{"taxonomy":"category","embeddable":true,"href":"https:\/\/conakrynews.org\/index.php\/wp-json\/wp\/v2\/categories?post=39968"},{"taxonomy":"post_tag","embeddable":true,"href":"https:\/\/conakrynews.org\/index.php\/wp-json\/wp\/v2\/tags?post=39968"}],"curies":[{"name":"wp","href":"https:\/\/api.w.org\/{rel}","templated":true}]}}