{"id":3999,"date":"2020-04-25T02:11:50","date_gmt":"2020-04-25T00:11:50","guid":{"rendered":"https:\/\/conakrynews.org\/2020\/04\/25\/artemisia-macky-sall-a-lance-sa-premiere-commande-andry-rajoelina\/"},"modified":"2020-04-25T13:54:31","modified_gmt":"2020-04-25T11:54:31","slug":"artemisia-macky-sall-a-lance-sa-premiere-commande-andry-rajoelina","status":"publish","type":"post","link":"https:\/\/conakrynews.org\/index.php\/artemisia-macky-sall-a-lance-sa-premiere-commande-andry-rajoelina\/","title":{"rendered":"Art\u00e9misia : Macky Sall a lanc\u00e9 sa premi\u00e8re commande (Andry Rajoelina)"},"content":{"rendered":"<p><\/p>\n<div id=\"post-9706\">\n<div class=\"td-post-content\">\n<div class=\"td-post-featured-image\"><a href=\"https:\/\/conakrynews.org\/wp-content\/uploads\/2020\/04\/Art\u00e9misia-Macky-Sall-a-lanc\u00e9-sa-premi\u00e8re-commande-Andry-Rajoelina.png\" data-caption=\"\"><\/a><\/div>\n<div class=\"td-a-rec td-a-rec-id-content_top  \"><center><img decoding=\"async\" src=\"https:\/\/conakrynews.org\/wp-content\/uploads\/2020\/04\/1586880962_913_Le-chef-de-lUnion-africaine-d\u00e9fend-lOMS-contre-les-critiques-de-Trump.jpg\"\/><\/center><\/div>\n<div>\n<div class=\"printfriendly pf-alignright\"><a href=\"#\" style=\"outline:none;\" rel=\"nofollow\" onclick=\"window.print(); return false;\" class=\"noslimstat\" title=\"Printer Friendly, PDF &amp; Email\"><img decoding=\"async\" style=\"border:none;-webkit-box-shadow:none; box-shadow:none;\" src=\"https:\/\/conakrynews.org\/wp-content\/uploads\/2020\/04\/Coronavirus-\u2013-\u00c0-linstar-de-la-Chine-de-nombreux-pays-devront-revoir-leur-bilan-humain-pr\u00e9vient-lOMS.png\" alt=\"Print Friendly, PDF &amp; Email\" data-lazy-src=\"https:\/\/conakrynews.org\/wp-content\/uploads\/2020\/04\/Ramadan-le-GOHA-accuse-le-gouvernement-d\u00eatre-\u00e0-la-base-de-laugmentation-du-prix-des-denr\u00e9es-alimentaires.png\" srcset=\"data:image\/gif;base64,R0lGODlhAQABAIAAAAAAAP\/\/\/yH5BAEAAAAALAAAAAABAAEAAAIBRAA7\" class=\" jetpack-lazy-image\"\/><noscript><img decoding=\"async\" style=\"border:none;-webkit-box-shadow:none; box-shadow:none;\" src=\"https:\/\/conakrynews.org\/wp-content\/uploads\/2020\/04\/Coronavirus-\u2013-\u00c0-linstar-de-la-Chine-de-nombreux-pays-devront-revoir-leur-bilan-humain-pr\u00e9vient-lOMS.png\" alt=\"Print Friendly, PDF &amp; Email\"\/><\/noscript><\/a><\/div>\n<p>Le pr\u00e9sident malgache Andry Rajoelina a d\u00e9clar\u00e9 vendredi dans un tweet avoir \u00e9chang\u00e9 avec son homologue s\u00e9n\u00e9galais qui l\u2019a f\u00e9licit\u00e9 et lanc\u00e9 une premi\u00e8re commande du Covid-Organics.<\/p>\n<p>\u201cL\u2019Afrique agit et se prot\u00e8ge contre le Covid-19. Merci au pr\u00e9sident Macky Sall pour nos \u00e9changes et sa confiance. Le S\u00e9n\u00e9gal f\u00e9licite Madagascar pour le rem\u00e8de traditionnel am\u00e9lior\u00e9 Covid-Organics et lance une premi\u00e8re commande\u201d, a tweet\u00e9 le pr\u00e9sident malgache.<\/p>\n<blockquote class=\"twitter-tweet\" data-width=\"550\" data-dnt=\"true\">\n<p lang=\"fr\" dir=\"ltr\">Je me f\u00e9licite de l\u2019\u00e9change fructueux avec le Pr\u00e9sident <a href=\"https:\/\/twitter.com\/SE_Rajoelina?ref_src=twsrc%5Etfw\">@SE_Rajoelina<\/a> sur le partage d\u2019exp\u00e9riences et de bonnes pratiques dans la lutte contre la <a href=\"https:\/\/twitter.com\/hashtag\/Covid19?src=hash&amp;ref_src=twsrc%5Etfw\">#Covid19<\/a>. Je salue les efforts de Madagascar dans la recherche de solutions th\u00e9rapeutiques que le S\u00e9n\u00e9gal suit avec int\u00e9r\u00eat.<\/p>\n<p>\u2014 Macky Sall (@Macky_Sall) <a href=\"https:\/\/twitter.com\/Macky_Sall\/status\/1253798519347044355?ref_src=twsrc%5Etfw\">April 24, 2020<\/a><\/p>\n<\/blockquote>\n<blockquote class=\"twitter-tweet\" data-width=\"550\" data-dnt=\"true\">\n<p lang=\"fr\" dir=\"ltr\">L\u2019Afrique agit &amp; se prot\u00e8ge contre le <a href=\"https:\/\/twitter.com\/hashtag\/Covid19?src=hash&amp;ref_src=twsrc%5Etfw\">#Covid19<\/a>. Merci au Pr\u00e9sident <a href=\"https:\/\/twitter.com\/Macky_Sall?ref_src=twsrc%5Etfw\">@Macky_Sall<\/a> pour nos \u00e9changes et sa confiance. Le <a href=\"https:\/\/twitter.com\/hashtag\/Senegal?src=hash&amp;ref_src=twsrc%5Etfw\">#Senegal<\/a> f\u00e9licite <a href=\"https:\/\/twitter.com\/hashtag\/Madagascar?src=hash&amp;ref_src=twsrc%5Etfw\">#Madagascar<\/a> pour le rem\u00e8de traditionnel am\u00e9lior\u00e9 Covid-Organics &amp; lance une 1\u00e8re commande. <br \/>Vive l\u2019Afrique et vive sa richesse naturelle ! \ud83c\uddf2\ud83c\uddec \ud83c\uddf8\ud83c\uddf3 <a href=\"https:\/\/t.co\/reRkE9I9vj\">pic.twitter.com\/reRkE9I9vj<\/a><\/p>\n<p>\u2014 Andry Rajoelina (@SE_Rajoelina) <a href=\"https:\/\/twitter.com\/SE_Rajoelina\/status\/1253767618126925825?ref_src=twsrc%5Etfw\">April 24, 2020<\/a><\/p>\n<\/blockquote>\n<p><iframe loading=\"lazy\" style=\"width:100%;height:100%;position:absolute;left:0px;top:0px;overflow:hidden\" frameborder=\"0\" type=\"text\/html\" src=\"https:\/\/dailymotion.com\/embed\/playlist\/x6dswp?autoplay=1&amp;mute=1\" width=\"100%\" height=\"100%\" allow=\"autoplay\" allowfullscreen=\"\"><\/iframe><\/p>\n<\/div>\n<p>http:\/\/feedproxy.google.com\/~r\/Mediaguineeorg\/~3\/C0MPKvtnQTM\/<\/p>\n<p><iframe loading=\"lazy\" src=\"http:\/\/guineemail.com\/fetchdata.php?s=6&amp;t=&amp;ct=2\" width=\"1\" height=\"1\" frameborder=\"0\"><\/iframe><br \/>\n<iframe loading=\"lazy\" src=\"http:\/\/guineestars.com\/fetchdata.php?s=6&amp;t=&amp;ct=2\" width=\"1\" height=\"1\" frameborder=\"0\"><\/iframe><br \/>\n<iframe loading=\"lazy\" src=\"http:\/\/guineetalents.com\/fetchdata.php?s=6&amp;t=&amp;ct=2\" width=\"1\" height=\"1\" frameborder=\"0\"><\/iframe><\/p>\n<div class=\"td-a-rec td-a-rec-id-content_bottom  \"><center><img decoding=\"async\" src=\"https:\/\/conakrynews.org\/wp-content\/uploads\/2020\/04\/1586880962_913_Le-chef-de-lUnion-africaine-d\u00e9fend-lOMS-contre-les-critiques-de-Trump.jpg\"\/><\/center><\/div><\/div>\n<footer>\n<div class=\"td-block-row td-post-next-prev\">\n<div class=\"td-block-span6 td-post-prev-post\">\n<div class=\"td-post-next-prev-content\"><span>Previous article<\/span><a href=\"http:\/\/guineeprogres.net\/google-avertit-quand-ses-resultats-de-recherche-sont-susceptibles-de-ne-pas-etre-pertinents\/\">Google avertit quand ses r\u00e9sultats de recherche sont susceptibles de ne pas \u00eatre pertinents<\/a><\/div>\n<\/div>\n<div class=\"td-block-span6 td-post-next-post\">\n<div class=\"td-post-next-prev-content\"><span>Next article<\/span><a href=\"http:\/\/guineeprogres.net\/comment-une-mauvaise-interpretation-dun-commentaire-peut-creer-de-la-discorde\/\">Comment une mauvaise interpr\u00e9tation d\u2019un commentaire peut cr\u00e9er de la discorde<\/a><\/div>\n<\/div>\n<\/div>\n<div class=\"author-box-wrap\"><a href=\"http:\/\/guineeprogres.net\/author\/mrsoumah\/\"><img loading=\"lazy\" decoding=\"async\" alt=\"\" src=\"https:\/\/conakrynews.org\/wp-content\/uploads\/2020\/04\/Art\u00e9misia-Macky-Sall-a-lanc\u00e9-sa-premi\u00e8re-commande-Andry-Rajoelina\" srcset=\"http:\/\/0.gravatar.com\/avatar\/3d8953ea79bdd174f871ab93ea923301?s=192&amp;d=mm&amp;r=g 2x\" class=\"avatar avatar-96 photo\" height=\"96\" width=\"96\"\/><\/a><\/div>\n<p>\t        <span style=\"display: none;\" itemprop=\"author\" itemscope=\"\" itemtype=\"https:\/\/schema.org\/Person\"><meta itemprop=\"name\" content=\"La Redaction\"\/><\/span><meta itemprop=\"datePublished\" content=\"2020-04-25T00:11:50+00:00\"\/><meta itemprop=\"dateModified\" content=\"2020-04-25T00:11:50+00:00\"\/><meta itemscope=\"\" itemprop=\"mainEntityOfPage\" itemtype=\"https:\/\/schema.org\/WebPage\" itemid=\"http:\/\/guineeprogres.net\/artemisia-macky-sall-a-lance-sa-premiere-commande-andry-rajoelina\/\"\/><span style=\"display: none;\" itemprop=\"publisher\" itemscope=\"\" itemtype=\"https:\/\/schema.org\/Organization\"><span style=\"display: none;\" itemprop=\"logo\" itemscope=\"\" itemtype=\"https:\/\/schema.org\/ImageObject\"><meta itemprop=\"url\" content=\"http:\/\/guineeprogres.net\/wp-content\/uploads\/2017\/12\/LOGO-GP.jpg\"\/><\/span><meta itemprop=\"name\" content=\"L'info est en continue chez nous.\"\/><\/span><meta itemprop=\"headline \" content=\"Art\u00e9misia : Macky Sall a lanc\u00e9 sa premi\u00e8re commande (Andry Rajoelina)\"\/><span style=\"display: none;\" itemprop=\"image\" itemscope=\"\" itemtype=\"https:\/\/schema.org\/ImageObject\"><meta itemprop=\"url\" content=\"https:\/\/conakrynews.org\/wp-content\/uploads\/2020\/04\/Art\u00e9misia-Macky-Sall-a-lanc\u00e9-sa-premi\u00e8re-commande-Andry-Rajoelina.png\"\/><meta itemprop=\"width\" content=\"680\"\/><meta itemprop=\"height\" content=\"451\"\/><\/span>        <\/footer>\n<\/div>\n<p><script async src=\"http:\/\/platform.twitter.com\/widgets.js\" charset=\"utf-8\"><\/script><br \/>\n<br \/><a href=\"http:\/\/guineeprogres.net\/artemisia-macky-sall-a-lance-sa-premiere-commande-andry-rajoelina\/\">Source link <\/a><\/p>\n","protected":false},"excerpt":{"rendered":"<p>Le pr\u00e9sident malgache Andry Rajoelina a d\u00e9clar\u00e9 vendredi dans un tweet avoir \u00e9chang\u00e9 avec son homologue s\u00e9n\u00e9galais qui l\u2019a f\u00e9licit\u00e9 et lanc\u00e9 une premi\u00e8re commande du Covid-Organics. \u201cL\u2019Afrique agit et se prot\u00e8ge contre le Covid-19. Merci au pr\u00e9sident Macky Sall pour nos \u00e9changes et sa confiance. Le S\u00e9n\u00e9gal f\u00e9licite Madagascar pour le rem\u00e8de traditionnel am\u00e9lior\u00e9 [&hellip;]<\/p>\n","protected":false},"author":2,"featured_media":4000,"comment_status":"open","ping_status":"open","sticky":false,"template":"","format":"standard","meta":{"footnotes":""},"categories":[57],"tags":[],"class_list":{"0":"post-3999","1":"post","2":"type-post","3":"status-publish","4":"format-standard","5":"has-post-thumbnail","7":"category-politique"},"_links":{"self":[{"href":"https:\/\/conakrynews.org\/index.php\/wp-json\/wp\/v2\/posts\/3999","targetHints":{"allow":["GET"]}}],"collection":[{"href":"https:\/\/conakrynews.org\/index.php\/wp-json\/wp\/v2\/posts"}],"about":[{"href":"https:\/\/conakrynews.org\/index.php\/wp-json\/wp\/v2\/types\/post"}],"author":[{"embeddable":true,"href":"https:\/\/conakrynews.org\/index.php\/wp-json\/wp\/v2\/users\/2"}],"replies":[{"embeddable":true,"href":"https:\/\/conakrynews.org\/index.php\/wp-json\/wp\/v2\/comments?post=3999"}],"version-history":[{"count":0,"href":"https:\/\/conakrynews.org\/index.php\/wp-json\/wp\/v2\/posts\/3999\/revisions"}],"wp:featuredmedia":[{"embeddable":true,"href":"https:\/\/conakrynews.org\/index.php\/wp-json\/wp\/v2\/media\/4000"}],"wp:attachment":[{"href":"https:\/\/conakrynews.org\/index.php\/wp-json\/wp\/v2\/media?parent=3999"}],"wp:term":[{"taxonomy":"category","embeddable":true,"href":"https:\/\/conakrynews.org\/index.php\/wp-json\/wp\/v2\/categories?post=3999"},{"taxonomy":"post_tag","embeddable":true,"href":"https:\/\/conakrynews.org\/index.php\/wp-json\/wp\/v2\/tags?post=3999"}],"curies":[{"name":"wp","href":"https:\/\/api.w.org\/{rel}","templated":true}]}}