{"id":4005,"date":"2020-04-25T19:38:51","date_gmt":"2020-04-25T17:38:51","guid":{"rendered":"https:\/\/conakrynews.org\/?p=4005"},"modified":"2020-04-25T23:07:17","modified_gmt":"2020-04-25T21:07:17","slug":"lutte-contre-covid-19-ressortissant-guineen-offre-masques-aux-hommes-de-medias","status":"publish","type":"post","link":"https:\/\/conakrynews.org\/index.php\/lutte-contre-covid-19-ressortissant-guineen-offre-masques-aux-hommes-de-medias\/","title":{"rendered":"Lutte contre le COVID-19 : Un ressortissant Guin\u00e9en   offre  des masques aux  hommes de m\u00e9dias"},"content":{"rendered":"<ul>\n<li><strong>Pour\u00a0 lutter \u00a0\u00a0contre la propagation \u00a0de \u00a0la pand\u00e9mie de Covid-19\u00a0 en \u00a0R\u00e9publique de Guin\u00e9e,Sekou Diaby, ressortissant\u00a0 Guin\u00e9en \u00e0 Laval (France) \u00e0 travers sa marque \u2018\u2019Best and Luxe\u2019\u2019 \u00a0en collaboration avec \u00a0\u2018\u2019Babailo \u2018\u2019cr\u00e9ation \u00a0a offert\u00a0 un lot de 40 masques de protection \u00e0 la r\u00e9daction du journal le \u2018\u2019populaire\u2019\u2019, \u00e0 l\u2019AGEPI(Association Guin\u00e9enne des Editeurs de la Presse Ind\u00e9pendante) et l\u2019AJPRG (Association des journalistes \u00a0photos reporter de Guin\u00e9e ).Cette remise de don s\u2019est d\u00e9roul\u00e9e \u00a0ce vendredi, 24 Avril 2020, au si\u00e8ge de l\u2019hebdomadaire \u00a0le \u2018\u2019populaire\u2019\u2019 ,en pr\u00e9sence du pr\u00e9sident de l\u2019AGEPI et PDG de l\u2019hebdomadaire le \u00a0\u2018\u2019populaire\u2019\u2019 \u00a0,M. Alpha Abdoulaye Diallo,Samba Marco, journaliste \u00a0culturel et repr\u00e9sentant du donateur en r\u00e9publique de Guin\u00e9e, Thierno Ibrahima Bald\u00e9, pr\u00e9sident de l\u2019Association des journalistes \u00a0photos reporter de Guin\u00e9e(AJPRG) et \u00a0Andr\u00e9 Morel Gaston, vice-pr\u00e9sident de l\u2019AGEPI.<\/strong><\/li>\n<\/ul>\n<p>&nbsp;<\/p>\n<p>Prenant \u00a0la parole, Andr\u00e9 Morel Gaston, vice-pr\u00e9sident de l\u2019AGEPI, \u00a0a \u00a0d\u2019abord remerci\u00e9 le donateur pour ce don \u00a0\u00a0qu\u2019il qualifie \u00a0inoubliable. \u00ab\u00a0\u00c7a me va droit au c\u0153ur. Il faut comprendre que nous sommes dans une p\u00e9riode tr\u00e8s \u00a0critique .Il faut donc comprendre que celui qui pense \u00e0 ta sant\u00e9, qui pense \u00e0 ta personne\u00a0 pendant\u00a0 une pand\u00e9mie, je \u00a0crois que c\u2019est quelqu&rsquo;un \u00a0qui doit \u00a0\u00eatre cher. Nous remercions les partenaires de Samba Marco vivant \u00e0 l\u2019\u00e9tranger, qui ont pens\u00e9 \u00e0 la r\u00e9daction du journal \u2018\u2019le populaire\u2019\u2019, aux photographes \u00e0 travers l\u2019AJPRG (Association des journalistes \u00a0photos reporter de Guin\u00e9e ) et l\u2019AGEPI (Association Guin\u00e9enne des Editeurs de la Presse Ind\u00e9pendante). <img loading=\"lazy\" decoding=\"async\" class=\"alignright size-medium wp-image-4006\" src=\"https:\/\/conakrynews.org\/wp-content\/uploads\/2020\/04\/bavettes-500x375.jpg\" alt=\"\" width=\"500\" height=\"375\" srcset=\"https:\/\/conakrynews.org\/wp-content\/uploads\/2020\/04\/bavettes-500x375.jpg 500w, https:\/\/conakrynews.org\/wp-content\/uploads\/2020\/04\/bavettes.jpg 552w\" sizes=\"auto, (max-width: 500px) 100vw, 500px\" \/><img loading=\"lazy\" decoding=\"async\" class=\"alignright size-medium wp-image-4007\" src=\"https:\/\/conakrynews.org\/wp-content\/uploads\/2020\/04\/photo-donateur-3-281x375.jpg\" alt=\"\" width=\"281\" height=\"375\" srcset=\"https:\/\/conakrynews.org\/wp-content\/uploads\/2020\/04\/photo-donateur-3-281x375.jpg 281w, https:\/\/conakrynews.org\/wp-content\/uploads\/2020\/04\/photo-donateur-3.jpg 540w\" sizes=\"auto, (max-width: 281px) 100vw, 281px\" \/><img loading=\"lazy\" decoding=\"async\" class=\"alignright size-medium wp-image-4008\" src=\"https:\/\/conakrynews.org\/wp-content\/uploads\/2020\/04\/don-agepi-500x375.jpg\" alt=\"\" width=\"500\" height=\"375\" srcset=\"https:\/\/conakrynews.org\/wp-content\/uploads\/2020\/04\/don-agepi-500x375.jpg 500w, https:\/\/conakrynews.org\/wp-content\/uploads\/2020\/04\/don-agepi-768x576.jpg 768w, https:\/\/conakrynews.org\/wp-content\/uploads\/2020\/04\/don-agepi.jpg 960w\" sizes=\"auto, (max-width: 500px) 100vw, 500px\" \/>Aujourd\u2019hui donc, c\u2019est une fiert\u00e9 \u00a0pour moi de participer \u00e0 cette c\u00e9r\u00e9monie de remise de dons et nous \u00a0disons \u00a0aux autres d\u2019emboiter le pas \u00e0 ces partenaires Guin\u00e9ens de \u00a0\u00a0\u00e9tranger \u00a0\u00a0\u00a0qui pensent \u00e0 la sant\u00e9 des \u00a0\u00a0populations \u00a0Guin\u00e9ennes\u00a0\u00bb, a\u00a0 fait savoir \u00a0le vice-pr\u00e9sident de l\u2019AGEPI.<\/p>\n<p>&nbsp;<\/p>\n<p>Thierno Ibrahima Bald\u00e9, pr\u00e9sident de l\u2019Association des journalistes \u00a0photos reporter de Guin\u00e9e(AJPRG), a d\u00e9clar\u00e9 que\u00a0 c\u2019est une fiert\u00e9 pour\u00a0 son association \u00a0de recevoir un don \u00e0 temps nomm\u00e9. Parce que \u00a0\u00a0l\u00e0 on a vraiment \u00a0besoin de \u00e7a \u00a0aujourd\u2019hui pour se prot\u00e9ger contre la pand\u00e9mie de Coronavirus qui continue \u00e0 faire des victimes tous les \u00a0jours que Dieu fait. Surtout nous les journalistes qui sont les hommes publics, nous avons vraiment besoin de ces masques de protection\u00a0\u00bb, a pr\u00e9cis\u00e9 le pr\u00e9sident de l\u2019AJPRG.<\/p>\n<p>Avant de remercier\u00a0 \u00a0les donateurs d\u2019avoir penser \u00a0\u00e0 sa structure\u00a0 pendant \u00a0cette p\u00e9riode de crise sanitaire.<\/p>\n<p>Pour sa part, le repr\u00e9sentant du donateur en R\u00e9publique de Guin\u00e9e, Bah Mamadou Samba, commun\u00e9ment appel\u00e9 Samba Marco, journaliste Culturel, \u00a0a\u00a0 expliqu\u00e9 les raisons de ce don de masques\u00a0 de protection. \u00ab\u00a0Comme vous le savez, aujourd\u2019hui, \u00a0l\u2019humanit\u00e9 est secou\u00e9e \u00a0par la pand\u00e9mie de Covid-19, qui fait de jour au lendemain des \u00a0victimes \u00e0 travers le monde. \u00a0\u00a0Notre pays la Guin\u00e9e et l\u2019Afrique toute enti\u00e8re \u00a0n\u2019est pas en reste de cette maladie. C\u2019est \u00a0par rapport \u00e0 \u00e7a, notre ami S\u00e9kou Diaby\u00a0 dit \u2018\u2019Junior\u2019\u2019, ressortissant \u00a0Guin\u00e9en \u00a0r\u00e9sident\u00a0 \u00e0 Laval(France), tr\u00e8s inqui\u00e9t\u00e9 par la situation de la \u00a0Guin\u00e9e \u00e0 \u00a0cette \u00a0p\u00e9riode de crise \u00a0sanitaire \u00e0 bien voulu contribuer \u00e0 sa mani\u00e8re\u00a0 pour lutter \u00a0contre le Covid-19. Et comme c\u2019est un styliste et il \u00e9volue encore dans \u00a0\u00a0la mode, il a d\u00e9cid\u00e9 d\u2019offrir des masques de \u00a0la marque \u00a0\u2018\u2019Best \u00a0and Luxe\u2019\u2019 \u00a0dans un premier temps\u00a0 aux \u00a0\u00a0hommes de m\u00e9dias\u00a0 qui sont\u00a0 expos\u00e9s \u00a0\u00e0 des risques\u00a0 de contamination\u00a0 \u00e0 cause de l\u2019exercice du m\u00e9tier de journaliste et dans un second\u00a0 temps \u00e0 des personnes \u00a0vuln\u00e9rables\u00a0\u00bb, a expliqu\u00e9 le repr\u00e9sentant du donateur en guin\u00e9e .<\/p>\n<p>Rench\u00e9rissant, il a dit\u00a0:\u00a0\u00ab\u00a0Pour le moment, nous avons confectionn\u00e9s 1000 \u00a0masques \u00a0et la distribution a commenc\u00e9. L\u2019AGEPI, \u00e9tant une&rsquo;grande Association de Presse, nous sommes dit de penser \u00a0\u00a0aux \u00e9diteurs de cette\u00a0 association\u00a0 en leur offrant des masques de \u00a0protection\u00a0\u00bb<\/p>\n<p>Sylla Ibrahima Kalil<\/p>\n<p>&nbsp;<\/p>\n","protected":false},"excerpt":{"rendered":"<p>Pour\u00a0 lutter \u00a0\u00a0contre la propagation \u00a0de \u00a0la pand\u00e9mie de Covid-19\u00a0 en \u00a0R\u00e9publique de Guin\u00e9e,Sekou Diaby, ressortissant\u00a0 Guin\u00e9en \u00e0 Laval (France) \u00e0 travers sa marque \u2018\u2019Best and Luxe\u2019\u2019 \u00a0en collaboration avec \u00a0\u2018\u2019Babailo \u2018\u2019cr\u00e9ation \u00a0a offert\u00a0 un lot de 40 masques de protection \u00e0 la r\u00e9daction du journal le \u2018\u2019populaire\u2019\u2019, \u00e0 l\u2019AGEPI(Association Guin\u00e9enne des Editeurs de la [&hellip;]<\/p>\n","protected":false},"author":2,"featured_media":4008,"comment_status":"open","ping_status":"open","sticky":false,"template":"","format":"standard","meta":{"footnotes":""},"categories":[57,59,58],"tags":[],"class_list":{"0":"post-4005","1":"post","2":"type-post","3":"status-publish","4":"format-standard","5":"has-post-thumbnail","7":"category-politique","8":"category-sante","9":"category-societe"},"_links":{"self":[{"href":"https:\/\/conakrynews.org\/index.php\/wp-json\/wp\/v2\/posts\/4005","targetHints":{"allow":["GET"]}}],"collection":[{"href":"https:\/\/conakrynews.org\/index.php\/wp-json\/wp\/v2\/posts"}],"about":[{"href":"https:\/\/conakrynews.org\/index.php\/wp-json\/wp\/v2\/types\/post"}],"author":[{"embeddable":true,"href":"https:\/\/conakrynews.org\/index.php\/wp-json\/wp\/v2\/users\/2"}],"replies":[{"embeddable":true,"href":"https:\/\/conakrynews.org\/index.php\/wp-json\/wp\/v2\/comments?post=4005"}],"version-history":[{"count":0,"href":"https:\/\/conakrynews.org\/index.php\/wp-json\/wp\/v2\/posts\/4005\/revisions"}],"wp:featuredmedia":[{"embeddable":true,"href":"https:\/\/conakrynews.org\/index.php\/wp-json\/wp\/v2\/media\/4008"}],"wp:attachment":[{"href":"https:\/\/conakrynews.org\/index.php\/wp-json\/wp\/v2\/media?parent=4005"}],"wp:term":[{"taxonomy":"category","embeddable":true,"href":"https:\/\/conakrynews.org\/index.php\/wp-json\/wp\/v2\/categories?post=4005"},{"taxonomy":"post_tag","embeddable":true,"href":"https:\/\/conakrynews.org\/index.php\/wp-json\/wp\/v2\/tags?post=4005"}],"curies":[{"name":"wp","href":"https:\/\/api.w.org\/{rel}","templated":true}]}}