{"id":4055,"date":"2020-04-30T02:41:52","date_gmt":"2020-04-30T00:41:52","guid":{"rendered":"https:\/\/conakrynews.org\/2020\/04\/30\/affaire-fonike-mengue-la-1ere-audience-tenue-ce-mercredi-a-la-cour-dappel-de-conakry\/"},"modified":"2020-05-11T01:40:05","modified_gmt":"2020-05-10T23:40:05","slug":"affaire-fonike-mengue-la-1ere-audience-tenue-ce-mercredi-a-la-cour-dappel-de-conakry","status":"publish","type":"post","link":"https:\/\/conakrynews.org\/index.php\/affaire-fonike-mengue-la-1ere-audience-tenue-ce-mercredi-a-la-cour-dappel-de-conakry\/","title":{"rendered":"Affaire Fonik\u00e9 Mengu\u00e8 : la 1\u00e8re audience tenue ce mercredi \u00e0 la Cour d&rsquo;appel de Conakry"},"content":{"rendered":"<p>&nbsp;<\/p>\n<div>\n<div>\n<p><strong><em>La premi\u00e8re audience dans l\u2019affaire Oumar Sylla \u2018\u2019Fonik\u00e9 Mengu\u00e8\u2019\u2019 s\u2019est tenue ce mercredi 29 avril 2020 \u00e0 la Cour d\u2019appel de Conakry. Le pr\u00e9venu est l\u2019un des leaders du Front National pour la D\u00e9fense de la Constitution d\u00e9tenu \u00e0 la maison centrale de Conakry depuis vendredi dernier, a-t-on appris de l\u2019un de ses avocats.<\/em><\/strong><\/p>\n<p>Selon, Me Salifou B\u00e9avogui, que mediaguinee a joint au t\u00e9l\u00e9phone, l\u2019audience qui s\u2019est tenue le matin \u00e0 la Cour d\u2019appel de Conakry fait suite \u00e0 un appel r\u00e9v\u00e9l\u00e9 lundi dernier par le pool d\u2019avocats de <em>\u2018\u2019Fonik\u00e9 Mengu\u00e8\u2019\u2019<\/em> inculp\u00e9 pour communication et diffusion de fausses informations.<\/p>\n<p><strong><em>\u00ab\u00a0Le 24 avril dernier notre client a \u00e9t\u00e9 inculp\u00e9 par le doyen des juges d\u2019instruction de Dixinn et plac\u00e9 en d\u00e9tention provisoire. Nous avons imm\u00e9diatement relev\u00e9 appel. Parce que nous contestons les motifs de sa mise en d\u00e9tention provisoire<\/em><\/strong><strong>.\u00a0<em>\u00bb<\/em> <\/strong><\/p>\n<p>Nous avons demand\u00e9 par application de l\u2019article 294 du code de proc\u00e9dure p\u00e9nale que notre appel soit examin\u00e9 par le pr\u00e9sident de la 2<sup>e<\/sup> chambre du contr\u00f4le de l\u2019instruction, a-t-il rappel\u00e9 <em>:\u00a0<strong>\u00ab\u00a0Ce qui a \u00e9t\u00e9 fait aujourd\u2019hui, l\u2019audience a eu lieu. Un d\u00e9bat a \u00e9t\u00e9 organis\u00e9, nous avons expos\u00e9 nos motifs qui \u00e9taient vraiment pertinents. Malheureusement, le pr\u00e9sident de la Cour a renvoy\u00e9 le dossier devant la formation coll\u00e9giale. Donc une autre audience pour les m\u00eames demandes sera organis\u00e9e la semaine prochaine.\u00a0\u00bb<\/strong><\/em><\/p>\n<p>Plus loin de pr\u00e9ciser : <strong>\u00ab\u00a0<em>Notre demande n\u2019a pas \u00e9t\u00e9 rejet\u00e9e. Mais elle a juste \u00e9t\u00e9 renvoy\u00e9e devant la formation coll\u00e9giale. La loi permet au pr\u00e9sident de renvoyer la question devant la Cour. Parce qu\u2019aujourd\u2019hui, il a si\u00e9g\u00e9 seul. Donc la semaine prochaine, nous allons bailler dure cette fois- ci devant la Cour pour exiger l\u00e9galement sa remise en libert\u00e9<\/em>.\u00a0\u00bb<\/strong><\/p>\n<p><strong>Elisa Camara<\/strong><\/p>\n<p>+224654957322<\/p>\n<\/div>\n<p>Mediaguineeorg\/<\/p>\n<\/div>\n","protected":false},"excerpt":{"rendered":"<p>&nbsp; La premi\u00e8re audience dans l\u2019affaire Oumar Sylla \u2018\u2019Fonik\u00e9 Mengu\u00e8\u2019\u2019 s\u2019est tenue ce mercredi 29 avril 2020 \u00e0 la Cour d\u2019appel de Conakry. Le pr\u00e9venu est l\u2019un des leaders du Front National pour la D\u00e9fense de la Constitution d\u00e9tenu \u00e0 la maison centrale de Conakry depuis vendredi dernier, a-t-on appris de l\u2019un de ses avocats. [&hellip;]<\/p>\n","protected":false},"author":2,"featured_media":4056,"comment_status":"open","ping_status":"open","sticky":false,"template":"","format":"standard","meta":{"footnotes":""},"categories":[57],"tags":[],"class_list":{"0":"post-4055","1":"post","2":"type-post","3":"status-publish","4":"format-standard","5":"has-post-thumbnail","7":"category-politique"},"_links":{"self":[{"href":"https:\/\/conakrynews.org\/index.php\/wp-json\/wp\/v2\/posts\/4055","targetHints":{"allow":["GET"]}}],"collection":[{"href":"https:\/\/conakrynews.org\/index.php\/wp-json\/wp\/v2\/posts"}],"about":[{"href":"https:\/\/conakrynews.org\/index.php\/wp-json\/wp\/v2\/types\/post"}],"author":[{"embeddable":true,"href":"https:\/\/conakrynews.org\/index.php\/wp-json\/wp\/v2\/users\/2"}],"replies":[{"embeddable":true,"href":"https:\/\/conakrynews.org\/index.php\/wp-json\/wp\/v2\/comments?post=4055"}],"version-history":[{"count":0,"href":"https:\/\/conakrynews.org\/index.php\/wp-json\/wp\/v2\/posts\/4055\/revisions"}],"wp:featuredmedia":[{"embeddable":true,"href":"https:\/\/conakrynews.org\/index.php\/wp-json\/wp\/v2\/media\/4056"}],"wp:attachment":[{"href":"https:\/\/conakrynews.org\/index.php\/wp-json\/wp\/v2\/media?parent=4055"}],"wp:term":[{"taxonomy":"category","embeddable":true,"href":"https:\/\/conakrynews.org\/index.php\/wp-json\/wp\/v2\/categories?post=4055"},{"taxonomy":"post_tag","embeddable":true,"href":"https:\/\/conakrynews.org\/index.php\/wp-json\/wp\/v2\/tags?post=4055"}],"curies":[{"name":"wp","href":"https:\/\/api.w.org\/{rel}","templated":true}]}}