{"id":4082,"date":"2020-05-02T19:45:38","date_gmt":"2020-05-02T17:45:38","guid":{"rendered":"https:\/\/conakrynews.org\/2020\/05\/02\/kylie-jenner-effrayee-detre-contaminee-par-le-coronavirus\/"},"modified":"2020-05-03T02:03:20","modified_gmt":"2020-05-03T00:03:20","slug":"kylie-jenner-effrayee-detre-contaminee-par-le-coronavirus","status":"publish","type":"post","link":"https:\/\/conakrynews.org\/index.php\/kylie-jenner-effrayee-detre-contaminee-par-le-coronavirus\/","title":{"rendered":"Kylie Jenner effray\u00e9e d&rsquo;\u00eatre contamin\u00e9e par le coronavirus !"},"content":{"rendered":"<p><\/p>\n<div id=\"the-post\"><!-- .entry-header-outer \/--><!-- .post-footer-on-top \/--><\/p>\n<div class=\"featured-area\">\n<div class=\"featured-area-inner\">\n<figure class=\"single-featured-image\"><\/figure>\n<\/div>\n<\/div>\n<div class=\"entry-content entry clearfix\" wp_automatic_readability=\"52.203797468354\">\n<p><strong>Alors que le Covid-19 continue de faire des ravages, Kylie Jenner la s\u0153ur de Kendall Jenner a confi\u00e9 \u00e0 sa famille qu\u2019elle \u00e9tait effray\u00e9e \u00e0 l\u2019id\u00e9e d\u2019\u00eatre contamin\u00e9e par la pand\u00e9mie<\/strong>.<\/p>\n<p>Il faut dire que l\u2019expansion du coronavirus suscite de plus en plus des frayeurs. Au fur et \u00e0 mesure qu\u2019il progresse, les foyers prennent des pr\u00e9cautions pour limiter les risques de l\u2019attraper. La c\u00e9l\u00e8bre Kylie Jenner n\u2019est pas en reste. Dans sa villa californienne, la jolie brune occupe ses journ\u00e9es comme elle peut. Mais toujours avec beaucoup d\u2019inqui\u00e9tude.<\/p>\n<p>La jeune brune essaie de s\u2019occuper \u00e0 travers le jardinage et elle semble plut\u00f4t s\u2019y plaire. Contrainte par le confinement, Kylie Jenner g\u00e8re seule l\u2019entretien de son immense villa.<\/p>\n<figure class=\"wp-block-embed-instagram wp-block-embed is-type-rich is-provider-instagram\"\/>\n<p>Apr\u00e8s avoir appris que l\u2019un de ses amis proches ait \u00e9t\u00e9 contamin\u00e9 du covid-19, la s\u0153ur de Kendall a appel\u00e9 ses parents pour s\u2019enqu\u00e9rir de leurs nouvelles, la maman de Stormi a ainsi d\u00e9clar\u00e9 :\u00a0<em>\u00ab c\u2019est tr\u00e8s effrayant quand quelqu\u2019un proche de toi est test\u00e9 positif !\u00bb<\/em><\/p>\n<p>La s\u0153ur de Kendall Jenner n\u2019a pas donn\u00e9 plus de d\u00e9tails. Elle n\u2019a donc pas donn\u00e9 non plus le nom de son ami proche ayant contract\u00e9 le coronavirus.<\/p>\n<p>Attrist\u00e9e de ne pas avoir ses filles chez elle, Kris Jenner a donc fondu en larmes.<\/p>\n<p>Cr\u00e9dit photo: onvoitout<\/p>\n<p><a href=\"https:\/\/onvoitout.com\/kylie-jenner-la-soeur-de-kendall-effrayee-dattraper-le-coronavirus\/\">https:\/\/onvoitout.com\/kylie-jenner-la-soeur-de-kendall-effrayee-dattraper-le-coronavirus\/<\/a><\/p>\n<p> <input type=\"hidden\" id=\"letreach_post_category\" value=\"People\"\/><\/div>\n<p><!-- .entry-content \/-->  <!-- .post-footer-on-top \/--><\/div>\n<p><script>(function(d, s, id) {\n  var js, fjs = d.getElementsByTagName(s)[0];\n  if (d.getElementById(id)) return;\n  js = d.createElement(s); js.id = id;\n  js.src = \"http:\/\/connect.facebook.net\/fr_FR\/sdk.js#xfbml=1&appId=257222724623720&version=v2.3\";\n  fjs.parentNode.insertBefore(js, fjs);\n}(document, 'script', 'facebook-jssdk'));<\/script><br \/>\n<br \/><a href=\"https:\/\/www.afrikmag.com\/kylie-jenner-la-soeur-de-kendall-effrayee-detre-contaminee-par-le-coronavirus\/\">Source link <\/a><\/p>\n","protected":false},"excerpt":{"rendered":"<p>Alors que le Covid-19 continue de faire des ravages, Kylie Jenner la s\u0153ur de Kendall Jenner a confi\u00e9 \u00e0 sa famille qu\u2019elle \u00e9tait effray\u00e9e \u00e0 l\u2019id\u00e9e d\u2019\u00eatre contamin\u00e9e par la pand\u00e9mie. Il faut dire que l\u2019expansion du coronavirus suscite de plus en plus des frayeurs. Au fur et \u00e0 mesure qu\u2019il progresse, les foyers prennent [&hellip;]<\/p>\n","protected":false},"author":2,"featured_media":4083,"comment_status":"open","ping_status":"open","sticky":false,"template":"","format":"standard","meta":{"footnotes":""},"categories":[57],"tags":[],"class_list":{"0":"post-4082","1":"post","2":"type-post","3":"status-publish","4":"format-standard","5":"has-post-thumbnail","7":"category-politique"},"_links":{"self":[{"href":"https:\/\/conakrynews.org\/index.php\/wp-json\/wp\/v2\/posts\/4082","targetHints":{"allow":["GET"]}}],"collection":[{"href":"https:\/\/conakrynews.org\/index.php\/wp-json\/wp\/v2\/posts"}],"about":[{"href":"https:\/\/conakrynews.org\/index.php\/wp-json\/wp\/v2\/types\/post"}],"author":[{"embeddable":true,"href":"https:\/\/conakrynews.org\/index.php\/wp-json\/wp\/v2\/users\/2"}],"replies":[{"embeddable":true,"href":"https:\/\/conakrynews.org\/index.php\/wp-json\/wp\/v2\/comments?post=4082"}],"version-history":[{"count":0,"href":"https:\/\/conakrynews.org\/index.php\/wp-json\/wp\/v2\/posts\/4082\/revisions"}],"wp:featuredmedia":[{"embeddable":true,"href":"https:\/\/conakrynews.org\/index.php\/wp-json\/wp\/v2\/media\/4083"}],"wp:attachment":[{"href":"https:\/\/conakrynews.org\/index.php\/wp-json\/wp\/v2\/media?parent=4082"}],"wp:term":[{"taxonomy":"category","embeddable":true,"href":"https:\/\/conakrynews.org\/index.php\/wp-json\/wp\/v2\/categories?post=4082"},{"taxonomy":"post_tag","embeddable":true,"href":"https:\/\/conakrynews.org\/index.php\/wp-json\/wp\/v2\/tags?post=4082"}],"curies":[{"name":"wp","href":"https:\/\/api.w.org\/{rel}","templated":true}]}}