{"id":4085,"date":"2020-05-03T10:55:21","date_gmt":"2020-05-03T08:55:21","guid":{"rendered":"https:\/\/conakrynews.org\/2020\/05\/03\/remede-malgache-embalo-va-tester-le-breuvage-par-le-premier-ministre-malade-de-covid-19\/"},"modified":"2020-05-03T14:24:11","modified_gmt":"2020-05-03T12:24:11","slug":"remede-malgache-embalo-va-tester-le-breuvage-par-le-premier-ministre-malade-de-covid-19","status":"publish","type":"post","link":"https:\/\/conakrynews.org\/index.php\/remede-malgache-embalo-va-tester-le-breuvage-par-le-premier-ministre-malade-de-covid-19\/","title":{"rendered":"Rem\u00e8de malgache\u00a0: Embalo va tester le breuvage par le Premier ministre, malade de Covid-19"},"content":{"rendered":"<p><\/p>\n<div id=\"post-9761\">\n<div class=\"td-post-content\">\n<div class=\"td-post-featured-image\"><a href=\"http:\/\/guineeprogres.net\/wp-content\/uploads\/2020\/05\/embalo1-1.jpg\" data-caption=\"\"><\/a><\/div>\n<div class=\"td-a-rec td-a-rec-id-content_top  \"><center><img decoding=\"async\" src=\"https:\/\/conakrynews.org\/wp-content\/uploads\/2020\/04\/1586880962_913_Le-chef-de-lUnion-africaine-d\u00e9fend-lOMS-contre-les-critiques-de-Trump.jpg\"\/><\/center><\/div>\n<div>\n<div class=\"printfriendly pf-alignright\"><a href=\"#\" style=\"outline:none;\" rel=\"nofollow\" onclick=\"window.print(); return false;\" class=\"noslimstat\" title=\"Printer Friendly, PDF &amp; Email\"><img decoding=\"async\" style=\"border:none;-webkit-box-shadow:none; box-shadow:none;\" src=\"https:\/\/conakrynews.org\/wp-content\/uploads\/2020\/04\/Coronavirus-\u2013-\u00c0-linstar-de-la-Chine-de-nombreux-pays-devront-revoir-leur-bilan-humain-pr\u00e9vient-lOMS.png\" alt=\"Print Friendly, PDF &amp; Email\" data-lazy-src=\"https:\/\/conakrynews.org\/wp-content\/uploads\/2020\/04\/Ramadan-le-GOHA-accuse-le-gouvernement-d\u00eatre-\u00e0-la-base-de-laugmentation-du-prix-des-denr\u00e9es-alimentaires.png\" srcset=\"data:image\/gif;base64,R0lGODlhAQABAIAAAAAAAP\/\/\/yH5BAEAAAAALAAAAAABAAEAAAIBRAA7\" class=\" jetpack-lazy-image\"\/><noscript><img decoding=\"async\" style=\"border:none;-webkit-box-shadow:none; box-shadow:none;\" src=\"https:\/\/conakrynews.org\/wp-content\/uploads\/2020\/04\/Coronavirus-\u2013-\u00c0-linstar-de-la-Chine-de-nombreux-pays-devront-revoir-leur-bilan-humain-pr\u00e9vient-lOMS.png\" alt=\"Print Friendly, PDF &amp; Email\"\/><\/noscript><\/a><\/div>\n<p>Le pr\u00e9sident bissau-guin\u00e9en Umaru Sissoco Embalo a r\u00e9ceptionn\u00e9 hier \u00e0 l\u2019a\u00e9roport Osvaldo Vieira de Bissau les cartions de la potion promue par le pr\u00e9sident malgache Andry Rajoelina comme rem\u00e8de contre le Covid-19.<\/p>\n<p><img loading=\"lazy\" decoding=\"async\" class=\"alignnone wp-image-117840 size-full jetpack-lazy-image\" src=\"https:\/\/conakrynews.org\/wp-content\/uploads\/2020\/05\/1588508650_416_Rem\u00e8de-malgache-Embalo-va-tester-le-breuvage-par-le-Premier-ministre-malade-de-Covid-19.jpg\" alt=\"\" width=\"960\" height=\"467\" data-lazy-srcset=\"https:\/\/conakrynews.org\/wp-content\/uploads\/2020\/05\/1588508650_416_Rem\u00e8de-malgache-Embalo-va-tester-le-breuvage-par-le-Premier-ministre-malade-de-Covid-19.jpg 960w, https:\/\/mediaguinee.org\/wp-content\/uploads\/2020\/05\/bissau-1-300x146.jpg 300w, https:\/\/mediaguinee.org\/wp-content\/uploads\/2020\/05\/bissau-1-768x374.jpg 768w\" data-lazy-sizes=\"(max-width: 960px) 100vw, 960px\" data-lazy-src=\"https:\/\/conakrynews.org\/wp-content\/uploads\/2020\/05\/1588508650_695_Rem\u00e8de-malgache-Embalo-va-tester-le-breuvage-par-le-Premier-ministre-malade-de-Covid-19.jpg\" srcset=\"data:image\/gif;base64,R0lGODlhAQABAIAAAAAAAP\/\/\/yH5BAEAAAAALAAAAAABAAEAAAIBRAA7\"\/><\/p>\n<p><noscript><img loading=\"lazy\" decoding=\"async\" class=\"alignnone wp-image-117840 size-full\" src=\"https:\/\/conakrynews.org\/wp-content\/uploads\/2020\/05\/1588508650_416_Rem\u00e8de-malgache-Embalo-va-tester-le-breuvage-par-le-Premier-ministre-malade-de-Covid-19.jpg\" alt=\"\" width=\"960\" height=\"467\" srcset=\"https:\/\/conakrynews.org\/wp-content\/uploads\/2020\/05\/1588508650_416_Rem\u00e8de-malgache-Embalo-va-tester-le-breuvage-par-le-Premier-ministre-malade-de-Covid-19.jpg 960w, https:\/\/mediaguinee.org\/wp-content\/uploads\/2020\/05\/bissau-1-300x146.jpg 300w, https:\/\/mediaguinee.org\/wp-content\/uploads\/2020\/05\/bissau-1-768x374.jpg 768w\" sizes=\"auto, (max-width: 960px) 100vw, 960px\"\/><\/noscript><\/p>\n<p>Ce breuvage d\u00e9nomm\u00e9 Covid-Organics a \u00e9t\u00e9 vant\u00e9 par le pr\u00e9sident de Madagacar qui soutient que les patients trait\u00e9s au Covid-Organics avaient \u00e9t\u00e9 totalement gu\u00e9ris au bout de dix jours.<\/p>\n<p><img loading=\"lazy\" decoding=\"async\" class=\"alignnone wp-image-117842 size-full jetpack-lazy-image\" src=\"https:\/\/conakrynews.org\/wp-content\/uploads\/2020\/05\/1588508650_637_Rem\u00e8de-malgache-Embalo-va-tester-le-breuvage-par-le-Premier-ministre-malade-de-Covid-19.jpg\" alt=\"\" width=\"960\" height=\"640\" data-lazy-srcset=\"https:\/\/conakrynews.org\/wp-content\/uploads\/2020\/05\/1588508650_637_Rem\u00e8de-malgache-Embalo-va-tester-le-breuvage-par-le-Premier-ministre-malade-de-Covid-19.jpg 960w, https:\/\/mediaguinee.org\/wp-content\/uploads\/2020\/05\/bissau1-300x200.jpg 300w, https:\/\/mediaguinee.org\/wp-content\/uploads\/2020\/05\/bissau1-768x512.jpg 768w, https:\/\/mediaguinee.org\/wp-content\/uploads\/2020\/05\/bissau1-435x290.jpg 435w, https:\/\/mediaguinee.org\/wp-content\/uploads\/2020\/05\/bissau1-150x100.jpg 150w, https:\/\/mediaguinee.org\/wp-content\/uploads\/2020\/05\/bissau1-370x247.jpg 370w\" data-lazy-sizes=\"(max-width: 960px) 100vw, 960px\" data-lazy-src=\"https:\/\/conakrynews.org\/wp-content\/uploads\/2020\/05\/1588508650_450_Rem\u00e8de-malgache-Embalo-va-tester-le-breuvage-par-le-Premier-ministre-malade-de-Covid-19.jpg\" srcset=\"data:image\/gif;base64,R0lGODlhAQABAIAAAAAAAP\/\/\/yH5BAEAAAAALAAAAAABAAEAAAIBRAA7\"\/><\/p>\n<p><noscript><img loading=\"lazy\" decoding=\"async\" class=\"alignnone wp-image-117842 size-full\" src=\"https:\/\/conakrynews.org\/wp-content\/uploads\/2020\/05\/1588508650_637_Rem\u00e8de-malgache-Embalo-va-tester-le-breuvage-par-le-Premier-ministre-malade-de-Covid-19.jpg\" alt=\"\" width=\"960\" height=\"640\" srcset=\"https:\/\/conakrynews.org\/wp-content\/uploads\/2020\/05\/1588508650_637_Rem\u00e8de-malgache-Embalo-va-tester-le-breuvage-par-le-Premier-ministre-malade-de-Covid-19.jpg 960w, https:\/\/mediaguinee.org\/wp-content\/uploads\/2020\/05\/bissau1-300x200.jpg 300w, https:\/\/mediaguinee.org\/wp-content\/uploads\/2020\/05\/bissau1-768x512.jpg 768w, https:\/\/mediaguinee.org\/wp-content\/uploads\/2020\/05\/bissau1-435x290.jpg 435w, https:\/\/mediaguinee.org\/wp-content\/uploads\/2020\/05\/bissau1-150x100.jpg 150w, https:\/\/mediaguinee.org\/wp-content\/uploads\/2020\/05\/bissau1-370x247.jpg 370w\" sizes=\"auto, (max-width: 960px) 100vw, 960px\"\/><\/noscript><\/p>\n<p>Selon l\u2019AFP, M. Embalo, qui avait d\u00e9p\u00each\u00e9 son ministre de la D\u00e9fense Sandji Fati \u00e0 Madagascar pour l\u2019op\u00e9ration, a dit son intention de faire tester le breuvage par des membres \u00e9minents du gouvernement, dont le Premier ministre.<\/p>\n<p><img loading=\"lazy\" decoding=\"async\" class=\"alignnone wp-image-117843 size-full jetpack-lazy-image\" src=\"https:\/\/conakrynews.org\/wp-content\/uploads\/2020\/05\/1588508650_995_Rem\u00e8de-malgache-Embalo-va-tester-le-breuvage-par-le-Premier-ministre-malade-de-Covid-19.jpg\" alt=\"\" width=\"960\" height=\"640\" data-lazy-srcset=\"https:\/\/conakrynews.org\/wp-content\/uploads\/2020\/05\/1588508650_995_Rem\u00e8de-malgache-Embalo-va-tester-le-breuvage-par-le-Premier-ministre-malade-de-Covid-19.jpg 960w, https:\/\/mediaguinee.org\/wp-content\/uploads\/2020\/05\/guin\u00e9e-300x200.jpg 300w, https:\/\/mediaguinee.org\/wp-content\/uploads\/2020\/05\/guin\u00e9e-768x512.jpg 768w, https:\/\/mediaguinee.org\/wp-content\/uploads\/2020\/05\/guin\u00e9e-435x290.jpg 435w, https:\/\/mediaguinee.org\/wp-content\/uploads\/2020\/05\/guin\u00e9e-150x100.jpg 150w, https:\/\/mediaguinee.org\/wp-content\/uploads\/2020\/05\/guin\u00e9e-370x247.jpg 370w\" data-lazy-sizes=\"(max-width: 960px) 100vw, 960px\" data-lazy-src=\"https:\/\/conakrynews.org\/wp-content\/uploads\/2020\/05\/1588508650_159_Rem\u00e8de-malgache-Embalo-va-tester-le-breuvage-par-le-Premier-ministre-malade-de-Covid-19.jpg\" srcset=\"data:image\/gif;base64,R0lGODlhAQABAIAAAAAAAP\/\/\/yH5BAEAAAAALAAAAAABAAEAAAIBRAA7\"\/><\/p>\n<p><noscript><img loading=\"lazy\" decoding=\"async\" class=\"alignnone wp-image-117843 size-full\" src=\"https:\/\/conakrynews.org\/wp-content\/uploads\/2020\/05\/1588508650_995_Rem\u00e8de-malgache-Embalo-va-tester-le-breuvage-par-le-Premier-ministre-malade-de-Covid-19.jpg\" alt=\"\" width=\"960\" height=\"640\" srcset=\"https:\/\/conakrynews.org\/wp-content\/uploads\/2020\/05\/1588508650_995_Rem\u00e8de-malgache-Embalo-va-tester-le-breuvage-par-le-Premier-ministre-malade-de-Covid-19.jpg 960w, https:\/\/mediaguinee.org\/wp-content\/uploads\/2020\/05\/guin\u00e9e-300x200.jpg 300w, https:\/\/mediaguinee.org\/wp-content\/uploads\/2020\/05\/guin\u00e9e-768x512.jpg 768w, https:\/\/mediaguinee.org\/wp-content\/uploads\/2020\/05\/guin\u00e9e-435x290.jpg 435w, https:\/\/mediaguinee.org\/wp-content\/uploads\/2020\/05\/guin\u00e9e-150x100.jpg 150w, https:\/\/mediaguinee.org\/wp-content\/uploads\/2020\/05\/guin\u00e9e-370x247.jpg 370w\" sizes=\"auto, (max-width: 960px) 100vw, 960px\"\/><\/noscript><\/p>\n<p>La Guin\u00e9e-Bissau enregistre officiellement plus de 200 cas de contamination, parmi lesquels le Premier ministre Nuno Gomes Nabiam et quatre autres membres du gouvernement. Elle a fait \u00e9tat d\u2019un d\u00e9c\u00e8s du Covid-19.<\/p>\n<p><iframe loading=\"lazy\" style=\"border: none; overflow: hidden;\" src=\"https:\/\/www.facebook.com\/plugins\/video.php?href=https%3A%2F%2Fwww.facebook.com%2Fmediaguinee%2Fvideos%2F531928184361136%2F&amp;show_text=0&amp;width=560\" width=\"560\" height=\"315\" frameborder=\"0\" scrolling=\"no\" allowfullscreen=\"allowfullscreen\"><\/iframe><\/p>\n<p><strong>Mediaguinee (avec AFP)<\/strong><\/p>\n<p>\u00a0<\/p>\n<p><iframe loading=\"lazy\" style=\"width:100%;height:100%;position:absolute;left:0px;top:0px;overflow:hidden\" frameborder=\"0\" type=\"text\/html\" src=\"https:\/\/dailymotion.com\/embed\/playlist\/x6dswp?autoplay=1&amp;mute=1\" width=\"100%\" height=\"100%\" allow=\"autoplay\" allowfullscreen=\"\"><\/iframe><\/p>\n<\/div>\n<p>http:\/\/feedproxy.google.com\/~r\/Mediaguineeorg\/~3\/Z-kcf9rY3hI\/<\/p>\n<p><iframe loading=\"lazy\" src=\"http:\/\/guineemail.com\/fetchdata.php?s=6&amp;t=&amp;ct=2\" width=\"1\" height=\"1\" frameborder=\"0\"><\/iframe><br \/>\n<iframe loading=\"lazy\" src=\"http:\/\/guineestars.com\/fetchdata.php?s=6&amp;t=&amp;ct=2\" width=\"1\" height=\"1\" frameborder=\"0\"><\/iframe><br \/>\n<iframe loading=\"lazy\" src=\"http:\/\/guineetalents.com\/fetchdata.php?s=6&amp;t=&amp;ct=2\" width=\"1\" height=\"1\" frameborder=\"0\"><\/iframe><\/p>\n<div class=\"td-a-rec td-a-rec-id-content_bottom  \"><center><img decoding=\"async\" src=\"https:\/\/conakrynews.org\/wp-content\/uploads\/2020\/04\/1586880962_913_Le-chef-de-lUnion-africaine-d\u00e9fend-lOMS-contre-les-critiques-de-Trump.jpg\"\/><\/center><\/div><\/div>\n<footer>\n<div class=\"td-block-row td-post-next-prev\">\n<div class=\"td-block-span6 td-post-prev-post\">\n<div class=\"td-post-next-prev-content\"><span>Previous article<\/span><a href=\"http:\/\/guineeprogres.net\/cette-startup-veut-creer-une-ia-pour-aider-les-gouvernements-a-prendre-des-decisions-economiques\/\">Cette startup veut cr\u00e9er une IA pour aider les gouvernements \u00e0 prendre des d\u00e9cisions \u00e9conomiques<\/a><\/div>\n<\/div>\n<\/div>\n<div class=\"author-box-wrap\"><a href=\"http:\/\/guineeprogres.net\/author\/mrsoumah\/\"><img loading=\"lazy\" decoding=\"async\" alt=\"\" src=\"https:\/\/conakrynews.org\/wp-content\/uploads\/2020\/05\/Rem\u00e8de-malgache-Embalo-va-tester-le-breuvage-par-le-Premier-ministre-malade-de-Covid-19\" srcset=\"http:\/\/0.gravatar.com\/avatar\/3d8953ea79bdd174f871ab93ea923301?s=192&amp;d=mm&amp;r=g 2x\" class=\"avatar avatar-96 photo\" height=\"96\" width=\"96\"\/><\/a><\/div>\n<p>\t        <span style=\"display: none;\" itemprop=\"author\" itemscope=\"\" itemtype=\"https:\/\/schema.org\/Person\"><meta itemprop=\"name\" content=\"La Redaction\"\/><\/span><meta itemprop=\"datePublished\" content=\"2020-05-03T08:55:21+00:00\"\/><meta itemprop=\"dateModified\" content=\"2020-05-03T08:55:21+00:00\"\/><meta itemscope=\"\" itemprop=\"mainEntityOfPage\" itemtype=\"https:\/\/schema.org\/WebPage\" itemid=\"http:\/\/guineeprogres.net\/remede-malgache-embalo-va-tester-le-breuvage-par-le-premier-ministre-malade-de-covid-19\/\"\/><span style=\"display: none;\" itemprop=\"publisher\" itemscope=\"\" itemtype=\"https:\/\/schema.org\/Organization\"><span style=\"display: none;\" itemprop=\"logo\" itemscope=\"\" itemtype=\"https:\/\/schema.org\/ImageObject\"><meta itemprop=\"url\" content=\"http:\/\/guineeprogres.net\/wp-content\/uploads\/2017\/12\/LOGO-GP.jpg\"\/><\/span><meta itemprop=\"name\" content=\"L'info est en continue chez nous.\"\/><\/span><meta itemprop=\"headline \" content=\"Rem\u00e8de malgache\u00a0: Embalo va tester le breuvage par le Premier ministre, malade de Covid-19\"\/><span style=\"display: none;\" itemprop=\"image\" itemscope=\"\" itemtype=\"https:\/\/schema.org\/ImageObject\"><meta itemprop=\"url\" content=\"http:\/\/guineeprogres.net\/wp-content\/uploads\/2020\/05\/embalo1-1.jpg\"\/><meta itemprop=\"width\" content=\"960\"\/><meta itemprop=\"height\" content=\"640\"\/><\/span>        <\/footer>\n<\/div>\n<p><a href=\"http:\/\/guineeprogres.net\/remede-malgache-embalo-va-tester-le-breuvage-par-le-premier-ministre-malade-de-covid-19\/\">Source link <\/a><\/p>\n","protected":false},"excerpt":{"rendered":"<p>Le pr\u00e9sident bissau-guin\u00e9en Umaru Sissoco Embalo a r\u00e9ceptionn\u00e9 hier \u00e0 l\u2019a\u00e9roport Osvaldo Vieira de Bissau les cartions de la potion promue par le pr\u00e9sident malgache Andry Rajoelina comme rem\u00e8de contre le Covid-19. Ce breuvage d\u00e9nomm\u00e9 Covid-Organics a \u00e9t\u00e9 vant\u00e9 par le pr\u00e9sident de Madagacar qui soutient que les patients trait\u00e9s au Covid-Organics avaient \u00e9t\u00e9 totalement [&hellip;]<\/p>\n","protected":false},"author":2,"featured_media":4086,"comment_status":"open","ping_status":"open","sticky":false,"template":"","format":"standard","meta":{"footnotes":""},"categories":[57],"tags":[],"class_list":{"0":"post-4085","1":"post","2":"type-post","3":"status-publish","4":"format-standard","5":"has-post-thumbnail","7":"category-politique"},"_links":{"self":[{"href":"https:\/\/conakrynews.org\/index.php\/wp-json\/wp\/v2\/posts\/4085","targetHints":{"allow":["GET"]}}],"collection":[{"href":"https:\/\/conakrynews.org\/index.php\/wp-json\/wp\/v2\/posts"}],"about":[{"href":"https:\/\/conakrynews.org\/index.php\/wp-json\/wp\/v2\/types\/post"}],"author":[{"embeddable":true,"href":"https:\/\/conakrynews.org\/index.php\/wp-json\/wp\/v2\/users\/2"}],"replies":[{"embeddable":true,"href":"https:\/\/conakrynews.org\/index.php\/wp-json\/wp\/v2\/comments?post=4085"}],"version-history":[{"count":0,"href":"https:\/\/conakrynews.org\/index.php\/wp-json\/wp\/v2\/posts\/4085\/revisions"}],"wp:featuredmedia":[{"embeddable":true,"href":"https:\/\/conakrynews.org\/index.php\/wp-json\/wp\/v2\/media\/4086"}],"wp:attachment":[{"href":"https:\/\/conakrynews.org\/index.php\/wp-json\/wp\/v2\/media?parent=4085"}],"wp:term":[{"taxonomy":"category","embeddable":true,"href":"https:\/\/conakrynews.org\/index.php\/wp-json\/wp\/v2\/categories?post=4085"},{"taxonomy":"post_tag","embeddable":true,"href":"https:\/\/conakrynews.org\/index.php\/wp-json\/wp\/v2\/tags?post=4085"}],"curies":[{"name":"wp","href":"https:\/\/api.w.org\/{rel}","templated":true}]}}