{"id":4091,"date":"2020-04-30T02:59:52","date_gmt":"2020-04-30T00:59:52","guid":{"rendered":"https:\/\/conakrynews.org\/2020\/04\/30\/orange-ambassadeur-de-la-france-aupres-dapple-se-montre-plutot-confiant\/"},"modified":"2020-05-04T10:05:03","modified_gmt":"2020-05-04T08:05:03","slug":"orange-ambassadeur-de-la-france-aupres-dapple-se-montre-plutot-confiant","status":"publish","type":"post","link":"https:\/\/conakrynews.org\/index.php\/orange-ambassadeur-de-la-france-aupres-dapple-se-montre-plutot-confiant\/","title":{"rendered":"Orange, ambassadeur de la France aupr\u00e8s d&rsquo;Apple, se montre plut\u00f4t confiant"},"content":{"rendered":"<div itemprop=\"articleBody\">\n<p>\u00ab <em>Tous les jours,<\/em>\u00a0<em>nos \u00e9quipes sont en communication avec les ing\u00e9nieurs d&rsquo;Apple. Ils semblent ouverts aux discussions<\/em>\u00a0\u00bb, a d\u00e9clar\u00e9 en conf\u00e9rence de presse St\u00e9phane Richard, PDG d\u2019Orange, \u00e9voquant une dynamique \u00ab\u00a0<em>positive<\/em>\u00a0\u00bb. L\u2019\u00e9missaire fran\u00e7ais nomm\u00e9 Orange est donc charg\u00e9 de n\u00e9gocier avec le g\u00e9ant am\u00e9ricain pour permettre que l&rsquo;appli nationale\u00a0<a href=\"http:\/\/www.01net.com\/actualites\/stopcovid-que-sait-on-de-la-future-application-de-tracage-des-malades-1893456.html\" target=\"_blank\">StopCovid<\/a> de\u00a0<em><a href=\"https:\/\/www.01net.com\/actualites\/coronavirus-comment-fonctionneront-les-applications-de-contact-tracing-1894812.html#central\" target=\"_blank\">contact tracing<\/a>\u00a0<\/em>bas\u00e9 sur\u00a0protocole europ\u00e9en ROBERT puisse fonctionner\u00a0 correctement sur iOS. En l&rsquo;\u00e9tat actuel du chantier, ce n&rsquo;est pas possible, en raison de limitations impos\u00e9es par Apple sur la technologie Bluetooth&#8230;\u00a0afin de prot\u00e9ger la vie priv\u00e9e des utilisateurs d&rsquo;iPhone.\u00a0<a href=\"https:\/\/www.01net.com\/actualites\/stopcovid-la-france-prefere-une-solution-nationale-a-celle-d-apple-et-google-1902306.html\" target=\"_blank\">Le gouvernement a d\u00fb faire un choix lourd de cons\u00e9quences.\u00a0<\/a><br \/>Mais\u00a0le cas de la France n&rsquo;est pas isol\u00e9. \u00ab<em>\u00a0Tout le monde a besoin d\u2019Apple et Google<\/em>\u00a0\u00bb, a insist\u00e9\u00a0St\u00e9phane Richard, faisant allusion <a href=\"https:\/\/www.01net.com\/actualites\/coronavirus-google-et-apple-s-associent-pour-faciliter-le-tracage-des-malades-via-les-smartphones-1892450.html\" target=\"_blank\">au projet d&rsquo;appli commun que portent les deux g\u00e9ants<\/a>. Il esp\u00e8re qu&rsquo;Apple assouplisse sa position.\u00a0<\/p>\n<h3 style=\"color:#333; font-family:arial,helvetica,sans-serif; font-size:23px; font-weight:700\">N\u00e9gociateur, coordinateur technique et auditeur\u00a0<\/h3>\n<p>Parmi les six entreprises priv\u00e9es qui font partie du consortium, Orange a, outre son r\u00f4le de n\u00e9gociateur, une fonction de coordinateur\u00a0technique. \u00ab\u00a0<em>Nous sommes en charge de v\u00e9rifier que le syst\u00e8me fonctionne de bout en bout<\/em>\u00a0\u00bb, a expliqu\u00e9\u00a0Marie-No\u00eblle\u00a0J\u00e9go-Laveissi\u00e8re, responsable du projet chez Orange. En clair, faire en sorte que toutes les \u00ab\u00a0<em>briques<\/em>\u00a0\u00bb s\u2019imbriquent bien. L&rsquo;op\u00e9rateur\u00a0se chargera aussi\u00a0de tester et de s\u00e9curiser\u00a0l\u2019application\u00a0une fois qu\u2019elle sera termin\u00e9e, explique\u00a0<\/p>\n<h3 style=\"color:#333; font-family:arial,helvetica,sans-serif; font-size:23px; font-weight:700\">D&rsquo;ici la fin du mois de mai<\/h3>\n<p>En plus de ces pr\u00e9rogatives techniques, Orange participera \u00e0 la gestion\u00a0des probl\u00e8mes g\u00e9n\u00e9r\u00e9s par la fracture num\u00e9rique dans la mise en place d\u2019un tel dispositif sur l&rsquo;ensemble du\u00a0territoire fran\u00e7ais. Un\u00a0d\u00e9fi de taille -et une des limites\u00a0\u00e9videntes au projet StopCovid- puisque la crise sanitaire a \u00e9loign\u00e9 encore plus les 13 millions de Fran\u00e7ais exclus du num\u00e9rique, d&rsquo;apr\u00e8s le <a href=\"https:\/\/www.arcep.fr\/cartes-et-donnees\/nos-publications-chiffrees\/numerique\/le-barometre-du-numerique.html\" target=\"_blank\">Barom\u00e8tre du num\u00e9rique 2019<\/a>. Il s\u2019agit donc \u00e0 la fois de permettre \u00e0 tous d\u2019avoir une connexion et de fournir des terminaux pour que tous les citoyens qui le souhaitent puissent t\u00e9l\u00e9charger l\u2019application. Pour rappel, <a href=\"https:\/\/www.01net.com\/actualites\/stopcovid-pourquoi-le-gouvernement-a-choisi-de-ne-pas-imposer-l-installation-de-son-appli-1900347.html\" target=\"_blank\">le\u00a0t\u00e9l\u00e9chargement de StopCovid sera un acte volontaire<\/a>.<\/p>\n<p>Si le calendrier n\u2019est pas fix\u00e9, les \u00e9quipes d\u2019Orange tablent sur une sortie de l\u2019application fin mai. Malgr\u00e9 ces <a href=\"https:\/\/www.01net.com\/actualites\/anonymat-bluetooth-sur-ios-la-techno-de-l-application-de-tracage-stop-covid-semble-dans-l-impasse-1897321.html\" target=\"_blank\">obstacles techniques<\/a> et un <a href=\"https:\/\/www.01net.com\/actualites\/stopcovid-edouard-philippe-juge-le-debatautour-de-l-appli-de-tracage-premature-et-le-repousse-1903331.html\" target=\"_blank\">d\u00e9bat repouss\u00e9 \u00e0 l\u2019Assembl\u00e9e nationale<\/a>, St\u00e9phane Richard trouverait \u00ab\u00a0<em>dommage de tuer l\u2019application dans l\u2019oeuf, sans m\u00eame essayer d\u2019aller jusqu\u2019au bout. La France serait le seul pays \u00e0 ne m\u00eame pas essayer<\/em>\u00a0\u00bb. Mais le chantier reste \u00e9norme. M\u00eame son nom \u00ab\u00a0<em>StopCovid<\/em>\u00a0\u00bb n\u2019est pas arr\u00eat\u00e9, a\u00a0soulign\u00e9 le patron d&rsquo;Orange.\u00a0<\/p>\n<aside class=\"bg-color-0 padding-inside-all-s bloc border-s\">\n<h4 class=\"box-txt-normal\">\n<p><strong>\u00c0 d\u00e9couvrir aussi en vid\u00e9o<\/strong><\/p>\n<\/h4>\n<\/aside>\n<h3 style=\"color:#333;font-family:arial,helvetica,sans-serif;font-size:23px;font-weight:700;\">\u00ab Il n&rsquo;y a pas de concurrence \u00bb<\/h3>\n<p>Quid de sa propre appli d\u00e9velopp\u00e9e en parall\u00e8le ? \u00ab<em>\u00a0Il n\u2019y a qu\u2019un seul et m\u00eame projet, une application unique<\/em>\u00a0\u00bb, a finalement tranch\u00e9\u00a0St\u00e9phane Richard. \u00ab<em>\u00a0Notre travail pr\u00e9alable alimente le projet national. Il n\u2019y aucune concurrence.<\/em>\u00a0\u00bb<br \/>L&rsquo;entreprise t\u00e9l\u00e9coms a\u00a0fait savoir, le 17 mars,\u00a0qu&rsquo;elle d\u00e9veloppait une <a href=\"https:\/\/www.01net.com\/actualites\/coronavirus-orange-a-developpe-sa-propre-application-de-tracage-numerique-1894725.html\" target=\"_blank\">application propre<\/a>\u00a0de <em><a href=\"https:\/\/www.01net.com\/actualites\/coronavirus-l-application-de-tracage-des-contacts-d-orange-testee-en-region-1898763.html\" target=\"_blank\">contact tracing<\/a>\u00a0<\/em>aux <a href=\"http:\/\/www.01net.com\/actualites\/que-sait-on-de-l-application-de-contact-tracing-d-orange-et-ses-partenaires-1900015.html\" target=\"_blank\">caract\u00e9ristiques similaires<\/a> avant, dix jours plus tard, de <a href=\"https:\/\/www.01net.com\/actualites\/orange-et-withings-rejoignent-le-projet-gouvernemental-d-application-stopcovid-1902338.html\" target=\"_blank\">se rallier au projet national <\/a>public-priv\u00e9 men\u00e9 par l&rsquo;Inria, en partenariat avec la\u00a0soci\u00e9t\u00e9 sp\u00e9cialis\u00e9e dans le objets connect\u00e9s Withings ou encore la start-up\u00a0Lunabee, mais aussi<a href=\"https:\/\/www.01net.com\/actualites\/stopcovid-les-recommandations-techniques-de-l-anssi-pour-l-application-de-tracage-1903128.html\" target=\"_blank\"> l&rsquo;Agence nationale de la s\u00e9curit\u00e9 des services d&rsquo;information<\/a>\u00a0et Sant\u00e9 publique France.\u00a0<\/p>\n<\/p><\/div>\n<p><script>\n         !function(f,b,e,v,n,t,s){if(f.fbq)return;n=f.fbq=function()\n         {n.callMethod? n.callMethod.apply(n,arguments):n.queue.push(arguments)}\n         ;if(!f._fbq)f._fbq=n;\n             n.push=n;n.loaded=!0;n.version='2.0';n.queue=[];t=b.createElement(e);t.async=!0;\n             t.src=v;s=b.getElementsByTagName(e)[0];s.parentNode.insertBefore(t,s)}(window,\n                 document,'script','https:\/\/connect.facebook.net\/en_US\/fbevents.js');\n         fbq('init', '1065890633454496');\n         fbq('track', 'PageView');\n     <\/script><br \/>\n<br \/><a href=\"https:\/\/www.01net.com\/actualites\/stopcovid-orange-ambassadeur-de-la-france-aupres-d-apple-se-montre-plutot-confiant-1904722.html\">Source link <\/a><\/p>\n","protected":false},"excerpt":{"rendered":"<p>\u00ab Tous les jours,\u00a0nos \u00e9quipes sont en communication avec les ing\u00e9nieurs d&rsquo;Apple. Ils semblent ouverts aux discussions\u00a0\u00bb, a d\u00e9clar\u00e9 en conf\u00e9rence de presse St\u00e9phane Richard, PDG d\u2019Orange, \u00e9voquant une dynamique \u00ab\u00a0positive\u00a0\u00bb. L\u2019\u00e9missaire fran\u00e7ais nomm\u00e9 Orange est donc charg\u00e9 de n\u00e9gocier avec le g\u00e9ant am\u00e9ricain pour permettre que l&rsquo;appli nationale\u00a0StopCovid de\u00a0contact tracing\u00a0bas\u00e9 sur\u00a0protocole europ\u00e9en ROBERT puisse [&hellip;]<\/p>\n","protected":false},"author":2,"featured_media":4092,"comment_status":"open","ping_status":"open","sticky":false,"template":"","format":"standard","meta":{"footnotes":""},"categories":[57],"tags":[],"class_list":{"0":"post-4091","1":"post","2":"type-post","3":"status-publish","4":"format-standard","5":"has-post-thumbnail","7":"category-politique"},"_links":{"self":[{"href":"https:\/\/conakrynews.org\/index.php\/wp-json\/wp\/v2\/posts\/4091","targetHints":{"allow":["GET"]}}],"collection":[{"href":"https:\/\/conakrynews.org\/index.php\/wp-json\/wp\/v2\/posts"}],"about":[{"href":"https:\/\/conakrynews.org\/index.php\/wp-json\/wp\/v2\/types\/post"}],"author":[{"embeddable":true,"href":"https:\/\/conakrynews.org\/index.php\/wp-json\/wp\/v2\/users\/2"}],"replies":[{"embeddable":true,"href":"https:\/\/conakrynews.org\/index.php\/wp-json\/wp\/v2\/comments?post=4091"}],"version-history":[{"count":0,"href":"https:\/\/conakrynews.org\/index.php\/wp-json\/wp\/v2\/posts\/4091\/revisions"}],"wp:featuredmedia":[{"embeddable":true,"href":"https:\/\/conakrynews.org\/index.php\/wp-json\/wp\/v2\/media\/4092"}],"wp:attachment":[{"href":"https:\/\/conakrynews.org\/index.php\/wp-json\/wp\/v2\/media?parent=4091"}],"wp:term":[{"taxonomy":"category","embeddable":true,"href":"https:\/\/conakrynews.org\/index.php\/wp-json\/wp\/v2\/categories?post=4091"},{"taxonomy":"post_tag","embeddable":true,"href":"https:\/\/conakrynews.org\/index.php\/wp-json\/wp\/v2\/tags?post=4091"}],"curies":[{"name":"wp","href":"https:\/\/api.w.org\/{rel}","templated":true}]}}