{"id":4127,"date":"2020-05-08T16:51:09","date_gmt":"2020-05-08T14:51:09","guid":{"rendered":"https:\/\/conakrynews.org\/2020\/05\/08\/debordo-tacle-lex-capitaine-des-elephants-beynaud-reagit\/"},"modified":"2020-05-09T02:16:31","modified_gmt":"2020-05-09T00:16:31","slug":"debordo-tacle-lex-capitaine-des-elephants-beynaud-reagit","status":"publish","type":"post","link":"https:\/\/conakrynews.org\/index.php\/debordo-tacle-lex-capitaine-des-elephants-beynaud-reagit\/","title":{"rendered":"Debordo tacle l\u2019ex-capitaine des \u00e9l\u00e9phants, Beynaud r\u00e9agit!"},"content":{"rendered":"<p><\/p>\n<div wp_automatic_readability=\"82.449438202247\">\n<p><strong>En C\u00f4te d\u2019Ivoire, l\u2019artiste Debordo Leekunfa ne soutient pas la candidature de Didier Drogba \u00e0 l\u2019\u00e9lection du prochain pr\u00e9sident de la FIF (f\u00e9d\u00e9ration ivoirienne de football). Le chanteur l\u2019a lui-m\u00eame fait savoir dans une vid\u00e9o sur facebook. Son coll\u00e8gue Serges Beynaud r\u00e9agit malicieusement.<\/strong><\/p>\n<p>\u201dDrogba ne m\u2019a jamais rien apport\u00e9\u201d, c\u2019est ce que d\u00e9clare Debordo Leekunfa dans un direct dimanche 3 mai 2020 sur sa page facebook. Il a fait savoir qu\u2019il ne soutient pas la candidature de l\u2019ex-capitaine des El\u00e9phants de C\u00f4te d\u2019Ivoire en raison de la consid\u00e9ration plut\u00f4t indiff\u00e9rente que lui porte ce dernier.<\/p>\n<p>\u201dJe ne soutiens pas Drogba parce qu\u2019il ne m\u2019a jamais soutenu. Quelqu\u2019un qui ne te calcule pas, tu vas le calculer pourquoi ? Affinit\u00e9 Debordo avec Drogba, c\u2019est z\u00e9ro. Il ne m\u2019a jamais rien apport\u00e9. Il n\u2019a jamais rien fait pour moi. Je ne mange pas chez lui. Moi mon gars, c\u2019est Yaya Tour\u00e9. Si je dois le soutenir, c\u2019est que Yaya Tour\u00e9 m\u2019en a donn\u00e9 l\u2019ordre. C\u2019est une histoire d\u2019hi\u00e9rarchie\u201d, a d\u00e9clar\u00e9 Debordo Leekunfa.<\/p>\n<p>Poursuivant, il a estim\u00e9 que l\u2019international Didier Drogba ne devrait pas s\u2019int\u00e9resser autant \u00e0 ce poste auquel il aspire. Car selon lui, \u201dLa FIF est petite\u201d pour Drogba. \u00ab\u00a0Ne te mets pas dans ce groupe de la FIF\u00bb, a-t-il conseill\u00e9.<\/p>\n<p>Debordo a par ailleurs affirm\u00e9 ne pas comprendre une telle aspiration de l\u2019homme qui a d\u00e9j\u00e0 une c\u00f4te bien pesante sous d\u2019autres cieux. \u00ab\u00a0Je comprends que tu veuilles aider ces joueurs qui ne gagnent pas grand-chose\u2026 Le peuple est derri\u00e8re toi, mais ce n\u2019est pas le peuple qui vote\u2026Les \u00e9lections \u00e0 la FIF se font dans un cercle ferm\u00e9. C\u2019est ce qu\u2019on appelle la haute sorcellerie. Il fallait chercher \u00e0 les amadouer avant d\u2019annoncer ta candidature\u00a0\u00bb, a-t-il d\u00e9clar\u00e9.<\/p>\n<p>Abondamment suivi, ses propos ont su provoquer assez d\u2019\u00e9chos pour faire parler m\u00eame ceux qui s\u2019expriment moins. Serges Beynaud, son coll\u00e8gue de couper-d\u00e9caler est, lui, sorti de sa r\u00e9serve pour commenter d\u2019une mani\u00e8re railleuse la publication. Il affirme tout simplement avoir pour sa part d\u00e9j\u00e0 re\u00e7u un soutien de la part de Drogba.<\/p>\n<p>\u201dEn tout cas, moi, j\u2019ai d\u00e9j\u00e0 bouff\u00e9 l\u2019argent de Drogba. Il m\u2019a donn\u00e9 5 millions pour rien comme \u00e7a hein. Genre, mon petit, mets \u00e7a sur toi\u201d, a-t-il comment\u00e9. La r\u00e9ponse bien que laconique vaut ce que \u00e7a vaut.<\/p>\n<p> <input type=\"hidden\" id=\"letreach_post_category\" value=\"C\u00f4te d'Ivoire\"\/><\/div>\n<p><script>(function(d, s, id) {\n  var js, fjs = d.getElementsByTagName(s)[0];\n  if (d.getElementById(id)) return;\n  js = d.createElement(s); js.id = id;\n  js.src = \"http:\/\/connect.facebook.net\/fr_FR\/sdk.js#xfbml=1&appId=257222724623720&version=v2.3\";\n  fjs.parentNode.insertBefore(js, fjs);\n}(document, 'script', 'facebook-jssdk'));<\/script><br \/>\n<br \/><a href=\"https:\/\/www.afrikmag.com\/candidature-didier-drogba-a-la-fif-debordo-tacle-lex-capitaine-des-elephants-beynaud-se-moque-de-lui-a-reviser\/\">Source link <\/a><\/p>\n","protected":false},"excerpt":{"rendered":"<p>En C\u00f4te d\u2019Ivoire, l\u2019artiste Debordo Leekunfa ne soutient pas la candidature de Didier Drogba \u00e0 l\u2019\u00e9lection du prochain pr\u00e9sident de la FIF (f\u00e9d\u00e9ration ivoirienne de football). Le chanteur l\u2019a lui-m\u00eame fait savoir dans une vid\u00e9o sur facebook. Son coll\u00e8gue Serges Beynaud r\u00e9agit malicieusement. \u201dDrogba ne m\u2019a jamais rien apport\u00e9\u201d, c\u2019est ce que d\u00e9clare Debordo Leekunfa [&hellip;]<\/p>\n","protected":false},"author":2,"featured_media":4128,"comment_status":"open","ping_status":"open","sticky":false,"template":"","format":"standard","meta":{"footnotes":""},"categories":[57],"tags":[],"class_list":{"0":"post-4127","1":"post","2":"type-post","3":"status-publish","4":"format-standard","5":"has-post-thumbnail","7":"category-politique"},"_links":{"self":[{"href":"https:\/\/conakrynews.org\/index.php\/wp-json\/wp\/v2\/posts\/4127","targetHints":{"allow":["GET"]}}],"collection":[{"href":"https:\/\/conakrynews.org\/index.php\/wp-json\/wp\/v2\/posts"}],"about":[{"href":"https:\/\/conakrynews.org\/index.php\/wp-json\/wp\/v2\/types\/post"}],"author":[{"embeddable":true,"href":"https:\/\/conakrynews.org\/index.php\/wp-json\/wp\/v2\/users\/2"}],"replies":[{"embeddable":true,"href":"https:\/\/conakrynews.org\/index.php\/wp-json\/wp\/v2\/comments?post=4127"}],"version-history":[{"count":0,"href":"https:\/\/conakrynews.org\/index.php\/wp-json\/wp\/v2\/posts\/4127\/revisions"}],"wp:featuredmedia":[{"embeddable":true,"href":"https:\/\/conakrynews.org\/index.php\/wp-json\/wp\/v2\/media\/4128"}],"wp:attachment":[{"href":"https:\/\/conakrynews.org\/index.php\/wp-json\/wp\/v2\/media?parent=4127"}],"wp:term":[{"taxonomy":"category","embeddable":true,"href":"https:\/\/conakrynews.org\/index.php\/wp-json\/wp\/v2\/categories?post=4127"},{"taxonomy":"post_tag","embeddable":true,"href":"https:\/\/conakrynews.org\/index.php\/wp-json\/wp\/v2\/tags?post=4127"}],"curies":[{"name":"wp","href":"https:\/\/api.w.org\/{rel}","templated":true}]}}