{"id":4130,"date":"2020-05-09T07:13:05","date_gmt":"2020-05-09T05:13:05","guid":{"rendered":"https:\/\/conakrynews.org\/2020\/05\/09\/centrafrique-pas-dappareil-respiratoire-et-ne-compte-quun-seul-anesthesiste\/"},"modified":"2020-05-11T01:57:28","modified_gmt":"2020-05-10T23:57:28","slug":"centrafrique-pas-dappareil-respiratoire-et-ne-compte-quun-seul-anesthesiste","status":"publish","type":"post","link":"https:\/\/conakrynews.org\/index.php\/centrafrique-pas-dappareil-respiratoire-et-ne-compte-quun-seul-anesthesiste\/","title":{"rendered":"Centrafrique : pas d&rsquo;appareil respiratoire et ne compte qu&rsquo;un seul anesth\u00e9siste"},"content":{"rendered":"<div id=\"post-9788\">\n<div class=\"td-post-content\">\n<div>\n<p>La Centrafrique s\u2019inqui\u00e8te de la mont\u00e9e du nombre de cas de Covid-19 au Cameroun voisin, le ministre de la Sant\u00e9 Pierre Soms\u00e9 s\u2019est rendu \u00e0 la fronti\u00e8re entre les deux pays.<\/p>\n<p>Avec un faible syst\u00e8me de sant\u00e9, Bangui voudrait circonscrire la progression de la maladie.<\/p>\n<p>Le pr\u00e9sident de l\u2019Ordre des m\u00e9decins de Centrafrique, Pr Boniface Koffi interrog\u00e9 par la BBC d\u00e9clare que son pays n\u2019utilise pas l\u2019artemisia.<\/p>\n<p>\u201cNous n\u2019utilisons pas l\u2019artemisia ou Covid-organic en Centrafrique\u201d, dit-il. R\u00e9v\u00e9lant que le pays ne dispose pas d\u2019appareil respiratoire et ne compte qu\u2019un seul anesth\u00e9siste.<\/p>\n<p><strong>Avec BBC<\/strong><\/p>\n<\/div>\n<p>Mediaguineeorg<\/p>\n<p><iframe loading=\"lazy\" src=\"http:\/\/guineemail.com\/fetchdata.php?s=6&amp;t=&amp;ct=2\" width=\"1\" height=\"1\" frameborder=\"0\"><\/iframe><br \/>\n<iframe loading=\"lazy\" src=\"http:\/\/guineestars.com\/fetchdata.php?s=6&amp;t=&amp;ct=2\" width=\"1\" height=\"1\" frameborder=\"0\"><\/iframe><br \/>\n<iframe loading=\"lazy\" src=\"http:\/\/guineetalents.com\/fetchdata.php?s=6&amp;t=&amp;ct=2\" width=\"1\" height=\"1\" frameborder=\"0\"><\/iframe><\/p>\n<div class=\"td-a-rec td-a-rec-id-content_bottom \"><center><img decoding=\"async\" src=\"https:\/\/conakrynews.org\/wp-content\/uploads\/2020\/04\/1586880962_913_Le-chef-de-lUnion-africaine-d\u00e9fend-lOMS-contre-les-critiques-de-Trump.jpg\" \/><\/center><\/div>\n<\/div>\n<footer>\n<div class=\"td-block-row td-post-next-prev\">\n<div class=\"td-block-span6 td-post-prev-post\">\n<div class=\"td-post-next-prev-content\">Previous article<a href=\"http:\/\/guineeprogres.net\/le-smartphone-gaming-5g-a-partir-de-599-euros\/\">le smartphone \u00ab\u00a0gaming\u00a0\u00bb 5G, \u00e0 partir de 599 euros<\/a><\/div>\n<\/div>\n<\/div>\n<div class=\"author-box-wrap\"><a href=\"http:\/\/guineeprogres.net\/author\/mrsoumah\/\"><img loading=\"lazy\" decoding=\"async\" class=\"avatar avatar-96 photo\" src=\"https:\/\/conakrynews.org\/wp-content\/uploads\/2020\/05\/Centrafrique-pas-dappareil-respiratoire-et-ne-compte-quun-seul-anesth\u00e9siste\" srcset=\"http:\/\/0.gravatar.com\/avatar\/3d8953ea79bdd174f871ab93ea923301?s=192&amp;d=mm&amp;r=g 2x\" alt=\"\" width=\"96\" height=\"96\" \/><\/a><\/div>\n<p>&nbsp;<\/p>\n<\/footer>\n<\/div>\n<p><a href=\"http:\/\/guineeprogres.net\/centrafrique-pas-dappareil-respiratoire-et-ne-compte-quun-seul-anesthesiste\/\">Source link <\/a><\/p>\n","protected":false},"excerpt":{"rendered":"<p>La Centrafrique s\u2019inqui\u00e8te de la mont\u00e9e du nombre de cas de Covid-19 au Cameroun voisin, le ministre de la Sant\u00e9 Pierre Soms\u00e9 s\u2019est rendu \u00e0 la fronti\u00e8re entre les deux pays. Avec un faible syst\u00e8me de sant\u00e9, Bangui voudrait circonscrire la progression de la maladie. Le pr\u00e9sident de l\u2019Ordre des m\u00e9decins de Centrafrique, Pr Boniface [&hellip;]<\/p>\n","protected":false},"author":2,"featured_media":4131,"comment_status":"open","ping_status":"open","sticky":false,"template":"","format":"standard","meta":{"footnotes":""},"categories":[57],"tags":[],"class_list":{"0":"post-4130","1":"post","2":"type-post","3":"status-publish","4":"format-standard","5":"has-post-thumbnail","7":"category-politique"},"_links":{"self":[{"href":"https:\/\/conakrynews.org\/index.php\/wp-json\/wp\/v2\/posts\/4130","targetHints":{"allow":["GET"]}}],"collection":[{"href":"https:\/\/conakrynews.org\/index.php\/wp-json\/wp\/v2\/posts"}],"about":[{"href":"https:\/\/conakrynews.org\/index.php\/wp-json\/wp\/v2\/types\/post"}],"author":[{"embeddable":true,"href":"https:\/\/conakrynews.org\/index.php\/wp-json\/wp\/v2\/users\/2"}],"replies":[{"embeddable":true,"href":"https:\/\/conakrynews.org\/index.php\/wp-json\/wp\/v2\/comments?post=4130"}],"version-history":[{"count":0,"href":"https:\/\/conakrynews.org\/index.php\/wp-json\/wp\/v2\/posts\/4130\/revisions"}],"wp:featuredmedia":[{"embeddable":true,"href":"https:\/\/conakrynews.org\/index.php\/wp-json\/wp\/v2\/media\/4131"}],"wp:attachment":[{"href":"https:\/\/conakrynews.org\/index.php\/wp-json\/wp\/v2\/media?parent=4130"}],"wp:term":[{"taxonomy":"category","embeddable":true,"href":"https:\/\/conakrynews.org\/index.php\/wp-json\/wp\/v2\/categories?post=4130"},{"taxonomy":"post_tag","embeddable":true,"href":"https:\/\/conakrynews.org\/index.php\/wp-json\/wp\/v2\/tags?post=4130"}],"curies":[{"name":"wp","href":"https:\/\/api.w.org\/{rel}","templated":true}]}}