{"id":4136,"date":"2020-05-10T03:14:41","date_gmt":"2020-05-10T01:14:41","guid":{"rendered":"https:\/\/conakrynews.org\/2020\/05\/10\/mali-levee-du-couvre-feu-dans-tout-le-pays-port-du-masque-obligatoire-en-public\/"},"modified":"2020-05-11T01:46:50","modified_gmt":"2020-05-10T23:46:50","slug":"mali-levee-du-couvre-feu-dans-tout-le-pays-port-du-masque-obligatoire-en-public","status":"publish","type":"post","link":"https:\/\/conakrynews.org\/index.php\/mali-levee-du-couvre-feu-dans-tout-le-pays-port-du-masque-obligatoire-en-public\/","title":{"rendered":"Mali: lev\u00e9e du couvre-feu dans tout le pays, port du masque obligatoire en public"},"content":{"rendered":"<div id=\"post-9792\">\n<div class=\"td-post-content\">\n<div>\n<p>Au Mali, le couvre-feu a \u00e9t\u00e9 lev\u00e9 sur toute l\u2019\u00e9tendue du territoire \u00e0 partir de samedi, a annonc\u00e9 le gouvernement \u00e0 l\u2019issue d\u2019un conseil extraordinaire de la d\u00e9fense, tenu vendredi \u00e0 Bamako et pr\u00e9sid\u00e9 par le chef de l\u2019Etat Ibrahim Boubakar Keita.<\/p>\n<p>Outre la lev\u00e9e du couvre-feu, le Conseil a d\u00e9cid\u00e9 la r\u00e9ouverture des \u00e9coles \u00e0 partir du 02 juin, pr\u00e9cise le site \u201caBamako\u201d.<\/p>\n<p>Le port des masques sera rendu obligatoire dans les lieux publics \u00e0 partir de la disponibilit\u00e9 des 10 millions de masques offerts par le Pr\u00e9sident de la R\u00e9publique du Mali, rapporte la m\u00eame source.<\/p>\n<p>Le Mali avait instaur\u00e9 le 26 mars dernier un couvre-feu sur toute l\u2019\u00e9tendue du territoire ainsi qu\u2019un \u00e9tat d\u2019urgence sanitaires dans la cadre de la riposte \u00e0 la pand\u00e9mie de Covid-19.<\/p>\n<p>Quelque 668 cas de Covid-19 et 35 d\u00e9c\u00e8s ont \u00e9t\u00e9 enregistr\u00e9s, \u00e0 ce jour, au Mali.<\/p>\n<p><strong>Source : Anadolu<\/strong><\/p>\n<\/div>\n<p>Mediaguineeorg\/<\/p>\n<\/div>\n<\/div>\n","protected":false},"excerpt":{"rendered":"<p>Au Mali, le couvre-feu a \u00e9t\u00e9 lev\u00e9 sur toute l\u2019\u00e9tendue du territoire \u00e0 partir de samedi, a annonc\u00e9 le gouvernement \u00e0 l\u2019issue d\u2019un conseil extraordinaire de la d\u00e9fense, tenu vendredi \u00e0 Bamako et pr\u00e9sid\u00e9 par le chef de l\u2019Etat Ibrahim Boubakar Keita. Outre la lev\u00e9e du couvre-feu, le Conseil a d\u00e9cid\u00e9 la r\u00e9ouverture des \u00e9coles [&hellip;]<\/p>\n","protected":false},"author":2,"featured_media":4137,"comment_status":"open","ping_status":"open","sticky":false,"template":"","format":"standard","meta":{"footnotes":""},"categories":[57],"tags":[],"class_list":{"0":"post-4136","1":"post","2":"type-post","3":"status-publish","4":"format-standard","5":"has-post-thumbnail","7":"category-politique"},"_links":{"self":[{"href":"https:\/\/conakrynews.org\/index.php\/wp-json\/wp\/v2\/posts\/4136","targetHints":{"allow":["GET"]}}],"collection":[{"href":"https:\/\/conakrynews.org\/index.php\/wp-json\/wp\/v2\/posts"}],"about":[{"href":"https:\/\/conakrynews.org\/index.php\/wp-json\/wp\/v2\/types\/post"}],"author":[{"embeddable":true,"href":"https:\/\/conakrynews.org\/index.php\/wp-json\/wp\/v2\/users\/2"}],"replies":[{"embeddable":true,"href":"https:\/\/conakrynews.org\/index.php\/wp-json\/wp\/v2\/comments?post=4136"}],"version-history":[{"count":0,"href":"https:\/\/conakrynews.org\/index.php\/wp-json\/wp\/v2\/posts\/4136\/revisions"}],"wp:featuredmedia":[{"embeddable":true,"href":"https:\/\/conakrynews.org\/index.php\/wp-json\/wp\/v2\/media\/4137"}],"wp:attachment":[{"href":"https:\/\/conakrynews.org\/index.php\/wp-json\/wp\/v2\/media?parent=4136"}],"wp:term":[{"taxonomy":"category","embeddable":true,"href":"https:\/\/conakrynews.org\/index.php\/wp-json\/wp\/v2\/categories?post=4136"},{"taxonomy":"post_tag","embeddable":true,"href":"https:\/\/conakrynews.org\/index.php\/wp-json\/wp\/v2\/tags?post=4136"}],"curies":[{"name":"wp","href":"https:\/\/api.w.org\/{rel}","templated":true}]}}