{"id":41671,"date":"2026-09-03T09:51:17","date_gmt":"2026-09-03T09:51:17","guid":{"rendered":"https:\/\/conakrynews.org\/?p=41671"},"modified":"2026-09-03T09:51:17","modified_gmt":"2026-09-03T09:51:17","slug":"commune-de-maneah-lancement-des-operations-de-recensement-des-marches-et-infrastructures-publiques","status":"publish","type":"post","link":"https:\/\/conakrynews.org\/index.php\/commune-de-maneah-lancement-des-operations-de-recensement-des-marches-et-infrastructures-publiques\/","title":{"rendered":"Commune de Man\u00e9ah : Lancement des op\u00e9rations de recensement des march\u00e9s et infrastructures publiques"},"content":{"rendered":"<h1 class=\"name post-title entry-title\"><\/h1>\n<p class=\"post-meta\">\n<div class=\"clear\"><\/div>\n<div class=\"entry\">\n<p>La Commune de Man\u00e9ah a officiellement lanc\u00e9 ce mercredi 2 septembre 2026, les activit\u00e9s de recensement des march\u00e9s, boutiques et infrastructures publiques de sa juridiction.<\/p>\n<p>Cette op\u00e9ration est conduite par la Direction des Finances de la Commune, en collaboration avec le Minist\u00e8re de l\u2019\u00c9conomie et des Finances.<\/p>\n<p>L\u2019objectif est d\u2019identifier et de recenser les 11 march\u00e9s de la commune, les boutiques, entreprises et b\u00e2timents publics de l\u2019\u00c9tat afin d\u2019optimiser le recouvrement des recettes de la caisse communale.<\/p>\n<p>Le march\u00e9 de Friguiady Nord, premi\u00e8re \u00e9tape<br \/>\nCette premi\u00e8re phase concerne le march\u00e9 de Friguiady Nord. Au total, environ 156 boutiques ont \u00e9t\u00e9 d\u00e9nombr\u00e9es sur le site.<\/p>\n<p>Sur place, le 2\u00e8me Vice-Maire de Man\u00e9ah a indiqu\u00e9 :<br \/>\n\u00ab\u00a0C\u2019est une journ\u00e9e de confiance avec la nouvelle \u00e9quipe de Man\u00e9ah. Nous avons la volont\u00e9 de venir constater de visu comment fonctionnent les services de recouvrement depuis notre arriv\u00e9e. Notre passage aujourd\u2019hui dans ce march\u00e9 a r\u00e9v\u00e9l\u00e9 plusieurs anomalies. Mais gr\u00e2ce \u00e0 ce recensement, nous pourrons r\u00e9soudre tout cela dans un bref d\u00e9lai et remettre en place toutes les structures li\u00e9es, au b\u00e9n\u00e9fice des occupants et de la mairie.\u00a0\u00bb<\/p>\n<p>Il a ajout\u00e9 :<br \/>\n\u00ab\u00a0Nous allons situer les responsabilit\u00e9s. D\u00e9sormais, la commune doit savoir, pour chaque march\u00e9, quelle est la recette financi\u00e8re mensuelle afin de pouvoir programmer les investissements. Le premier constat est que tous ces magasins n\u2019ont pas un usage commercial. Certains servent de dortoirs, d\u2019autres sont en activit\u00e9 et certaines boutiques sont ferm\u00e9es. Avec le nouveau contrat de gestion, nous allons situer les responsabilit\u00e9s. Chaque occupant doit \u00eatre identifi\u00e9 et ses activit\u00e9s doivent \u00eatre g\u00e9r\u00e9es par la commune. Tout sera mis \u00e0 jour avant la fin du mois de septembre 2026.\u00a0\u00bb<\/p>\n<p>T\u00e9moignages des acteurs<br \/>\nMme Mamafinda Diawara, commer\u00e7ante : \u00ab\u00a0Nous souffrons dans ce march\u00e9. Nous n\u2019avons pas de marchandises dans les magasins et les activit\u00e9s tournent au ralenti. Mais nous sommes courageuses afin de trouver de quoi manger et entretenir nos enfants. Je souhaite l\u2019appui du gouvernement pour nous venir en aide.\u00a0\u00bb<\/p>\n<p>Mme Doussou Kourouma, administratrice du march\u00e9 Mamadi Diawara : \u00ab\u00a0C\u2019est une joie de voir les autorit\u00e9s de Man\u00e9ah venir s\u2019enqu\u00e9rir des r\u00e9alit\u00e9s de mon march\u00e9. C\u2019est un nouveau march\u00e9 dont la gestion des ressources est tr\u00e8s faible, car plusieurs magasins sont occup\u00e9s par des personnes. Nous leur avons donn\u00e9 72 heures pour quitter les lieux, gr\u00e2ce \u00e0 la volont\u00e9 de la commune, afin que les commer\u00e7ants puissent occuper ces magasins pour la fluidit\u00e9 du commerce.\u00a0\u00bb<\/p>\n<p>M. Djibril Sylla, Chef de quartier Friguiady Nord : \u00ab\u00a0Dans ce secteur, il n\u2019y a que ce seul march\u00e9. L\u2019arriv\u00e9e des autorit\u00e9s dans mon quartier est un soulagement. Nous attendons des solutions aux probl\u00e8mes li\u00e9s \u00e0 ce march\u00e9 : le manque de route, les difficult\u00e9s des femmes dans leurs activit\u00e9s, et permettre aux commer\u00e7ants d\u2019occuper les diff\u00e9rents magasins actuellement occup\u00e9s par des individus. Car un march\u00e9 n\u2019est pas un logement.\u00a0\u00bb<\/p>\n<p>&nbsp;<\/p>\n<p><strong>Guineequotidien\u00a0<\/strong><\/p>\n<\/div>\n<div class=\"share-post\">\n<p>&nbsp;<\/p>\n<\/div>\n","protected":false},"excerpt":{"rendered":"<p>La Commune de Man\u00e9ah a officiellement lanc\u00e9 ce mercredi 2 septembre 2026, les activit\u00e9s de recensement des march\u00e9s, boutiques et infrastructures publiques de sa juridiction. Cette op\u00e9ration est conduite par la Direction des Finances de la Commune, en collaboration avec le Minist\u00e8re de l\u2019\u00c9conomie et des Finances. L\u2019objectif est d\u2019identifier et de recenser les 11 [&hellip;]<\/p>\n","protected":false},"author":2,"featured_media":41672,"comment_status":"closed","ping_status":"closed","sticky":false,"template":"","format":"standard","meta":{"footnotes":""},"categories":[58],"tags":[],"class_list":["post-41671","post","type-post","status-publish","format-standard","has-post-thumbnail","category-societe"],"_links":{"self":[{"href":"https:\/\/conakrynews.org\/index.php\/wp-json\/wp\/v2\/posts\/41671","targetHints":{"allow":["GET"]}}],"collection":[{"href":"https:\/\/conakrynews.org\/index.php\/wp-json\/wp\/v2\/posts"}],"about":[{"href":"https:\/\/conakrynews.org\/index.php\/wp-json\/wp\/v2\/types\/post"}],"author":[{"embeddable":true,"href":"https:\/\/conakrynews.org\/index.php\/wp-json\/wp\/v2\/users\/2"}],"replies":[{"embeddable":true,"href":"https:\/\/conakrynews.org\/index.php\/wp-json\/wp\/v2\/comments?post=41671"}],"version-history":[{"count":0,"href":"https:\/\/conakrynews.org\/index.php\/wp-json\/wp\/v2\/posts\/41671\/revisions"}],"wp:featuredmedia":[{"embeddable":true,"href":"https:\/\/conakrynews.org\/index.php\/wp-json\/wp\/v2\/media\/41672"}],"wp:attachment":[{"href":"https:\/\/conakrynews.org\/index.php\/wp-json\/wp\/v2\/media?parent=41671"}],"wp:term":[{"taxonomy":"category","embeddable":true,"href":"https:\/\/conakrynews.org\/index.php\/wp-json\/wp\/v2\/categories?post=41671"},{"taxonomy":"post_tag","embeddable":true,"href":"https:\/\/conakrynews.org\/index.php\/wp-json\/wp\/v2\/tags?post=41671"}],"curies":[{"name":"wp","href":"https:\/\/api.w.org\/{rel}","templated":true}]}}