{"id":41687,"date":"2026-09-04T09:03:37","date_gmt":"2026-09-04T09:03:37","guid":{"rendered":"https:\/\/conakrynews.org\/?p=41687"},"modified":"2026-09-04T09:05:20","modified_gmt":"2026-09-04T09:05:20","slug":"sanoyah-la-nouvelle-equipe-communale-tient-sa-premiere-session-extraordinaire","status":"publish","type":"post","link":"https:\/\/conakrynews.org\/index.php\/sanoyah-la-nouvelle-equipe-communale-tient-sa-premiere-session-extraordinaire\/","title":{"rendered":"Sanoyah : La nouvelle \u00e9quipe communale tient sa premi\u00e8re session extraordinaire"},"content":{"rendered":"<h1 class=\"name post-title entry-title\"><\/h1>\n<div class=\"clear\"><\/div>\n<div class=\"entry\">\n<p>La nouvelle \u00e9quipe communale de Sanoyah a tenu ce jeudi 3 septembre 2026 sa premi\u00e8re session extraordinaire \u00e0 la Maison des Jeunes.<\/p>\n<p>La c\u00e9r\u00e9monie a mobilis\u00e9 les conseillers communaux, les chefs de quartiers et les cadres de l\u2019administration publique venus nombreux pour cette rencontre d\u2019envergure.<\/p>\n<p>Plac\u00e9e sous l\u2019initiative du Maire, Aboubacar Sabary Cont\u00e9, cette session vise \u00e0 harmoniser les actions et impulser le d\u00e9veloppement de la commune.<\/p>\n<p>Dans son discours d\u2019ouverture, le Maire a d\u00e9clar\u00e9 :<br \/>\n\u00ab\u00a0C\u2019est avec un profond sentiment de responsabilit\u00e9 que je prends la parole \u00e0 l\u2019occasion de l\u2019ouverture de cette premi\u00e8re session de notre Conseil communal. Cette session marque le d\u00e9but d\u2019une nouvelle \u00e9tape pour notre commune, fond\u00e9e sur la responsabilit\u00e9, la transparence, la concertation et l\u2019int\u00e9r\u00eat g\u00e9n\u00e9ral.\u00a0\u00bb<\/p>\n<p>Le Maire a f\u00e9licit\u00e9 les nouveaux \u00e9lus pour leur installation et rappel\u00e9 que \u00ab\u00a0notre mandat ne doit pas \u00eatre consid\u00e9r\u00e9 comme un privil\u00e8ge, mais comme un engagement au service de la population. Nous devons travailler dans un esprit d\u2019\u00e9quipe.\u00a0\u00bb<\/p>\n<p>Il a \u00e9galement adress\u00e9 ses remerciements au Pr\u00e9sident de la R\u00e9publique, le G\u00e9n\u00e9ral Mamadi Doumbouya, pour les efforts de refondation et de d\u00e9veloppement en faveur des collectivit\u00e9s. Il a enfin salu\u00e9 le soutien de Madame le Gouverneur de la Ville de Conakry aux communes de la capitale.<\/p>\n<p>\u00c0 l\u2019ordre du jour de cette session extraordinaire :<br \/>\n1. Adoption du R\u00e8glement int\u00e9rieur du Conseil<br \/>\n2. Validation des commissions techniques de travail<br \/>\n3. Validation du budget r\u00e9am\u00e9nag\u00e9, exercice 2026<br \/>\n4. Cr\u00e9ation d\u2019un service administratif et nomination d\u2019un Chef de service et de son adjoint<br \/>\n5. R\u00e9organisation de l\u2019administration des march\u00e9s<br \/>\n6. Cr\u00e9ation d\u2019une brigade d\u2019hygi\u00e8ne et de salubrit\u00e9 publique<\/p>\n<p>\u00ab\u00a0Le r\u00e8glement int\u00e9rieur est un instrument fondamental. Il doit permettre d\u2019organiser efficacement nos travaux et de pr\u00e9ciser les r\u00e8gles de conduite de nos sessions\u00a0\u00bb, a ajout\u00e9 le Maire.<\/p>\n<p>Prenant la parole au nom de Madame le Gouverneur, sa repr\u00e9sentante a transmis \u00ab\u00a0les salutations les plus distingu\u00e9es\u00a0\u00bb et r\u00e9affirm\u00e9 \u00ab\u00a0l\u2019engagement de la Gouvernance aux c\u00f4t\u00e9s du Conseil communal pour que ce mandat soit plac\u00e9 sous le signe de la responsabilit\u00e9, de l\u2019efficacit\u00e9 et de la redevabilit\u00e9 envers la population.\u00a0\u00bb<\/p>\n<p>Elle a conclu que cette session \u00ab\u00a0marque le d\u00e9but d\u2019un travail structur\u00e9 qui n\u00e9cessite la participation de chacun pour r\u00e9pondre aux pr\u00e9occupations des citoyens de Sanoyah.\u00a0\u00bb<\/p>\n<p>&nbsp;<\/p>\n<p><strong>Guineequotidien\u00a0<\/strong><\/p>\n<\/div>\n<div class=\"share-post\">\n<p>&nbsp;<\/p>\n<\/div>\n","protected":false},"excerpt":{"rendered":"<p>La nouvelle \u00e9quipe communale de Sanoyah a tenu ce jeudi 3 septembre 2026 sa premi\u00e8re session extraordinaire \u00e0 la Maison des Jeunes. La c\u00e9r\u00e9monie a mobilis\u00e9 les conseillers communaux, les chefs de quartiers et les cadres de l\u2019administration publique venus nombreux pour cette rencontre d\u2019envergure. Plac\u00e9e sous l\u2019initiative du Maire, Aboubacar Sabary Cont\u00e9, cette session [&hellip;]<\/p>\n","protected":false},"author":2,"featured_media":41688,"comment_status":"closed","ping_status":"closed","sticky":false,"template":"","format":"standard","meta":{"footnotes":""},"categories":[58],"tags":[],"class_list":["post-41687","post","type-post","status-publish","format-standard","has-post-thumbnail","category-societe"],"_links":{"self":[{"href":"https:\/\/conakrynews.org\/index.php\/wp-json\/wp\/v2\/posts\/41687","targetHints":{"allow":["GET"]}}],"collection":[{"href":"https:\/\/conakrynews.org\/index.php\/wp-json\/wp\/v2\/posts"}],"about":[{"href":"https:\/\/conakrynews.org\/index.php\/wp-json\/wp\/v2\/types\/post"}],"author":[{"embeddable":true,"href":"https:\/\/conakrynews.org\/index.php\/wp-json\/wp\/v2\/users\/2"}],"replies":[{"embeddable":true,"href":"https:\/\/conakrynews.org\/index.php\/wp-json\/wp\/v2\/comments?post=41687"}],"version-history":[{"count":0,"href":"https:\/\/conakrynews.org\/index.php\/wp-json\/wp\/v2\/posts\/41687\/revisions"}],"wp:featuredmedia":[{"embeddable":true,"href":"https:\/\/conakrynews.org\/index.php\/wp-json\/wp\/v2\/media\/41688"}],"wp:attachment":[{"href":"https:\/\/conakrynews.org\/index.php\/wp-json\/wp\/v2\/media?parent=41687"}],"wp:term":[{"taxonomy":"category","embeddable":true,"href":"https:\/\/conakrynews.org\/index.php\/wp-json\/wp\/v2\/categories?post=41687"},{"taxonomy":"post_tag","embeddable":true,"href":"https:\/\/conakrynews.org\/index.php\/wp-json\/wp\/v2\/tags?post=41687"}],"curies":[{"name":"wp","href":"https:\/\/api.w.org\/{rel}","templated":true}]}}